{"id":31926,"date":"2023-05-17T14:01:45","date_gmt":"2023-05-17T17:01:45","guid":{"rendered":"https:\/\/www.ilheusnoticias.net.br\/v1\/?p=31926"},"modified":"2023-05-17T14:01:45","modified_gmt":"2023-05-17T17:01:45","slug":"estado-promove-encontro-de-capacitacao-e-escuta-para-coordenadores-pedagogicos-de-toda-a-bahia","status":"publish","type":"post","link":"https:\/\/www.ilheusnoticias.net.br\/v1\/2023\/05\/17\/estado-promove-encontro-de-capacitacao-e-escuta-para-coordenadores-pedagogicos-de-toda-a-bahia\/","title":{"rendered":"Estado promove encontro de capacita\u00e7\u00e3o e escuta para coordenadores pedag\u00f3gicos de toda a Bahia"},"content":{"rendered":"<div class=\"PostHeaderIcons metadata-icons\"><\/div>\n<div class=\"PostContent\">\n<p><img src=\"http:\/\/www.blogdothame.blog.br\/v1\/wp-content\/uploads\/2023\/05\/encontro-coordenadores.-Foto-Feijao-Almeida6.jpeg\" \/><\/p>\n<p>Coordenadores pedag\u00f3gicos dos 417 munic\u00edpios baianos participam do Encontro \u2018Di\u00e1logo com Coordenadores Pedag\u00f3gicos da Rede P\u00fablica de Ensino do Estado da Bahia\u2019. O evento, aberto nesta ter\u00e7a-feira (16), no Hotel Fiesta, em Salvador, re\u00fane cerca de mil gestores da educa\u00e7\u00e3o, para uma jornada de tr\u00eas dias, ap\u00f3s tr\u00eas anos de pandemia da Covid-19, para atividades de capacita\u00e7\u00e3o e realiza\u00e7\u00e3o de escuta ativa das necessidades da educa\u00e7\u00e3o nos munic\u00edpios e territ\u00f3rios de identidade.<\/p>\n<p>Para o governador Jer\u00f4nimo Rodrigues, o encontro, direcionado a um p\u00fablico estrat\u00e9gico, tem o objetivo de valorizar a coordena\u00e7\u00e3o pedag\u00f3gica da rede estadual e incentivar a forma\u00e7\u00e3o continuada dos gestores da educa\u00e7\u00e3o. \u201cEstamos preparando o ambiente para uma aprendizagem de qualidade. Temos um p\u00fablico estrat\u00e9gico aqui hoje, muito qualificado, que s\u00e3o as coordena\u00e7\u00f5es pedag\u00f3gicas das escolas. S\u00e3o as lapidadoras do processo de aprendizagem. Esse evento \u00e9 de capacita\u00e7\u00e3o e forma\u00e7\u00e3o, mas tamb\u00e9m de valoriza\u00e7\u00e3o desses profissionais\u201d, frisou.<\/p>\n<p><img src=\"http:\/\/www.blogdothame.blog.br\/v1\/wp-content\/uploads\/2023\/05\/encontro-coordenadores.-Foto-Feijao-Almeida9.jpeg\" \/><\/p>\n<p>A secret\u00e1ria Estadual da Educa\u00e7\u00e3o, Ad\u00e9lia Pinheiro, destacou o lugar do di\u00e1logo e do alinhamento do trabalho que ser\u00e1 realizado na educa\u00e7\u00e3o nos pr\u00f3ximos quatro anos. \u201c\u00c9 um espa\u00e7o para conhecer as expectativas e trocar conhecimento. Hoje discutimos o processo de trabalho que estamos implantando, que \u00e9 gest\u00e3o de aprendizagem continuada, utilizando ferramentas de diagn\u00f3stico do processo de constru\u00e7\u00e3o de aprendizagem dos estudantes e dando ferramentas aos coordenadores para que planejem, junto com os professores, os melhores caminhos\u201d, explicou.<\/p>\n<\/div>\n","protected":false},"excerpt":{"rendered":"<p>Coordenadores pedag\u00f3gicos dos 417 munic\u00edpios baianos participam do Encontro \u2018Di\u00e1logo com Coordenadores Pedag\u00f3gicos da Rede P\u00fablica de Ensino do Estado da Bahia\u2019. O evento, aberto nesta ter\u00e7a-feira (16), no Hotel Fiesta, em Salvador, re\u00fane cerca de mil gestores da educa\u00e7\u00e3o, para uma jornada de tr\u00eas dias, ap\u00f3s tr\u00eas anos de pandemia da Covid-19, para atividades [&hellip;]<\/p>\n","protected":false},"author":2,"featured_media":0,"comment_status":"open","ping_status":"open","sticky":false,"template":"","format":"standard","meta":{"_links_to":"","_links_to_target":""},"categories":[1],"tags":[],"_links":{"self":[{"href":"https:\/\/www.ilheusnoticias.net.br\/v1\/wp-json\/wp\/v2\/posts\/31926"}],"collection":[{"href":"https:\/\/www.ilheusnoticias.net.br\/v1\/wp-json\/wp\/v2\/posts"}],"about":[{"href":"https:\/\/www.ilheusnoticias.net.br\/v1\/wp-json\/wp\/v2\/types\/post"}],"author":[{"embeddable":true,"href":"https:\/\/www.ilheusnoticias.net.br\/v1\/wp-json\/wp\/v2\/users\/2"}],"replies":[{"embeddable":true,"href":"https:\/\/www.ilheusnoticias.net.br\/v1\/wp-json\/wp\/v2\/comments?post=31926"}],"version-history":[{"count":1,"href":"https:\/\/www.ilheusnoticias.net.br\/v1\/wp-json\/wp\/v2\/posts\/31926\/revisions"}],"predecessor-version":[{"id":31927,"href":"https:\/\/www.ilheusnoticias.net.br\/v1\/wp-json\/wp\/v2\/posts\/31926\/revisions\/31927"}],"wp:attachment":[{"href":"https:\/\/www.ilheusnoticias.net.br\/v1\/wp-json\/wp\/v2\/media?parent=31926"}],"wp:term":[{"taxonomy":"category","embeddable":true,"href":"https:\/\/www.ilheusnoticias.net.br\/v1\/wp-json\/wp\/v2\/categories?post=31926"},{"taxonomy":"post_tag","embeddable":true,"href":"https:\/\/www.ilheusnoticias.net.br\/v1\/wp-json\/wp\/v2\/tags?post=31926"}],"curies":[{"name":"wp","href":"https:\/\/api.w.org\/{rel}","templated":true}]}}