{"id":31924,"date":"2023-05-17T13:59:05","date_gmt":"2023-05-17T16:59:05","guid":{"rendered":"https:\/\/www.ilheusnoticias.net.br\/v1\/?p=31924"},"modified":"2023-05-17T13:59:05","modified_gmt":"2023-05-17T16:59:05","slug":"ilheus-ganha-nova-unidade-do-centro-de-distribuicao-dos-correios","status":"publish","type":"post","link":"https:\/\/www.ilheusnoticias.net.br\/v1\/2023\/05\/17\/ilheus-ganha-nova-unidade-do-centro-de-distribuicao-dos-correios\/","title":{"rendered":"Ilh\u00e9us ganha nova unidade do Centro de Distribui\u00e7\u00e3o dos Correios"},"content":{"rendered":"<div class=\"imagem thumbnail col-xs-12 col-sm-8 col-md-6 col-lg-6 imagem-materia\"><a class=\"fresco\" title=\"\" href=\"https:\/\/portalfacilarquivos.blob.core.windows.net\/uploads\/ILHEUS\/imgOrig\/%7BDB1BCBBD-12A1-8BDE-747A-0BC6A2AC17E7%7D.jpg\" data-fresco-caption=\"\"><img loading=\"lazy\" title=\"\" src=\"https:\/\/portalfacilarquivos.blob.core.windows.net\/uploads\/ILHEUS\/img\/%7BDB1BCBBD-12A1-8BDE-747A-0BC6A2AC17E7%7D\/%7BDB1BCBBD-12A1-8BDE-747A-0BC6A2AC17E7%7D_650X450.jpg\" alt=\"correios\" width=\"650\" height=\"450\" \/><\/a><\/div>\n<div class=\"imagem thumbnail col-xs-12 col-sm-8 col-md-6 col-lg-6 imagem-materia\">A popula\u00e7\u00e3o de Ilh\u00e9us j\u00e1 conta com mais uma unidade do Centro de Distribui\u00e7\u00e3o Domiciliar (CDD) dos Correios. Inaugurado na \u00faltima ter\u00e7a-feira (16), o espa\u00e7o visa ampliar a log\u00edstica e descentralizar os servi\u00e7os prestados pela empresa na cidade. O centro de distribui\u00e7\u00e3o est\u00e1 localizado na Avenida Oduvaldo Evaristo Bacelar, no bairro Nossa Senhora da Vit\u00f3ria. A estrutura f\u00edsica do novo CDD tamb\u00e9m disp\u00f5e de \u00e1rea maior para armazenagem de encomendas.<\/div>\n<p>Conforme a ger\u00eancia local, a retirada dos pedidos\u00a0continuar\u00e1 sendo realizada na Ag\u00eancia dos Correios, situada na Rua Marqu\u00eas de Paranagu\u00e1, no Centro.\u00a0A mudan\u00e7a\u00a0n\u00e3o compromete a din\u00e2mica de entrega e a retirada de encomendas, mas potencializa a capacidade da empresa em atender a demanda no munic\u00edpio.<\/p>\n<p>O prefeito M\u00e1rio Alexandre destacou que o novo centro representa um grande avan\u00e7o na presta\u00e7\u00e3o de servi\u00e7os postais.\u00a0Em 2019, por meio do empenho da atual gest\u00e3o, os Correios atualizaram o cadastro de logradouros, pra\u00e7as e a numera\u00e7\u00e3o do C\u00f3digo de Endere\u00e7amento Postal (CEP) em toda malha urbana, conforme estabelecido na Lei n\u00ba 4.024\/2019.<\/p>\n<p>O resultado foi alcan\u00e7ado gra\u00e7as \u00e0 iniciativa da Prefeitura, com apoio do Instituto Brasileiro de Geografia e Estat\u00edstica (IBGE).<\/p>\n","protected":false},"excerpt":{"rendered":"<p>A popula\u00e7\u00e3o de Ilh\u00e9us j\u00e1 conta com mais uma unidade do Centro de Distribui\u00e7\u00e3o Domiciliar (CDD) dos Correios. Inaugurado na \u00faltima ter\u00e7a-feira (16), o espa\u00e7o visa ampliar a log\u00edstica e descentralizar os servi\u00e7os prestados pela empresa na cidade. O centro de distribui\u00e7\u00e3o est\u00e1 localizado na Avenida Oduvaldo Evaristo Bacelar, no bairro Nossa Senhora da Vit\u00f3ria. [&hellip;]<\/p>\n","protected":false},"author":2,"featured_media":0,"comment_status":"open","ping_status":"open","sticky":false,"template":"","format":"standard","meta":{"_links_to":"","_links_to_target":""},"categories":[1],"tags":[],"_links":{"self":[{"href":"https:\/\/www.ilheusnoticias.net.br\/v1\/wp-json\/wp\/v2\/posts\/31924"}],"collection":[{"href":"https:\/\/www.ilheusnoticias.net.br\/v1\/wp-json\/wp\/v2\/posts"}],"about":[{"href":"https:\/\/www.ilheusnoticias.net.br\/v1\/wp-json\/wp\/v2\/types\/post"}],"author":[{"embeddable":true,"href":"https:\/\/www.ilheusnoticias.net.br\/v1\/wp-json\/wp\/v2\/users\/2"}],"replies":[{"embeddable":true,"href":"https:\/\/www.ilheusnoticias.net.br\/v1\/wp-json\/wp\/v2\/comments?post=31924"}],"version-history":[{"count":1,"href":"https:\/\/www.ilheusnoticias.net.br\/v1\/wp-json\/wp\/v2\/posts\/31924\/revisions"}],"predecessor-version":[{"id":31925,"href":"https:\/\/www.ilheusnoticias.net.br\/v1\/wp-json\/wp\/v2\/posts\/31924\/revisions\/31925"}],"wp:attachment":[{"href":"https:\/\/www.ilheusnoticias.net.br\/v1\/wp-json\/wp\/v2\/media?parent=31924"}],"wp:term":[{"taxonomy":"category","embeddable":true,"href":"https:\/\/www.ilheusnoticias.net.br\/v1\/wp-json\/wp\/v2\/categories?post=31924"},{"taxonomy":"post_tag","embeddable":true,"href":"https:\/\/www.ilheusnoticias.net.br\/v1\/wp-json\/wp\/v2\/tags?post=31924"}],"curies":[{"name":"wp","href":"https:\/\/api.w.org\/{rel}","templated":true}]}}