{"id":31918,"date":"2023-05-16T07:49:56","date_gmt":"2023-05-16T10:49:56","guid":{"rendered":"https:\/\/www.ilheusnoticias.net.br\/v1\/?p=31918"},"modified":"2023-05-16T07:49:56","modified_gmt":"2023-05-16T10:49:56","slug":"vereador-kaique-souza-solicita-para-ilheus-e-todo-sul-da-bahia-a-realizacao-de-cirurgias-otorrinolaringologia-pelo-sus","status":"publish","type":"post","link":"https:\/\/www.ilheusnoticias.net.br\/v1\/2023\/05\/16\/vereador-kaique-souza-solicita-para-ilheus-e-todo-sul-da-bahia-a-realizacao-de-cirurgias-otorrinolaringologia-pelo-sus\/","title":{"rendered":"Vereador Kaique Souza solicita para Ilh\u00e9us e todo sul da Bahia a realiza\u00e7\u00e3o de cirurgias otorrinolaringologia pelo SUS"},"content":{"rendered":"<p><img loading=\"lazy\" class=\"alignnone size-full wp-image-31604\" src=\"https:\/\/www.ilheusnoticias.net.br\/v1\/wp-content\/uploads\/2023\/04\/6CCCE77C-646B-4F80-986F-FCF5691326FA.jpeg\" alt=\"\" width=\"600\" height=\"797\" srcset=\"https:\/\/www.ilheusnoticias.net.br\/v1\/wp-content\/uploads\/2023\/04\/6CCCE77C-646B-4F80-986F-FCF5691326FA.jpeg 600w, https:\/\/www.ilheusnoticias.net.br\/v1\/wp-content\/uploads\/2023\/04\/6CCCE77C-646B-4F80-986F-FCF5691326FA-226x300.jpeg 226w\" sizes=\"(max-width: 600px) 100vw, 600px\" \/><\/p>\n<p style=\"text-align: center;\">Depois de vivenciar e acompanhar uma grande demanda de pessoas, adultas, adolescentes e crian\u00e7as que necessitam de cirurgias na \u00e1rea de otorrinolaringologista em Ilh\u00e9us e v\u00e1rias cidade do sul da Bahia, e, sabedor que temos em Ilh\u00e9us Hospitais de ponta que comportam essas cirurgias como o Hospital o Materno Infantil e Hospital Costa do Cacau, O Vereador Kaique Souza reuniu-se com profissionais da \u00e1rea, que j\u00e1 fazem estas cirurgias fora do SUS, com o objetivo de implantar nestes hospitais 17 cirurgias pelo SUS. Participaram da reuni\u00e3o e elabora\u00e7\u00e3o do Projeto os m\u00e9dicos: Dr, Igor Lucena, Guilherme Henrique Mitikami Fen\u00f3lio e Ina\u00ea Mattoldo Compagnoni onde foi elaborado &#8220;O PROJETO SUL DE OTORRINOLARINGOLOGISTA PELO SUS.<\/p>\n<p><!--more--><\/p>\n<p>De imediato o Vereador Kaique Souza, apresentou \u00e0 C\u00e2mara Municipal de Ilh\u00e9us, atrav\u00e9s do requerimento, numero 271, que foi aprovado por unanidada de dos seus pares e solicitou que<br \/>\n&#8220;visando interesse a coletividade, vem, por meio deste, requerer \u00e0 mesa que esta Casa envie um of\u00edcio solicitando a Secretaria Estadual de Sa\u00fade, ao Secret\u00e1rio Municipal de Sa\u00fade e ao Deputado Federal, Jorge Solla e a Deputada Estadual Soane Galv\u00e3o. Desta Kaique, que estes servi\u00e7os ser\u00e3o implantados para atendimento a popula\u00e7\u00e3o do sul da Bahia, dentro especialidade de Otorrinolaringologia do SUS, ofertando 17 cirurgias e atendimento em n\u00edvel secund\u00e1rio\/terci\u00e1rio, utilizando da estrutura hospitalar do Regional Costa do Cacau (adultos) na unidade Hospitalar Materno Infantil DR. Joaquim Sampaio em Ilh\u00e9us.<\/p>\n<p>Kaique Souza atentou para a necessidade de atendermos o que manda a Constitui\u00e7\u00e3o Federal, bem como destacou que &#8220;a implanta\u00e7\u00e3o desses atendimentos e cirurgias que atualmente s\u00e3o feitos somente em Salvador e Feira de Santana, reduzir\u00e1 o tempo de espera de regula\u00e7\u00e3o para o servi\u00e7o p\u00fablico, al\u00e9m de custo de transportes e outras demandas necess\u00e1rias para o translado. Saliente-Se que, com estes servi\u00e7o ser\u00e3o realizados cirurgias: Adenoidectomia, amigdalectomia, tubo de ventila\u00e7\u00e3o timp\u00e2nico, septoplastia, turbinectomia, cirurgia endonasal, microcirurgia de laringe, timpanoplastia, mastoidectomia, faringoplastia, coloboma aureus, traqueostomia, supraglotoplastia, bi\u00f3psia da laringe, bi\u00f3psia nasal, bi\u00f3psia de ouvido&#8221; pontuou o Vereador.<\/p>\n<p>Um outro ponto que o Vereador fez quest\u00e3o de destacar \u00e9 que: &#8220;essas cirurgias s\u00e3o necess\u00e1rias constantemente, com grande demanda para crian\u00e7as adolescentes e adultos que dista em: hipertrofia de am\u00edgdala e adenoide, desvio de septo, coloboma, ronco, apneia do sono, perfura\u00e7\u00e3o timp\u00e2nica, otite m\u00e9dia cr\u00f4nica, sinusite cr\u00f4nica, tumores nasais, tumores de laringe, estenose subgl\u00f3tica, laringomal\u00e1cia, tumores de ouvido e conduto auditivo, paralisia de prega vocal, dentre outras.<\/p>\n<p>Com esta medida estaremos expandindo o servi\u00e7o de sa\u00fade na nossa rede hospitalar, bem como<br \/>\ngarantindo o direito Constitucional e humanit\u00e1rio&#8221; enfatiza Kaique Souza. Uma audi\u00eancia entre o Vereador, a Deputada Estaduais e Federal e a Secret\u00e1ria de Sa\u00fade da Bahia est\u00e1 sendo agendada para reivindica\u00e7\u00e3o desses servi\u00e7os e apresenta\u00e7\u00e3o deste Projeto, extremamente lapidado, onde , pontuaremos que temos profissionais especializados na \u00e1rea bem como, Hospitais aptos a receber esta demanda t\u00e3o necess\u00e1ria&#8221;, concluiu o Vereador.<\/p>\n","protected":false},"excerpt":{"rendered":"<p>Depois de vivenciar e acompanhar uma grande demanda de pessoas, adultas, adolescentes e crian\u00e7as que necessitam de cirurgias na \u00e1rea de otorrinolaringologista em Ilh\u00e9us e v\u00e1rias cidade do sul da Bahia, e, sabedor que temos em Ilh\u00e9us Hospitais de ponta que comportam essas cirurgias como o Hospital o Materno Infantil e Hospital Costa do Cacau, [&hellip;]<\/p>\n","protected":false},"author":2,"featured_media":0,"comment_status":"open","ping_status":"open","sticky":false,"template":"","format":"standard","meta":{"_links_to":"","_links_to_target":""},"categories":[1],"tags":[],"_links":{"self":[{"href":"https:\/\/www.ilheusnoticias.net.br\/v1\/wp-json\/wp\/v2\/posts\/31918"}],"collection":[{"href":"https:\/\/www.ilheusnoticias.net.br\/v1\/wp-json\/wp\/v2\/posts"}],"about":[{"href":"https:\/\/www.ilheusnoticias.net.br\/v1\/wp-json\/wp\/v2\/types\/post"}],"author":[{"embeddable":true,"href":"https:\/\/www.ilheusnoticias.net.br\/v1\/wp-json\/wp\/v2\/users\/2"}],"replies":[{"embeddable":true,"href":"https:\/\/www.ilheusnoticias.net.br\/v1\/wp-json\/wp\/v2\/comments?post=31918"}],"version-history":[{"count":1,"href":"https:\/\/www.ilheusnoticias.net.br\/v1\/wp-json\/wp\/v2\/posts\/31918\/revisions"}],"predecessor-version":[{"id":31919,"href":"https:\/\/www.ilheusnoticias.net.br\/v1\/wp-json\/wp\/v2\/posts\/31918\/revisions\/31919"}],"wp:attachment":[{"href":"https:\/\/www.ilheusnoticias.net.br\/v1\/wp-json\/wp\/v2\/media?parent=31918"}],"wp:term":[{"taxonomy":"category","embeddable":true,"href":"https:\/\/www.ilheusnoticias.net.br\/v1\/wp-json\/wp\/v2\/categories?post=31918"},{"taxonomy":"post_tag","embeddable":true,"href":"https:\/\/www.ilheusnoticias.net.br\/v1\/wp-json\/wp\/v2\/tags?post=31918"}],"curies":[{"name":"wp","href":"https:\/\/api.w.org\/{rel}","templated":true}]}}