{"id":31912,"date":"2023-05-16T05:45:00","date_gmt":"2023-05-16T08:45:00","guid":{"rendered":"https:\/\/www.ilheusnoticias.net.br\/v1\/?p=31912"},"modified":"2023-05-16T05:45:00","modified_gmt":"2023-05-16T08:45:00","slug":"leia-e-entenda-aqui-o-significa-as-medida-para-sua-vida-relator-confirma-votacao-da-urgencia-do-arcabouco-fiscal-na-quarta-e-inclusao-de-gatilhos","status":"publish","type":"post","link":"https:\/\/www.ilheusnoticias.net.br\/v1\/2023\/05\/16\/leia-e-entenda-aqui-o-significa-as-medida-para-sua-vida-relator-confirma-votacao-da-urgencia-do-arcabouco-fiscal-na-quarta-e-inclusao-de-gatilhos\/","title":{"rendered":"Leia e entenda aqui, o significa as medida para sua vida: Relator confirma vota\u00e7\u00e3o da urg\u00eancia do arcabou\u00e7o fiscal na quarta e inclus\u00e3o de gatilhos"},"content":{"rendered":"<div class=\"row content-head non-featured \">\n<div class=\"title\" data-block-type=\"title\" data-block-id=\"0\"><\/div>\n<div class=\"medium-centered subtitle\"><\/div>\n<\/div>\n<div class=\"content__signa-share\">\n<div class=\"content__signature\">\n<div class=\"content-publication-data\">\n<div class=\"content-publication-data__text\">\n<p class=\"content-publication-data__updated\"><time datetime=\"2023-05-16T03:10:41.088Z\"><time datetime=\"2023-05-16T03:10:41.088Z\"><\/time><\/time><img class=\"content-video__placeholder__thumb\" title=\"Relator da nova regra fiscal diz que sal\u00e1rio m\u00ednimo e Bolsa Fam\u00edlia ser\u00e3o preservados.\" src=\"https:\/\/s03.video.glbimg.com\/x240\/11620206.jpg\" alt=\"Relator da nova regra fiscal diz que sal\u00e1rio m\u00ednimo e Bolsa Fam\u00edlia ser\u00e3o preservados.\" \/><\/p>\n<\/div>\n<\/div>\n<\/div>\n<\/div>\n<div class=\"mc-article-body\">\n<article>\n<div id=\"chunk-8252c\">\n<div class=\"bs-video-block mc-column  content-media content-video\" data-block-type=\"backstage-video\" data-block-id=\"1\">\n<div class=\"content-media__container\">\n<p class=\"content-media__description\">Relator da nova regra fiscal diz que sal\u00e1rio m\u00ednimo e Bolsa Fam\u00edlia ser\u00e3o preservados.<\/p>\n<\/div>\n<\/div>\n<\/div>\n<div id=\"chunk-c8e86\">\n<div class=\"mc-column mc-side-item__container\" data-block-type=\"ads\" data-block-id=\"2\">\n<div class=\"mc-side-item mc-side-item--right content-ads content-ads--side-ad\">\n<div id=\"banner_materia1\" class=\"tag-manager-publicidade-container tag-manager-publicidade-banner_materia1 tag-manager-publicidade-container--carregado tag-manager-publicidade-container--visivel\" data-google-query-id=\"CNystrq4-f4CFWpQuAQdKG4Gpg\">\n<div id=\"google_ads_iframe_\/95377733\/tvg_G1\/Politica_0__container__\">O relator do novo arcabou\u00e7o fiscal na C\u00e2mara, Cl\u00e1udio Cajado (PP-BA), afirmou nesta segunda-feira (15) que o presidente da Casa, Arthur Lira (PP-AL), deve pautar um requerimento de urg\u00eancia para acelerar o andamento do texto na quarta (17). Cajado tamb\u00e9m confirmou que a nova vers\u00e3o da proposta ter\u00e1 gatilhos e san\u00e7\u00f5es para o n\u00e3o cumprimento de metas fiscais.<\/div>\n<\/div>\n<\/div>\n<\/div>\n<\/div>\n<div class=\"wall protected-content\">\n<div id=\"chunk-6521a\">\n<div class=\"mc-column content-text active-extra-styles \" data-block-type=\"unstyled\" data-block-weight=\"23\" data-block-id=\"4\">\n<p class=\"content-text__container \" data-track-category=\"Link no Texto\" data-track-links=\"\">Cajado deu a declara\u00e7\u00e3o ao deixar uma\u00a0<a class=\"\" href=\"https:\/\/g1.globo.com\/politica\/noticia\/2023\/05\/15\/lira-reune-haddad-relator-e-lideres-partidarios-para-apresentacao-de-novo-arcabouco-fiscal.ghtml\">reuni\u00e3o com Lira, l\u00edderes partid\u00e1rios e o ministro da Fazenda, Fernando Haddad, para discutir a proposta<\/a>.<\/p>\n<\/div>\n<\/div>\n<div id=\"chunk-c27d\">\n<div class=\"mc-column content-text active-extra-styles \" data-block-type=\"unstyled\" data-block-weight=\"18\" data-block-id=\"5\">\n<p class=\"content-text__container \" data-track-category=\"Link no Texto\" data-track-links=\"\">&#8220;O presidente Arthur [Lira] vai colocar em urg\u00eancia na quarta-feira. Para votarmos [o m\u00e9rito] na pr\u00f3xima quarta&#8221;, disse.<\/p>\n<\/div>\n<\/div>\n<div id=\"chunk-fnj0e\">\n<div class=\"mc-column content-text active-extra-styles \" data-block-type=\"unstyled\" data-block-weight=\"20\" data-block-id=\"6\">\n<p class=\"content-text__container \" data-track-category=\"Link no Texto\" data-track-links=\"\">O requerimento de urg\u00eancia acelera a vota\u00e7\u00e3o da mat\u00e9ria e permite que o texto seja votado diretamente em plen\u00e1rio.<\/p>\n<\/div>\n<\/div>\n<div id=\"chunk-ekkhv\">\n<div class=\"mc-column content-text active-extra-styles \" data-block-type=\"unstyled\" data-block-weight=\"15\" data-block-id=\"8\">\n<p class=\"content-text__container \" data-track-category=\"Link no Texto\" data-track-links=\"\">Segundo Cajado, os l\u00edderes formularam um texto que \u00e9 o &#8220;consenso&#8221; da &#8220;unanimidade dos parlamentares&#8221;.<\/p>\n<\/div>\n<\/div>\n<div id=\"chunk-39ev5\">\n<div class=\"mc-column content-text active-extra-styles \" data-block-type=\"unstyled\" data-block-weight=\"21\" data-block-id=\"9\">\n<p class=\"content-text__container \" data-track-category=\"Link no Texto\" data-track-links=\"\">&#8220;Esse texto ser\u00e1 disponibilizado para que todos tenham conhecimento, e n\u00f3s possamos fazer uma nova rodada de visita\u00e7\u00e3o \u00e0s bancadas&#8221;, afirmou.<\/p>\n<\/div>\n<\/div>\n<div id=\"chunk-3ak08\">\n<div class=\"mc-column content-text active-extra-styles \" data-block-type=\"unstyled\" data-block-weight=\"34\" data-block-id=\"10\">\n<p class=\"content-text__container \" data-track-category=\"Link no Texto\" data-track-links=\"\">Entre os pontos acordados, de acordo com o relator, est\u00e3o o bloqueio tempor\u00e1rio de verbas or\u00e7ament\u00e1rias e a proibi\u00e7\u00e3o de reajuste de sal\u00e1rio de servidores em caso de descumprimento de meta (veja mais abaixo).<\/p>\n<\/div>\n<\/div>\n<div id=\"chunk-4r5aa\">\n<div class=\"mc-column content-text active-extra-styles \" data-block-type=\"unstyled\" data-block-weight=\"33\" data-block-id=\"11\">\n<p class=\"content-text__container \" data-track-category=\"Link no Texto\" data-track-links=\"\">O\u00a0<a class=\"\" href=\"https:\/\/g1.globo.com\/economia\/noticia\/2023\/03\/30\/o-que-e-o-arcabouco-fiscal.ghtml\">novo arcabou\u00e7o<\/a> foi enviado pelo governo ao Congresso em abril e substitui o atual teto de gastos, um mecanismo que limita o crescimento de grande parte das despesas da Uni\u00e3o \u00e0 infla\u00e7\u00e3o.<\/p>\n<\/div>\n<\/div>\n<div class=\"mc-column content-text active-extra-styles\" data-block-type=\"raw\" data-block-weight=\"1\" data-block-id=\"12\">\n<div class=\"content-intertitle\">\n<h2>Gatilhos<\/h2>\n<\/div>\n<\/div>\n<div id=\"chunk-9h7ou\">\n<div class=\"mc-column content-text active-extra-styles \" data-block-type=\"unstyled\" data-block-weight=\"39\" data-block-id=\"13\">\n<p class=\"content-text__container \" data-track-category=\"Link no Texto\" data-track-links=\"\">Originalmente, o texto do arcabou\u00e7o fiscal estabelece, em linhas gerais, que, a cada ano, o crescimento m\u00e1ximo dos gastos p\u00fablicos seja de 70% do crescimento da receita prim\u00e1ria \u2014 ou seja, da arrecada\u00e7\u00e3o do governo com impostos e transfer\u00eancias.<\/p>\n<\/div>\n<\/div>\n<div id=\"chunk-baic3\">\n<div class=\"mc-column content-text active-extra-styles \" data-block-type=\"unstyled\" data-block-weight=\"33\" data-block-id=\"14\">\n<p class=\"content-text__container \" data-track-category=\"Link no Texto\" data-track-links=\"\">Ainda que a arrecada\u00e7\u00e3o aumente consideravelmente, o governo tamb\u00e9m ter\u00e1 que respeitar um intervalo fixo para o crescimento real das despesas, entre 0,6% e 2,5% de crescimento real (desconsiderada a infla\u00e7\u00e3o do per\u00edodo).<\/p>\n<\/div>\n<\/div>\n<div id=\"chunk-d6u77\">\n<div class=\"mc-column content-text active-extra-styles \" data-block-type=\"unstyled\" data-block-weight=\"39\" data-block-id=\"15\">\n<p class=\"content-text__container \" data-track-category=\"Link no Texto\" data-track-links=\"\">Cajado, no entanto, indicou nas \u00faltimas semanas que pretendia fazer altera\u00e7\u00f5es. Nesta segunda, o relator confirmou dois &#8220;gatilhos&#8221; \u2014 dispositivos que s\u00e3o disparados e que obrigam a conten\u00e7\u00e3o de despesas sempre que os gastos do governo ultrapassam certos limites.<\/p>\n<\/div>\n<\/div>\n<div id=\"chunk-b2k1s\">\n<div class=\"mc-column content-text active-extra-styles \" data-block-type=\"unstyled\" data-block-weight=\"14\" data-block-id=\"17\">\n<p class=\"content-text__container \" data-track-category=\"Link no Texto\" data-track-links=\"\">&#8220;Estamos colocando alguns\u00a0<em>&#8216;enforcements&#8217;,<\/em> que s\u00e3o algumas san\u00e7\u00f5es, pelo n\u00e3o atingimento das metas&#8221;, disse.<\/p>\n<\/div>\n<\/div>\n<div class=\"mc-column content-text active-extra-styles\" data-block-type=\"raw\" data-block-weight=\"3\" data-block-id=\"18\">\n<ul class=\"content-unordered-list\">\n<li><strong>Bloqueio do Or\u00e7amento<\/strong><\/li>\n<\/ul>\n<\/div>\n<div id=\"chunk-ekrh2\">\n<div class=\"mc-column content-text active-extra-styles \" data-block-type=\"unstyled\" data-block-weight=\"28\" data-block-id=\"19\">\n<p class=\"content-text__container \" data-track-category=\"Link no Texto\" data-track-links=\"\">Segundo ele, um dos gatilhos \u00e9 o contingenciamento (bloqueio tempor\u00e1rio) de Or\u00e7amento para cumprir a meta. Ser\u00e1 feito com base nas avalia\u00e7\u00f5es bimestrais de receitas e despesas.<\/p>\n<\/div>\n<\/div>\n<div id=\"chunk-2mpi2\">\n<div class=\"mc-column content-text active-extra-styles \" data-block-type=\"unstyled\" data-block-weight=\"36\" data-block-id=\"20\">\n<p class=\"content-text__container \" data-track-category=\"Link no Texto\" data-track-links=\"\">&#8220;Obviamente, se durante os relat\u00f3rios, o governo e a gest\u00e3o, perceber que n\u00e3o vai se atingir a meta, obviamente que voc\u00ea come\u00e7a a contingenciar, mas n\u00e3o \u00e9 bimestral. \u00c9 obrigat\u00f3rio contingenciamento. Vai depender do governo&#8221;, afirmou.<\/p>\n<\/div>\n<\/div>\n<div class=\"mc-column content-text active-extra-styles\" data-block-type=\"raw\" data-block-weight=\"2\" data-block-id=\"21\">\n<ul class=\"content-unordered-list\">\n<li><strong>Despesas obrigat\u00f3rias<\/strong><\/li>\n<\/ul>\n<\/div>\n<div id=\"chunk-cvbcn\">\n<div class=\"mc-column content-text active-extra-styles \" data-block-type=\"unstyled\" data-block-weight=\"23\" data-block-id=\"22\">\n<p class=\"content-text__container \" data-track-category=\"Link no Texto\" data-track-links=\"\">O outro gatilho, de acordo com ele, ser\u00e1 acionado quando as despesas obrigat\u00f3rias do governo ultrapassarem 95% em rela\u00e7\u00e3o \u00e0 despesa prim\u00e1ria total.<\/p>\n<\/div>\n<\/div>\n<div class=\"mc-column content-text active-extra-styles\" data-block-type=\"raw\" data-block-weight=\"1\" data-block-id=\"23\">\n<ul class=\"content-unordered-list\">\n<li><strong>Penaliza\u00e7\u00f5es<\/strong><\/li>\n<\/ul>\n<\/div>\n<div id=\"chunk-bacof\">\n<div class=\"mc-column content-text active-extra-styles \" data-block-type=\"unstyled\" data-block-weight=\"20\" data-block-id=\"24\">\n<p class=\"content-text__container \" data-track-category=\"Link no Texto\" data-track-links=\"\">Cajado afirmou que poder\u00e3o ser acionadas as penaliza\u00e7\u00f5es previstas no artigo 167-A da Constitui\u00e7\u00e3o Federal nos casos em que houver:<\/p>\n<\/div>\n<\/div>\n<div class=\"mc-column content-text active-extra-styles\" data-block-type=\"raw\" data-block-weight=\"14\" data-block-id=\"25\">\n<ul class=\"content-unordered-list\">\n<li>descumprimento da meta de resultado prim\u00e1rio<\/li>\n<li>e no acionamento do gatilho de despesas obrigat\u00f3rias<\/li>\n<\/ul>\n<\/div>\n<div id=\"chunk-9dptp\">\n<div class=\"mc-column content-text active-extra-styles \" data-block-type=\"unstyled\" data-block-weight=\"17\" data-block-id=\"26\">\n<p class=\"content-text__container \" data-track-category=\"Link no Texto\" data-track-links=\"\">De acordo com ele, no primeiro ano de descumprimento do resultado prim\u00e1rio, podem ser proibidas, por exemplo:<\/p>\n<\/div>\n<\/div>\n<div class=\"mc-column content-text active-extra-styles\" data-block-type=\"raw\" data-block-weight=\"20\" data-block-id=\"27\">\n<ul class=\"content-unordered-list\">\n<li>cria\u00e7\u00e3o de cargos e fun\u00e7\u00f5es que levem a aumento de despesa<\/li>\n<li>cria\u00e7\u00e3o de novas despesas obrigat\u00f3rias<\/li>\n<li>concess\u00e3o de benef\u00edcios tribut\u00e1rios<\/li>\n<\/ul>\n<\/div>\n<div id=\"chunk-4o6gj\">\n<div class=\"mc-column content-text active-extra-styles \" data-block-type=\"unstyled\" data-block-weight=\"18\" data-block-id=\"28\">\n<p class=\"content-text__container \" data-track-category=\"Link no Texto\" data-track-links=\"\">Algumas das penaliza\u00e7\u00f5es previstas para esse caso tamb\u00e9m valer\u00e3o para o descumprimento do n\u00edvel de despesas obrigat\u00f3rias.<\/p>\n<\/div>\n<\/div>\n<div id=\"chunk-b4smu\">\n<div class=\"mc-column content-text active-extra-styles \" data-block-type=\"unstyled\" data-block-weight=\"18\" data-block-id=\"29\">\n<p class=\"content-text__container \" data-track-category=\"Link no Texto\" data-track-links=\"\">No segundo ano, se persistir o desvio da meta, as medidas ser\u00e3o ampliadas. Passam a ser proibidos tamb\u00e9m:<\/p>\n<\/div>\n<\/div>\n<div class=\"mc-column content-text active-extra-styles\" data-block-type=\"raw\" data-block-weight=\"29\" data-block-id=\"31\">\n<ul class=\"content-unordered-list\">\n<li>aumento e reajuste na despesa com pessoal, como aumento de sal\u00e1rios<\/li>\n<li>admiss\u00e3o ou contrata\u00e7\u00e3o de pessoal, ressalvadas reposi\u00e7\u00f5es de vac\u00e2ncias<\/li>\n<li>realiza\u00e7\u00e3o de concurso p\u00fablico, exceto para reposi\u00e7\u00f5es de vac\u00e2ncias<\/li>\n<\/ul>\n<\/div>\n<div id=\"chunk-bvvhl\">\n<div class=\"mc-column content-text active-extra-styles \" data-block-type=\"unstyled\" data-block-weight=\"35\" data-block-id=\"32\">\n<p class=\"content-text__container \" data-track-category=\"Link no Texto\" data-track-links=\"\">O presidente, no entanto, poder\u00e1 propor ao Congresso a suspens\u00e3o parcial ou a grada\u00e7\u00e3o das san\u00e7\u00f5es. O Parlamento poder\u00e1 autorizar, segundo Cajado, com a demonstra\u00e7\u00e3o de que o governo tem condi\u00e7\u00f5es de corrigir as metas.<\/p>\n<\/div>\n<\/div>\n<div id=\"chunk-2nt3l\">\n<div class=\"mc-column content-text active-extra-styles \" data-block-type=\"unstyled\" data-block-weight=\"23\" data-block-id=\"33\">\n<p class=\"content-text__container \" data-track-category=\"Link no Texto\" data-track-links=\"\">Ainda segundo Cajado, a proposta n\u00e3o estabelecer\u00e1 qualquer tipo de puni\u00e7\u00e3o criminal ao gestor que descumprir as metas. &#8220;A criminaliza\u00e7\u00e3o est\u00e1 descartada&#8221;, disse.<\/p>\n<\/div>\n<\/div>\n<div class=\"mc-column content-text active-extra-styles\" data-block-type=\"raw\" data-block-weight=\"5\" data-block-id=\"34\">\n<div class=\"content-intertitle\">\n<h2>Bolsa Fam\u00edlia e sal\u00e1rio m\u00ednimo<\/h2>\n<\/div>\n<\/div>\n<div id=\"chunk-7utff\">\n<div class=\"mc-column content-text active-extra-styles \" data-block-type=\"unstyled\" data-block-weight=\"22\" data-block-id=\"35\">\n<p class=\"content-text__container \" data-track-category=\"Link no Texto\" data-track-links=\"\">Cajado tamb\u00e9m confirmou a exclus\u00e3o dos recursos do Bolsa Fam\u00edlia e dos reajustes do sal\u00e1rio m\u00ednimo das regras de conten\u00e7\u00e3o de despesas.<\/p>\n<\/div>\n<\/div>\n<div id=\"chunk-92mmq\">\n<div class=\"mc-column content-text active-extra-styles \" data-block-type=\"unstyled\" data-block-weight=\"20\" data-block-id=\"36\">\n<p class=\"content-text__container \" data-track-category=\"Link no Texto\" data-track-links=\"\">&#8220;Sal\u00e1rio m\u00ednimo e Bolsa Fam\u00edlia ser\u00e3o excepcionalizados&#8221;, disse, acrescentando que o piso salarial foi retirado por acordo com os l\u00edderes.<\/p>\n<\/div>\n<\/div>\n<div id=\"chunk-1vele\">\n<div class=\"mc-column content-text active-extra-styles \" data-block-type=\"unstyled\" data-block-weight=\"30\" data-block-id=\"37\">\n<p class=\"content-text__container \" data-track-category=\"Link no Texto\" data-track-links=\"\">Essa era uma das exig\u00eancias do presidente Luiz In\u00e1cio Lula da Silva (PT) para\u00a0<a class=\"\" href=\"https:\/\/g1.globo.com\/politica\/blog\/valdo-cruz\/post\/2023\/05\/15\/lula-aceita-gatilhos-na-nova-regra-fiscal-desde-que-nao-impecam-aumento-real-do-minimo-e-reajuste-do-bolsa-familia.ghtml\">fazer concess\u00f5es e ampliar apoio \u00e0 proposta<\/a>, segundo o blog do jornalista Valdo Cruz no\u00a0<strong>g1<\/strong>.<\/p>\n<\/div>\n<\/div>\n<\/div>\n<\/article>\n<\/div>\n","protected":false},"excerpt":{"rendered":"<p>Relator da nova regra fiscal diz que sal\u00e1rio m\u00ednimo e Bolsa Fam\u00edlia ser\u00e3o preservados. O relator do novo arcabou\u00e7o fiscal na C\u00e2mara, Cl\u00e1udio Cajado (PP-BA), afirmou nesta segunda-feira (15) que o presidente da Casa, Arthur Lira (PP-AL), deve pautar um requerimento de urg\u00eancia para acelerar o andamento do texto na quarta (17). Cajado tamb\u00e9m confirmou [&hellip;]<\/p>\n","protected":false},"author":2,"featured_media":0,"comment_status":"open","ping_status":"open","sticky":false,"template":"","format":"standard","meta":{"_links_to":"","_links_to_target":""},"categories":[7,9,8,1],"tags":[],"_links":{"self":[{"href":"https:\/\/www.ilheusnoticias.net.br\/v1\/wp-json\/wp\/v2\/posts\/31912"}],"collection":[{"href":"https:\/\/www.ilheusnoticias.net.br\/v1\/wp-json\/wp\/v2\/posts"}],"about":[{"href":"https:\/\/www.ilheusnoticias.net.br\/v1\/wp-json\/wp\/v2\/types\/post"}],"author":[{"embeddable":true,"href":"https:\/\/www.ilheusnoticias.net.br\/v1\/wp-json\/wp\/v2\/users\/2"}],"replies":[{"embeddable":true,"href":"https:\/\/www.ilheusnoticias.net.br\/v1\/wp-json\/wp\/v2\/comments?post=31912"}],"version-history":[{"count":1,"href":"https:\/\/www.ilheusnoticias.net.br\/v1\/wp-json\/wp\/v2\/posts\/31912\/revisions"}],"predecessor-version":[{"id":31913,"href":"https:\/\/www.ilheusnoticias.net.br\/v1\/wp-json\/wp\/v2\/posts\/31912\/revisions\/31913"}],"wp:attachment":[{"href":"https:\/\/www.ilheusnoticias.net.br\/v1\/wp-json\/wp\/v2\/media?parent=31912"}],"wp:term":[{"taxonomy":"category","embeddable":true,"href":"https:\/\/www.ilheusnoticias.net.br\/v1\/wp-json\/wp\/v2\/categories?post=31912"},{"taxonomy":"post_tag","embeddable":true,"href":"https:\/\/www.ilheusnoticias.net.br\/v1\/wp-json\/wp\/v2\/tags?post=31912"}],"curies":[{"name":"wp","href":"https:\/\/api.w.org\/{rel}","templated":true}]}}