{"id":31910,"date":"2023-05-16T05:40:21","date_gmt":"2023-05-16T08:40:21","guid":{"rendered":"https:\/\/www.ilheusnoticias.net.br\/v1\/?p=31910"},"modified":"2023-05-16T05:40:21","modified_gmt":"2023-05-16T08:40:21","slug":"ilheus-aplicou-apenas-67-mil-doses-da-vacina-bivalente-sesau-alerta-para-baixa-procura-do-reforco","status":"publish","type":"post","link":"https:\/\/www.ilheusnoticias.net.br\/v1\/2023\/05\/16\/ilheus-aplicou-apenas-67-mil-doses-da-vacina-bivalente-sesau-alerta-para-baixa-procura-do-reforco\/","title":{"rendered":"Ilh\u00e9us aplicou apenas 6,7 mil doses da vacina bivalente; Sesau alerta para baixa procura do refor\u00e7o"},"content":{"rendered":"<div class=\"imagem thumbnail col-xs-12 col-sm-8 col-md-6 col-lg-6 imagem-materia\"><a class=\"fresco\" title=\"\" href=\"https:\/\/portalfacilarquivos.blob.core.windows.net\/uploads\/ILHEUS\/imgOrig\/%7BEACAC1EB-D5C3-36CE-CDA1-7BB6A4EEEADA%7D.jpg\" data-fresco-caption=\"\"><img loading=\"lazy\" title=\"\" src=\"https:\/\/portalfacilarquivos.blob.core.windows.net\/uploads\/ILHEUS\/img\/%7BEACAC1EB-D5C3-36CE-CDA1-7BB6A4EEEADA%7D\/%7BEACAC1EB-D5C3-36CE-CDA1-7BB6A4EEEADA%7D_650X450.jpg\" alt=\"vacina\u00e7\u00e3o\" width=\"650\" height=\"450\" \/><\/a><\/p>\n<p class=\"bg-primary\">A vacina bivalente da Pfizer contra a Covid-19 est\u00e1 com baixa ades\u00e3o do p\u00fablico-alvo em Ilh\u00e9us. Conforme a Secretaria de Sa\u00fade (Sesau), at\u00e9 o momento, 6.702 pessoas com idade acima de 18 anos procuraram as unidades de sa\u00fade para garantir o refor\u00e7o. O n\u00famero representa 5% da popula\u00e7\u00e3o pertencente ao grupo, contudo, a expectativa \u00e9 atingir a imuniza\u00e7\u00e3o de 135 mil pessoas nessa faixa et\u00e1ria.<\/p>\n<\/div>\n<p>A recomenda\u00e7\u00e3o \u00e9 para quem tomou ao menos duas doses de vacinas monovalentes como esquema prim\u00e1rio, respeitando o intervalo m\u00ednimo de quatros meses da \u00faltima dose recebida.<\/p>\n<p>A baixa procura tamb\u00e9m preocupa no que se refere \u00e0 vacina\u00e7\u00e3o infantil. Segundo a secretaria, somente 282 crian\u00e7as de seis meses a 11 anos completaram o esquema com as tr\u00eas doses do imunizante contra a doen\u00e7a.<\/p>\n<p>\u201cA pandemia n\u00e3o acabou. Precisamos manter o esquema vacinal atualizado para garantir a prote\u00e7\u00e3o contra as variantes da Covid-19. Pedimos que a popula\u00e7\u00e3o procure as salas de imuniza\u00e7\u00e3o do munic\u00edpio, pois\u00a0s\u00f3 assim poderemos reduzir o risco de contamina\u00e7\u00e3o e agravamento dos casos\u201d, explicou Andr\u00e9 Cez\u00e1rio, titular da Sesau.<\/p>\n<p>A Prefeitura desenvolve a\u00e7\u00f5es pontuais a fim de garantir a aplica\u00e7\u00e3o do imunizante e ampliar a cobertura vacinal no munic\u00edpio, incluindo servi\u00e7os itinerantes para mobilizar o maior n\u00famero de pessoas. A vacina\u00e7\u00e3o est\u00e1 dispon\u00edvel nas unidades de sa\u00fade previamente informadas, conforme o hor\u00e1rio de funcionamento das salas de imuniza\u00e7\u00e3o.<\/p>\n<p><strong>Balan\u00e7o &#8211;<\/strong>\u00a0No per\u00edodo compreendido entre 1\u00ba e 30 de abril foram ministradas\u00a03.999 unidades da vacina, das quais 27 correspondem ao primeiro ciclo (D1) e 56 ao segundo ciclo (D2), al\u00e9m de 194 doses referentes \u00e0 terceira dose, aplica\u00e7\u00e3o de 184 vacinas relativas \u00e0 4\u00aa dose, 372 doses pedi\u00e1tricas, para crian\u00e7as de 6 meses a 11 anos, e 3.166 doses da vacina bivalente.<\/p>\n<p>&nbsp;<\/p>\n<div class=\"table-responsive\">\n<table class=\"table table-bordered table-striped\">\n<tbody>\n<tr>\n<td colspan=\"8\">\n<p align=\"center\"><strong>Balan\u00e7o mensal da vacina\u00e7\u00e3o contra a Covid-19 \u2013 p\u00fablico acima de 12 anos<\/strong><\/p>\n<\/td>\n<\/tr>\n<tr>\n<td>\n<p align=\"center\">Per\u00edodo<\/p>\n<\/td>\n<td colspan=\"7\">\n<p align=\"center\">De 1\u00ba a 30 de abril<\/p>\n<\/td>\n<\/tr>\n<tr>\n<td>\n<p align=\"center\"><strong>Dose<\/strong><\/p>\n<\/td>\n<td>\n<p align=\"center\"><strong>D1<\/strong><\/p>\n<\/td>\n<td>\n<p align=\"center\"><strong>D2<\/strong><\/p>\n<\/td>\n<td>\n<p align=\"center\"><strong>D3<\/strong><\/p>\n<\/td>\n<td>\n<p align=\"center\"><strong>D4<\/strong><\/p>\n<\/td>\n<td>\n<p align=\"center\"><strong>D5<\/strong><\/p>\n<\/td>\n<td>\n<p align=\"center\"><strong>Bivalente<\/strong><\/p>\n<\/td>\n<td>\n<p align=\"center\"><strong>Total<\/strong><\/p>\n<\/td>\n<\/tr>\n<tr>\n<td>\n<p align=\"center\">Total<\/p>\n<\/td>\n<td>\n<p align=\"center\">27<\/p>\n<\/td>\n<td>\n<p align=\"center\">56<\/p>\n<\/td>\n<td>\n<p align=\"center\">194<\/p>\n<\/td>\n<td>\n<p align=\"center\">184<\/p>\n<\/td>\n<td>\n<p align=\"center\">0<\/p>\n<\/td>\n<td>\n<p align=\"center\">3.166<\/p>\n<\/td>\n<td>\n<p align=\"center\">3.627<\/p>\n<\/td>\n<\/tr>\n<\/tbody>\n<\/table>\n<\/div>\n<div class=\"table-responsive\">\n<table class=\"table table-bordered table-striped\" align=\"left\">\n<tbody>\n<tr>\n<td colspan=\"5\">\n<p align=\"center\"><strong>Balan\u00e7o mensal da vacina\u00e7\u00e3o contra a Covid-19 \u2013 p\u00fablico infantil<\/strong><\/p>\n<\/td>\n<\/tr>\n<tr>\n<td>\n<p align=\"center\">Per\u00edodo<\/p>\n<\/td>\n<td colspan=\"4\">\n<p align=\"center\">De 1\u00ba a 30 de abril<\/p>\n<\/td>\n<\/tr>\n<tr>\n<td>\n<p align=\"center\"><strong>Dose<\/strong><\/p>\n<\/td>\n<td>\n<p align=\"center\"><strong>D1<\/strong><\/p>\n<\/td>\n<td>\n<p align=\"center\"><strong>D2<\/strong><\/p>\n<\/td>\n<td>\n<p align=\"center\"><strong>D3<\/strong><\/p>\n<\/td>\n<td>\n<p align=\"center\"><strong>Total<\/strong><\/p>\n<\/td>\n<\/tr>\n<tr>\n<td>\n<p align=\"center\">Total<\/p>\n<\/td>\n<td>\n<p align=\"center\">148<\/p>\n<\/td>\n<td>\n<p align=\"center\">139<\/p>\n<\/td>\n<td>\n<p align=\"center\">85<\/p>\n<\/td>\n<td>\n<p align=\"center\">372<\/p>\n<\/td>\n<\/tr>\n<tr>\n<td colspan=\"5\"><em>Fonte: Secretaria Municipal de Sa\u00fade (Sesau)<\/em><\/td>\n<\/tr>\n<\/tbody>\n<\/table>\n<\/div>\n","protected":false},"excerpt":{"rendered":"<p>A vacina bivalente da Pfizer contra a Covid-19 est\u00e1 com baixa ades\u00e3o do p\u00fablico-alvo em Ilh\u00e9us. Conforme a Secretaria de Sa\u00fade (Sesau), at\u00e9 o momento, 6.702 pessoas com idade acima de 18 anos procuraram as unidades de sa\u00fade para garantir o refor\u00e7o. O n\u00famero representa 5% da popula\u00e7\u00e3o pertencente ao grupo, contudo, a expectativa \u00e9 [&hellip;]<\/p>\n","protected":false},"author":2,"featured_media":0,"comment_status":"open","ping_status":"open","sticky":false,"template":"","format":"standard","meta":{"_links_to":"","_links_to_target":""},"categories":[7,9,8,1],"tags":[],"_links":{"self":[{"href":"https:\/\/www.ilheusnoticias.net.br\/v1\/wp-json\/wp\/v2\/posts\/31910"}],"collection":[{"href":"https:\/\/www.ilheusnoticias.net.br\/v1\/wp-json\/wp\/v2\/posts"}],"about":[{"href":"https:\/\/www.ilheusnoticias.net.br\/v1\/wp-json\/wp\/v2\/types\/post"}],"author":[{"embeddable":true,"href":"https:\/\/www.ilheusnoticias.net.br\/v1\/wp-json\/wp\/v2\/users\/2"}],"replies":[{"embeddable":true,"href":"https:\/\/www.ilheusnoticias.net.br\/v1\/wp-json\/wp\/v2\/comments?post=31910"}],"version-history":[{"count":1,"href":"https:\/\/www.ilheusnoticias.net.br\/v1\/wp-json\/wp\/v2\/posts\/31910\/revisions"}],"predecessor-version":[{"id":31911,"href":"https:\/\/www.ilheusnoticias.net.br\/v1\/wp-json\/wp\/v2\/posts\/31910\/revisions\/31911"}],"wp:attachment":[{"href":"https:\/\/www.ilheusnoticias.net.br\/v1\/wp-json\/wp\/v2\/media?parent=31910"}],"wp:term":[{"taxonomy":"category","embeddable":true,"href":"https:\/\/www.ilheusnoticias.net.br\/v1\/wp-json\/wp\/v2\/categories?post=31910"},{"taxonomy":"post_tag","embeddable":true,"href":"https:\/\/www.ilheusnoticias.net.br\/v1\/wp-json\/wp\/v2\/tags?post=31910"}],"curies":[{"name":"wp","href":"https:\/\/api.w.org\/{rel}","templated":true}]}}