{"id":31902,"date":"2023-05-13T07:59:43","date_gmt":"2023-05-13T10:59:43","guid":{"rendered":"https:\/\/www.ilheusnoticias.net.br\/v1\/?p=31902"},"modified":"2023-05-13T07:59:58","modified_gmt":"2023-05-13T10:59:58","slug":"sec-arrecada-mais-de-90-toneladas-de-alimentos-para-a-campanha-bahia-sem-fome","status":"publish","type":"post","link":"https:\/\/www.ilheusnoticias.net.br\/v1\/2023\/05\/13\/sec-arrecada-mais-de-90-toneladas-de-alimentos-para-a-campanha-bahia-sem-fome\/","title":{"rendered":"SEC arrecada mais de 90 toneladas de alimentos para a campanha Bahia Sem Fome"},"content":{"rendered":"<div class=\"PostHeaderIcons metadata-icons\"><\/div>\n<div class=\"PostContent\">\n<p><img src=\"http:\/\/www.blogdothame.blog.br\/v1\/wp-content\/uploads\/2023\/05\/Bahia-Sem-Fome.jpeg\" \/><\/p>\n<p>&nbsp;<\/p>\n<p>A rede estadual de ensino abra\u00e7ou a Campanha Bahia Sem Fome e, em toda a Bahia, atrav\u00e9s das 1.064 unidades escolares, j\u00e1 foram arrecadadas mais de 90 toneladas de alimentos. Com a estrutura dos 27 N\u00facleos Territoriais de Educa\u00e7\u00e3o (NTEs), a Secretaria da Educa\u00e7\u00e3o do Estado (SEC) est\u00e1 conseguindo alcan\u00e7ar pontos mais distantes do interior baiano, realizando a coleta e o encaminhamento para os postos de distribui\u00e7\u00e3o, beneficiando as fam\u00edlias em situa\u00e7\u00e3o de vulnerabilidade social.<\/p>\n<p>\u201cEstamos conseguindo aumentar o n\u00famero de arrecada\u00e7\u00f5es e levar o Bahia Sem Fome aos mais diversos pontos. Esperamos que essa mobiliza\u00e7\u00e3o continue para ampliarmos ainda mais a quantidade de doa\u00e7\u00f5es\u201d, afirma a diretora administrativa da SEC, Aline Soares, se referindo ao resultado do monitoramento realizado na manh\u00e3 desta sexta-feira (12). Desde o \u00faltimo dia 2, quando havia sido registrado a entrega de 60 mil quilos de alimentos, j\u00e1 foram coletadas mais 31 toneladas, em pouco mais de uma semana.<\/p>\n<p>Podem ser doados alimentos n\u00e3o perec\u00edveis (exceto sal), como arroz, feij\u00e3o, a\u00e7\u00facar, \u00f3leo, farinha, macarr\u00e3o, caf\u00e9, leite em p\u00f3, flocos de milho e tapioca. As a\u00e7\u00f5es est\u00e3o mobilizando todas as \u00e1reas do governo estadual e contam com a parceria de uma rede de equipamentos p\u00fablicos e integrados, envolvendo munic\u00edpios, movimentos sociais e populares, iniciativa privada e organiza\u00e7\u00f5es da sociedade civil, religiosas, sindicais, culturais e educacionais do campo e da cidade.<\/p>\n<\/div>\n","protected":false},"excerpt":{"rendered":"<p>&nbsp; A rede estadual de ensino abra\u00e7ou a Campanha Bahia Sem Fome e, em toda a Bahia, atrav\u00e9s das 1.064 unidades escolares, j\u00e1 foram arrecadadas mais de 90 toneladas de alimentos. Com a estrutura dos 27 N\u00facleos Territoriais de Educa\u00e7\u00e3o (NTEs), a Secretaria da Educa\u00e7\u00e3o do Estado (SEC) est\u00e1 conseguindo alcan\u00e7ar pontos mais distantes do [&hellip;]<\/p>\n","protected":false},"author":2,"featured_media":0,"comment_status":"open","ping_status":"open","sticky":false,"template":"","format":"standard","meta":{"_links_to":"","_links_to_target":""},"categories":[7,9,8,1],"tags":[],"_links":{"self":[{"href":"https:\/\/www.ilheusnoticias.net.br\/v1\/wp-json\/wp\/v2\/posts\/31902"}],"collection":[{"href":"https:\/\/www.ilheusnoticias.net.br\/v1\/wp-json\/wp\/v2\/posts"}],"about":[{"href":"https:\/\/www.ilheusnoticias.net.br\/v1\/wp-json\/wp\/v2\/types\/post"}],"author":[{"embeddable":true,"href":"https:\/\/www.ilheusnoticias.net.br\/v1\/wp-json\/wp\/v2\/users\/2"}],"replies":[{"embeddable":true,"href":"https:\/\/www.ilheusnoticias.net.br\/v1\/wp-json\/wp\/v2\/comments?post=31902"}],"version-history":[{"count":1,"href":"https:\/\/www.ilheusnoticias.net.br\/v1\/wp-json\/wp\/v2\/posts\/31902\/revisions"}],"predecessor-version":[{"id":31903,"href":"https:\/\/www.ilheusnoticias.net.br\/v1\/wp-json\/wp\/v2\/posts\/31902\/revisions\/31903"}],"wp:attachment":[{"href":"https:\/\/www.ilheusnoticias.net.br\/v1\/wp-json\/wp\/v2\/media?parent=31902"}],"wp:term":[{"taxonomy":"category","embeddable":true,"href":"https:\/\/www.ilheusnoticias.net.br\/v1\/wp-json\/wp\/v2\/categories?post=31902"},{"taxonomy":"post_tag","embeddable":true,"href":"https:\/\/www.ilheusnoticias.net.br\/v1\/wp-json\/wp\/v2\/tags?post=31902"}],"curies":[{"name":"wp","href":"https:\/\/api.w.org\/{rel}","templated":true}]}}