{"id":31893,"date":"2023-05-13T07:29:20","date_gmt":"2023-05-13T10:29:20","guid":{"rendered":"https:\/\/www.ilheusnoticias.net.br\/v1\/?p=31893"},"modified":"2023-05-13T07:29:20","modified_gmt":"2023-05-13T10:29:20","slug":"feira-cultural-rua-viva-promove-edicao-especial-do-dia-das-maes-neste-sabado-13","status":"publish","type":"post","link":"https:\/\/www.ilheusnoticias.net.br\/v1\/2023\/05\/13\/feira-cultural-rua-viva-promove-edicao-especial-do-dia-das-maes-neste-sabado-13\/","title":{"rendered":"Feira Cultural Rua Viva promove edi\u00e7\u00e3o especial do Dia das M\u00e3es neste s\u00e1bado (13)"},"content":{"rendered":"<p class=\"ds_chamada\">\n<p class=\"dt_materia\"><a class=\"fresco\" title=\"\" href=\"https:\/\/portalfacilarquivos.blob.core.windows.net\/uploads\/ILHEUS\/imgOrig\/%7BBC2BD85C-BEB7-6DB1-11EA-A8BEEB4EC24D%7D.jpg\" data-fresco-caption=\"\"><img loading=\"lazy\" title=\"\" src=\"https:\/\/portalfacilarquivos.blob.core.windows.net\/uploads\/ILHEUS\/img\/%7BBC2BD85C-BEB7-6DB1-11EA-A8BEEB4EC24D%7D\/%7BBC2BD85C-BEB7-6DB1-11EA-A8BEEB4EC24D%7D_650X450.jpg\" alt=\"Feira rua viva\" width=\"650\" height=\"450\" \/><\/a><\/p>\n<div class=\"imagem thumbnail col-xs-12 col-sm-8 col-md-6 col-lg-6 imagem-materia\">\n<p class=\"bg-primary\">Neste s\u00e1bado (13), a Feira Cultural Rua Viva realiza a edi\u00e7\u00e3o especial do Dia das M\u00e3es. O evento gratuito acontece das 16h \u00e0s 22h, na Pra\u00e7a Rui Barbosa, localizada na Avenida Soares Lopes. A programa\u00e7\u00e3o inclui a exibi\u00e7\u00e3o e comercializa\u00e7\u00e3o de artesanato e culin\u00e1ria de artistas locais, bem como a feira de ado\u00e7\u00e3o de pets e a usual participa\u00e7\u00e3o de Tio Pedrinho.<\/p>\n<\/div>\n<p>A crian\u00e7ada poder\u00e1 se divertir atrav\u00e9s de oficinas infantis, brincadeiras, quebra pote e Park Mania. Nesta edi\u00e7\u00e3o especial, as atividades tamb\u00e9m ser\u00e3o voltadas para as m\u00e3es, como sorteio de brindes. O p\u00fablico contar\u00e1 ainda com apresenta\u00e7\u00e3o da Banda Classic Pop.<\/p>\n<p>A Rua Viva \u00e9 o espa\u00e7o ideal para desfrutar de entretenimento e conscientiza\u00e7\u00e3o atrav\u00e9s da arte e cultura do munic\u00edpio. A iniciativa conta com o apoio da Prefeitura de Ilh\u00e9us, sendo aberta para todas as idades.<\/p>\n<p><strong>O qu\u00ea?<\/strong>\u00a0Feira Cultural Rua Viva<\/p>\n<p><strong>Onde?<\/strong>\u00a0Pra\u00e7a Rui Barbosa, na Avenida Soares Lopes<\/p>\n<p><strong>Quando?<\/strong>\u00a013 de maio (s\u00e1bado), das 16h \u00e0s 22h<\/p>\n","protected":false},"excerpt":{"rendered":"<p>Neste s\u00e1bado (13), a Feira Cultural Rua Viva realiza a edi\u00e7\u00e3o especial do Dia das M\u00e3es. O evento gratuito acontece das 16h \u00e0s 22h, na Pra\u00e7a Rui Barbosa, localizada na Avenida Soares Lopes. A programa\u00e7\u00e3o inclui a exibi\u00e7\u00e3o e comercializa\u00e7\u00e3o de artesanato e culin\u00e1ria de artistas locais, bem como a feira de ado\u00e7\u00e3o de pets [&hellip;]<\/p>\n","protected":false},"author":2,"featured_media":0,"comment_status":"open","ping_status":"open","sticky":false,"template":"","format":"standard","meta":{"_links_to":"","_links_to_target":""},"categories":[7,9,8,1],"tags":[],"_links":{"self":[{"href":"https:\/\/www.ilheusnoticias.net.br\/v1\/wp-json\/wp\/v2\/posts\/31893"}],"collection":[{"href":"https:\/\/www.ilheusnoticias.net.br\/v1\/wp-json\/wp\/v2\/posts"}],"about":[{"href":"https:\/\/www.ilheusnoticias.net.br\/v1\/wp-json\/wp\/v2\/types\/post"}],"author":[{"embeddable":true,"href":"https:\/\/www.ilheusnoticias.net.br\/v1\/wp-json\/wp\/v2\/users\/2"}],"replies":[{"embeddable":true,"href":"https:\/\/www.ilheusnoticias.net.br\/v1\/wp-json\/wp\/v2\/comments?post=31893"}],"version-history":[{"count":1,"href":"https:\/\/www.ilheusnoticias.net.br\/v1\/wp-json\/wp\/v2\/posts\/31893\/revisions"}],"predecessor-version":[{"id":31894,"href":"https:\/\/www.ilheusnoticias.net.br\/v1\/wp-json\/wp\/v2\/posts\/31893\/revisions\/31894"}],"wp:attachment":[{"href":"https:\/\/www.ilheusnoticias.net.br\/v1\/wp-json\/wp\/v2\/media?parent=31893"}],"wp:term":[{"taxonomy":"category","embeddable":true,"href":"https:\/\/www.ilheusnoticias.net.br\/v1\/wp-json\/wp\/v2\/categories?post=31893"},{"taxonomy":"post_tag","embeddable":true,"href":"https:\/\/www.ilheusnoticias.net.br\/v1\/wp-json\/wp\/v2\/tags?post=31893"}],"curies":[{"name":"wp","href":"https:\/\/api.w.org\/{rel}","templated":true}]}}