{"id":31886,"date":"2023-05-12T07:10:23","date_gmt":"2023-05-12T10:10:23","guid":{"rendered":"https:\/\/www.ilheusnoticias.net.br\/v1\/?p=31886"},"modified":"2023-05-12T07:10:23","modified_gmt":"2023-05-12T10:10:23","slug":"homem-agredido-em-mercado-na-bahia-presta-depoimento-a-policia-e-detalha-acao","status":"publish","type":"post","link":"https:\/\/www.ilheusnoticias.net.br\/v1\/2023\/05\/12\/homem-agredido-em-mercado-na-bahia-presta-depoimento-a-policia-e-detalha-acao\/","title":{"rendered":"Homem agredido em mercado na Bahia presta depoimento \u00e0 pol\u00edcia e detalha a\u00e7\u00e3o"},"content":{"rendered":"<div class=\"row content-head non-featured \">\n<div class=\"title\" data-block-type=\"title\" data-block-id=\"0\"><\/div>\n<\/div>\n<div class=\"content__signa-share\">\n<div class=\"content__signature\">\n<div class=\"content-publication-data\">\n<div class=\"content-publication-data__text\">\n<p class=\"content-publication-data__updated\"><img class=\"content-video__placeholder__thumb\" title=\"V\u00eddeo mostra agress\u00f5es a duas pessoas suspeitas de furto de leite em mercado na Bahia\" src=\"https:\/\/s01.video.glbimg.com\/x240\/11594960.jpg\" alt=\"V\u00eddeo mostra agress\u00f5es a duas pessoas suspeitas de furto de leite em mercado na Bahia\" \/><\/p>\n<\/div>\n<\/div>\n<\/div>\n<\/div>\n<div class=\"mc-article-body\">\n<article>\n<div id=\"chunk-676bn\">\n<div class=\"bs-video-block mc-column  content-media content-video\" data-block-type=\"backstage-video\" data-block-id=\"1\">\n<div class=\"content-media__container\">\n<p class=\"content-media__description\">V\u00eddeo mostra agress\u00f5es a duas pessoas suspeitas de furto de leite em mercado na Bahia<\/p>\n<\/div>\n<\/div>\n<\/div>\n<div id=\"chunk-4nsq8\">\n<div class=\"mc-column content-text active-extra-styles \" data-block-type=\"unstyled\" data-block-weight=\"33\" data-block-id=\"3\">\n<p class=\"content-text__container \" data-track-category=\"Link no Texto\" data-track-links=\"\">O jovem que aparece nas\u00a0<a class=\"\" href=\"https:\/\/g1.globo.com\/ba\/bahia\/noticia\/2023\/05\/05\/video-mostra-agressoes-a-duas-pessoas-suspeitas-de-furto-de-leite-em-mercado-na-bahia.ghtml\">imagens sendo agredido<\/a>\u00a0ao lado de uma mulher na parte externa de um mercado da Rede Carrefour, em\u00a0<a class=\"\" href=\"https:\/\/g1.globo.com\/ba\/bahia\/cidade\/salvador\/\">Salvador<\/a>, prestou depoimento \u00e0 pol\u00edcia nesta quinta-feira (11) .<\/p>\n<\/div>\n<\/div>\n<div class=\"wall protected-content\">\n<div id=\"chunk-bddtf\">\n<div class=\"mc-column content-text active-extra-styles \" data-block-type=\"unstyled\" data-block-weight=\"49\" data-block-id=\"4\">\n<p class=\"content-text__container \" data-track-category=\"Link no Texto\" data-track-links=\"\">Em documento que a TV Bahia teve acesso, o rapaz disse que os suspeitos usaram uma barra de ferro para agredi-lo na cabe\u00e7a e na perna. As imagens n\u00e3o mostram esse momento da a\u00e7\u00e3o e n\u00e3o foi detalhado se o jovem passou por exame de corpo de delito.<\/p>\n<\/div>\n<\/div>\n<div id=\"chunk-ab0sr\">\n<div class=\"mc-column content-text active-extra-styles \" data-block-type=\"unstyled\" data-block-weight=\"51\" data-block-id=\"5\">\n<p class=\"content-text__container \" data-track-category=\"Link no Texto\" data-track-links=\"\">Sobre o depoimento do jovem, o\u00a0<strong>Grupo Carrefour<\/strong>\u00a0refor\u00e7ou que registrou a ocorr\u00eancia de agress\u00e3o e les\u00e3o corporal, desligou a lideran\u00e7a e a equipe de preven\u00e7\u00e3o da loja, al\u00e9m de rescindir o contrato com a empresa respons\u00e1vel pela seguran\u00e7a da \u00e1rea externa do mercado.\u00a0<strong><em>[Confira nota completa no final da mat\u00e9ria]<\/em><\/strong><\/p>\n<\/div>\n<\/div>\n<div id=\"chunk-a97ot\">\n<div class=\"mc-column content-text active-extra-styles \" data-block-type=\"unstyled\" data-block-weight=\"35\" data-block-id=\"7\">\n<p class=\"content-text__container \" data-track-category=\"Link no Texto\" data-track-links=\"\">Ainda sobre o depoimento, o jovem de 19 anos relatou ter sido abordado por sete seguran\u00e7as do supermercado, todos estavam sem fardamento, portavam armas de fogo e um estaria a bordo de uma motocicleta.<\/p>\n<\/div>\n<\/div>\n<div id=\"chunk-4lll2\">\n<div class=\"mc-column content-text active-extra-styles \" data-block-type=\"unstyled\" data-block-weight=\"51\" data-block-id=\"8\">\n<p class=\"content-text__container \" data-track-category=\"Link no Texto\" data-track-links=\"\">Ele relatou ter sido<span class=\"highlight highlighted\">\u00a0agredido na costela, pesco\u00e7o, cabe\u00e7a e partes \u00edntimas com socos, tapas e chutes.\u00a0<\/span>Al\u00e9m da agress\u00e3o f\u00edsica, o homem disse ter sido agredido verbalmente com diversos xingamentos, como \u00e9 poss\u00edvel ouvir no \u00e1udio do v\u00eddeo que viralizou nas redes sociais.\u00a0<strong><em>[Assista o v\u00eddeo no in\u00edcio da mat\u00e9ria]<\/em><\/strong><\/p>\n<\/div>\n<\/div>\n<div id=\"chunk-3m2o\">\n<div class=\"mc-column content-text active-extra-styles \" data-block-type=\"unstyled\" data-block-weight=\"39\" data-block-id=\"9\">\n<p class=\"content-text__container \" data-track-category=\"Link no Texto\" data-track-links=\"\">A mulher que estava com o jovem e tamb\u00e9m foi agredida n\u00e3o prestou depoimento.<span class=\"highlight highlighted\">\u00a0Ele disse que o furto de leite foi realizado para alimentar a filha de um ano da mulher, pois eles estavam passando por necessidades financeiras.<\/span><\/p>\n<\/div>\n<\/div>\n<div id=\"chunk-4j69u\">\n<div class=\"mc-column content-text active-extra-styles \" data-block-type=\"unstyled\" data-block-weight=\"55\" data-block-id=\"10\">\n<p class=\"content-text__container \" data-track-category=\"Link no Texto\" data-track-links=\"\">O jovem tamb\u00e9m alegou ter sido amea\u00e7ado. Os seguran\u00e7as teriam tirado fotos dele e da sua companheira e disseram que seriam enviadas para que policiais da regi\u00e3o matassem eles. Ap\u00f3s as agress\u00f5es na parte externa do estabelecimento, ele disse que foi levado para dentro do mercado onde foi agredido e amea\u00e7ado de morte novamente.<\/p>\n<\/div>\n<\/div>\n<div id=\"chunk-73gff\">\n<div class=\"mc-column content-text active-extra-styles \" data-block-type=\"unstyled\" data-block-weight=\"7\" data-block-id=\"11\">\n<p class=\"content-text__container \" data-track-category=\"Link no Texto\" data-track-links=\"\"><strong>Confira nota do Grupo Carrefour na \u00edntegra<\/strong><\/p>\n<\/div>\n<\/div>\n<div id=\"chunk-14u7g\">\n<div class=\"mc-column content-text active-extra-styles \" data-block-type=\"unstyled\" data-block-weight=\"56\" data-block-id=\"12\">\n<p class=\"content-text__container \" data-track-category=\"Link no Texto\" data-track-links=\"\"><em>&#8221;Refor\u00e7amos que, desde que tomamos conhecimento do caso inadmiss\u00edvel, na sexta-feira, dia 5, registramos a ocorr\u00eancia de agress\u00e3o e les\u00e3o corporal, desligamos a lideran\u00e7a e a equipe de preven\u00e7\u00e3o da loja, al\u00e9m de rescindir o contrato com a empresa respons\u00e1vel pela seguran\u00e7a da \u00e1rea externa. Confiamos nas autoridades para que os envolvidos neste crime sejam punidos&#8221;.<\/em><\/p>\n<\/div>\n<\/div>\n<div class=\"mc-column content-text active-extra-styles\" data-block-type=\"raw\" data-block-weight=\"2\" data-block-id=\"14\">\n<div class=\"content-intertitle\">\n<h2>O caso<\/h2>\n<\/div>\n<\/div>\n<div id=\"chunk-fhrpr\">\n<div class=\"row medium-uncollapsed content-media content-photo\" data-block-type=\"backstage-photo\" data-block-id=\"15\">\n<div class=\" mc-column  content-media__container\">\n<div class=\"content-media-container glb-skeleton-box\">\n<figure class=\"content-media-figure\"><img class=\"i-amphtml-fill-content i-amphtml-replaced-content\" src=\"https:\/\/s2-g1.glbimg.com\/elbu9Eiq0i8fxR-vqFztUw1lLZs=\/0x0:720x620\/984x0\/smart\/filters:strip_icc()\/i.s3.glbimg.com\/v1\/AUTH_59edd422c0c84a879bd37670ae4f538a\/internal_photos\/bs\/2023\/y\/7\/kcnM2TR2uMwto6IZvuVQ\/sao-tome-de-paripe-em-frente-a-casa-vila-maria-ao-lado-da-rampa-de-acesso-a-praia-periperi-na-saida-de-acesso-a-praia-apos-travessia-da-via-ferrea-pedra-furada-atras-do-hospital-sagrada-familia-em-26-.png\" sizes=\"(max-width: 1707px) 648px, 100vw\" srcset=\"https:\/\/s2-g1.glbimg.com\/cfriMG_pyhQttQZ_pdJ_-jMw8UU=\/0x0:720x620\/1000x0\/smart\/filters:strip_icc()\/i.s3.glbimg.com\/v1\/AUTH_59edd422c0c84a879bd37670ae4f538a\/internal_photos\/bs\/2023\/y\/7\/kcnM2TR2uMwto6IZvuVQ\/sao-tome-de-paripe-em-frente-a-casa-vila-maria-ao-lado-da-rampa-de-acesso-a-praia-periperi-na-saida-de-acesso-a-praia-apos-travessia-da-via-ferrea-pedra-furada-atras-do-hospital-sagrada-familia-em-26-.png 1000w, https:\/\/s2-g1.glbimg.com\/elbu9Eiq0i8fxR-vqFztUw1lLZs=\/0x0:720x620\/984x0\/smart\/filters:strip_icc()\/i.s3.glbimg.com\/v1\/AUTH_59edd422c0c84a879bd37670ae4f538a\/internal_photos\/bs\/2023\/y\/7\/kcnM2TR2uMwto6IZvuVQ\/sao-tome-de-paripe-em-frente-a-casa-vila-maria-ao-lado-da-rampa-de-acesso-a-praia-periperi-na-saida-de-acesso-a-praia-apos-travessia-da-via-ferrea-pedra-furada-atras-do-hospital-sagrada-familia-em-26-.png 984w, https:\/\/s2-g1.glbimg.com\/eMFWhNRhzUXzwUa6rtZsP8Z7RbA=\/0x0:720x620\/640x0\/smart\/filters:strip_icc()\/i.s3.glbimg.com\/v1\/AUTH_59edd422c0c84a879bd37670ae4f538a\/internal_photos\/bs\/2023\/y\/7\/kcnM2TR2uMwto6IZvuVQ\/sao-tome-de-paripe-em-frente-a-casa-vila-maria-ao-lado-da-rampa-de-acesso-a-praia-periperi-na-saida-de-acesso-a-praia-apos-travessia-da-via-ferrea-pedra-furada-atras-do-hospital-sagrada-familia-em-26-.png 640w, https:\/\/s2-g1.glbimg.com\/UAGvWVXcMVNx3oYkS5qvf9tlF0o=\/0x0:720x620\/600x0\/smart\/filters:strip_icc()\/i.s3.glbimg.com\/v1\/AUTH_59edd422c0c84a879bd37670ae4f538a\/internal_photos\/bs\/2023\/y\/7\/kcnM2TR2uMwto6IZvuVQ\/sao-tome-de-paripe-em-frente-a-casa-vila-maria-ao-lado-da-rampa-de-acesso-a-praia-periperi-na-saida-de-acesso-a-praia-apos-travessia-da-via-ferrea-pedra-furada-atras-do-hospital-sagrada-familia-em-26-.png 600w\" alt=\"Mochila da mulher foi filmada durante v\u00eddeo  \u2014 Foto: Arquivo pessoal\" \/><\/figure>\n<\/div>\n<p class=\"content-media__description  \">Mochila da mulher foi filmada durante v\u00eddeo \u2014 Foto: Arquivo pessoal<\/p>\n<\/div>\n<\/div>\n<\/div>\n<div id=\"chunk-79ak6\">\n<div class=\"mc-column content-text active-extra-styles \" data-block-type=\"unstyled\" data-block-weight=\"47\" data-block-id=\"16\">\n<p class=\"content-text__container \" data-track-category=\"Link no Texto\" data-track-links=\"\">Um v\u00eddeo divulgado nas redes sociais mostra agress\u00f5es a duas pessoas na parte externa de um mercado em Salvador, ap\u00f3s elas suspostamente terem furtado sacos de leite em p\u00f3. O caso aconteceu no dia 5 de maio e de acordo com o estabelecimento, os envolvidos foram demitidos.<\/p>\n<\/div>\n<\/div>\n<div id=\"chunk-qfsp\">\n<div class=\"mc-column content-text active-extra-styles \" data-block-type=\"unstyled\" data-block-weight=\"46\" data-block-id=\"17\">\n<p class=\"content-text__container \" data-track-category=\"Link no Texto\" data-track-links=\"\">O v\u00eddeo gravado mostra o homem e a mulher sendo xingados e agredidos com tapas no rosto. Em determinado momento da filmagem, a mulher mostrou sacos de leite em p\u00f3 em uma mochila, e assumiu o furto, argumentando que precisava dar o leite para a filha.<\/p>\n<\/div>\n<\/div>\n<div id=\"chunk-6l1ma\">\n<div class=\"mc-column content-text active-extra-styles \" data-block-type=\"unstyled\" data-block-weight=\"43\" data-block-id=\"18\">\n<p class=\"content-text__container \" data-track-category=\"Link no Texto\" data-track-links=\"\">Ainda no v\u00eddeo, o casal \u00e9 coagido a falar os pr\u00f3prios nomes e os nomes das respectivas m\u00e3es. O g1 entrou em contato com a Pol\u00edcia Militar, que informou que n\u00e3o foi chamada para atender a ocorr\u00eancia. A Rede Carrefour repudiou a situa\u00e7\u00e3o. <span style=\"font-family: inherit; font-size: inherit; font-style: inherit; font-variant-ligatures: inherit; font-variant-caps: inherit; font-weight: inherit; text-align: center;\">Na segunda-feira (8), o vice-presidente de transforma\u00e7\u00e3o em opera\u00e7\u00e3o da Rede Carrefour, Marcelo Tardim, <\/span><a class=\"\" style=\"font-family: inherit; font-size: inherit; font-style: inherit; font-variant-ligatures: inherit; font-variant-caps: inherit; font-weight: inherit; text-align: center;\" href=\"https:\/\/g1.globo.com\/ba\/bahia\/noticia\/2023\/05\/08\/apos-demitir-equipe-seguranca-de-mercado-onde-casal-negro-foi-agredido-carrefour-diz-que-agressor-nao-trabalha-para-a-rede.ghtml\">disse que o agressor<\/a><span style=\"font-family: inherit; font-size: inherit; font-style: inherit; font-variant-ligatures: inherit; font-variant-caps: inherit; font-weight: inherit; text-align: center;\">\u00a0que aparece nas filmagens, que viralizaram nas redes sociais, n\u00e3o trabalha para a rede.<\/span><\/p>\n<\/div>\n<\/div>\n<div id=\"chunk-b55rk\">\n<div class=\"mc-column content-text active-extra-styles \" data-block-type=\"unstyled\" data-block-weight=\"45\" data-block-id=\"21\">\n<p class=\"content-text__container \" data-track-category=\"Link no Texto\" data-track-links=\"\">Nas imagens, gravadas pelo pr\u00f3prio suspeito, \u00e9 poss\u00edvel ver que ele tem uma tatuagem na m\u00e3o e segundo Marcelo Tardi, essa caracter\u00edstica n\u00e3o bate com a de nenhum funcion\u00e1rio da empresa. Mesmo ap\u00f3s essa identifica\u00e7\u00e3o, a demiss\u00e3o da equipe de seguran\u00e7a do mercado foi mantida.<\/p>\n<\/div>\n<\/div>\n<div class=\"mc-column content-text active-extra-styles\" data-block-type=\"raw\" data-block-weight=\"6\" data-block-id=\"22\">\n<div class=\"content-intertitle\">\n<h2>Minist\u00e9rio da Igualdade Racial envia of\u00edcios<\/h2>\n<\/div>\n<p>O Minist\u00e9rio da Igualdade Racial <a class=\"\" href=\"https:\/\/g1.globo.com\/ba\/bahia\/noticia\/2023\/05\/09\/ministerio-da-igualdade-racial-oficia-grupo-sobre-denuncia-de-racismo-e-tortura-a-casal-negro-em-area-de-mercado-na-ba.ghtml\">enviou of\u00edcios\u00a0<\/a>ao Grupo Carrefour e ao Minist\u00e9rio P\u00fablico da Bahia (MP-BA), solicitando informa\u00e7\u00f5es sobre o andamento da den\u00fancia de racismo e tortura sofridos por um casal negro na \u00e1rea de um mercado, em Salvador. A informa\u00e7\u00e3o foi divulgada pelo \u00f3rg\u00e3o nesta ter\u00e7a-feira (9).<\/p>\n<\/div>\n<div id=\"chunk-2suh3\">\n<div class=\"mc-column content-text active-extra-styles \" data-block-type=\"unstyled\" data-block-weight=\"26\" data-block-id=\"24\">\n<p class=\"content-text__container \" data-track-category=\"Link no Texto\" data-track-links=\"\">O documento foi encaminhado para Maria Al\u00edcia Lima Peralta, vice-presidente de Assuntos Corporativos do Carrefour, pela Secretaria de Pol\u00edticas de A\u00e7\u00f5es Afirmativas e Combate ao Racismo.<\/p>\n<\/div>\n<\/div>\n<div id=\"chunk-bmf3j\">\n<div class=\"mc-column content-text active-extra-styles \" data-block-type=\"unstyled\" data-block-weight=\"38\" data-block-id=\"25\">\n<p class=\"content-text__container \" data-track-category=\"Link no Texto\" data-track-links=\"\">Por meio de nota, o Carrefour disse que se colocou \u00e0 disposi\u00e7\u00e3o do minist\u00e9rio, tamb\u00e9m por meio de of\u00edcio, para prestar informa\u00e7\u00f5es. O grupo garantiu ainda que vai colaborar com as investiga\u00e7\u00f5es e definiu o caso como inadmiss\u00edvel.<\/p>\n<\/div>\n<\/div>\n<div class=\"mc-column content-text active-extra-styles\" data-block-type=\"raw\" data-block-weight=\"5\" data-block-id=\"26\">\n<div class=\"content-intertitle\">\n<h2>Pol\u00edcia e Minist\u00e9rio P\u00fablico apuram<\/h2>\n<\/div>\n<\/div>\n<div id=\"chunk-15r1u\">\n<div class=\"row medium-uncollapsed content-media content-photo\" data-block-type=\"backstage-photo\" data-block-id=\"28\">\n<div class=\" mc-column  content-media__container\">\n<div class=\"content-media-container glb-skeleton-box\">\n<figure class=\"content-media-figure\"><img class=\"i-amphtml-fill-content i-amphtml-replaced-content\" src=\"https:\/\/s2-g1.glbimg.com\/ViEdwfTbVEfaq2zB9-qF5x5QKvU=\/0x0:1599x1200\/984x0\/smart\/filters:strip_icc()\/i.s3.glbimg.com\/v1\/AUTH_59edd422c0c84a879bd37670ae4f538a\/internal_photos\/bs\/2019\/n\/Q\/h8ApvMTXuwznC85U2QDA\/whatsapp-image-2019-10-16-at-11.25.21.jpeg\" sizes=\"(max-width: 1707px) 648px, 100vw\" srcset=\"https:\/\/s2-g1.glbimg.com\/R-vEtWhEBukH2tSaGACnmXYIu1g=\/0x0:1599x1200\/1000x0\/smart\/filters:strip_icc()\/i.s3.glbimg.com\/v1\/AUTH_59edd422c0c84a879bd37670ae4f538a\/internal_photos\/bs\/2019\/n\/Q\/h8ApvMTXuwznC85U2QDA\/whatsapp-image-2019-10-16-at-11.25.21.jpeg 1000w, https:\/\/s2-g1.glbimg.com\/ViEdwfTbVEfaq2zB9-qF5x5QKvU=\/0x0:1599x1200\/984x0\/smart\/filters:strip_icc()\/i.s3.glbimg.com\/v1\/AUTH_59edd422c0c84a879bd37670ae4f538a\/internal_photos\/bs\/2019\/n\/Q\/h8ApvMTXuwznC85U2QDA\/whatsapp-image-2019-10-16-at-11.25.21.jpeg 984w, https:\/\/s2-g1.glbimg.com\/CtpyO_zvbgF8nnBoGNZNE2egcXg=\/0x0:1599x1200\/640x0\/smart\/filters:strip_icc()\/i.s3.glbimg.com\/v1\/AUTH_59edd422c0c84a879bd37670ae4f538a\/internal_photos\/bs\/2019\/n\/Q\/h8ApvMTXuwznC85U2QDA\/whatsapp-image-2019-10-16-at-11.25.21.jpeg 640w, https:\/\/s2-g1.glbimg.com\/az0lOwdJPdQMikmZDszgFLluX2c=\/0x0:1599x1200\/600x0\/smart\/filters:strip_icc()\/i.s3.glbimg.com\/v1\/AUTH_59edd422c0c84a879bd37670ae4f538a\/internal_photos\/bs\/2019\/n\/Q\/h8ApvMTXuwznC85U2QDA\/whatsapp-image-2019-10-16-at-11.25.21.jpeg 600w\" alt=\"Sede do Minist\u00e9rio P\u00fablico da Bahia (MP-BA), em Salvador  \u2014 Foto: Alan Oliveira\/G1\" \/><\/figure>\n<\/div>\n<p class=\"content-media__description  \">Sede do Minist\u00e9rio P\u00fablico da Bahia (MP-BA), em Salvador \u2014 Foto: Alan Oliveira\/G1<\/p>\n<\/div>\n<\/div>\n<\/div>\n<div id=\"chunk-9bdkk\">\n<div class=\"mc-column content-text active-extra-styles \" data-block-type=\"unstyled\" data-block-weight=\"34\" data-block-id=\"29\">\n<p class=\"content-text__container \" data-track-category=\"Link no Texto\" data-track-links=\"\">O Minist\u00e9rio P\u00fablico da Bahia (MP-BA) abriu, na segunda-feira (8), um\u00a0<a class=\"\" href=\"https:\/\/g1.globo.com\/ba\/bahia\/noticia\/2023\/05\/08\/ministerio-publico-investiga-agressao-a-casal-negro-em-supermercado-da-rede-carrefour.ghtml\">processo para apurar<\/a>\u00a0se houve crime de racismo no caso. A investiga\u00e7\u00e3o ficar\u00e1 a cargo da 1\u00aa Promotoria de Justi\u00e7a de Direitos Humanos.<\/p>\n<\/div>\n<\/div>\n<div id=\"chunk-4rsh8\">\n<div class=\"mc-column content-text active-extra-styles \" data-block-type=\"unstyled\" data-block-weight=\"22\" data-block-id=\"30\">\n<p class=\"content-text__container \" data-track-category=\"Link no Texto\" data-track-links=\"\">A Pol\u00edcia Civil abriu um inqu\u00e9rito para apurar as agress\u00f5es e torturas cometidas contra as v\u00edtimas. Os agressores ainda n\u00e3o foram encontrados.<\/p>\n<\/div>\n<\/div>\n<div id=\"chunk-8tttr\">\n<div class=\"mc-column content-text active-extra-styles \" data-block-type=\"unstyled\" data-block-weight=\"28\" data-block-id=\"31\">\n<p class=\"content-text__container \" data-track-category=\"Link no Texto\" data-track-links=\"\">Na quarta-feira (10), o MP-BA estipulou um prazo de\u00a0<a class=\"\" href=\"https:\/\/g1.globo.com\/ba\/bahia\/noticia\/2023\/05\/10\/ministerio-publico-da-5-dias-para-rede-carrefour-apresentar-imagens-de-cameras-de-mercado-onde-casal-negro-foi-agredido.ghtml\">cinco dias\u00a0<\/a>para que a Rede Carrefour apresente imagens das c\u00e2meras de seguran\u00e7a do mercado onde as agress\u00f5es aconteceram.<\/p>\n<\/div>\n<\/div>\n<div id=\"chunk-dlslp\">\n<div class=\"mc-column content-text active-extra-styles \" data-block-type=\"unstyled\" data-block-weight=\"31\" data-block-id=\"32\">\n<p class=\"content-text__container \" data-track-category=\"Link no Texto\" data-track-links=\"\">Por meio de nota, o Grupo Carrefour informou que as imagens das c\u00e2meras de seguran\u00e7a j\u00e1 foram entregues para a Pol\u00edcia Civil e ser\u00e3o repassadas para o MP e outras autoridades.<\/p>\n<\/div>\n<\/div>\n<\/div>\n<\/article>\n<\/div>\n","protected":false},"excerpt":{"rendered":"<p>V\u00eddeo mostra agress\u00f5es a duas pessoas suspeitas de furto de leite em mercado na Bahia O jovem que aparece nas\u00a0imagens sendo agredido\u00a0ao lado de uma mulher na parte externa de um mercado da Rede Carrefour, em\u00a0Salvador, prestou depoimento \u00e0 pol\u00edcia nesta quinta-feira (11) . Em documento que a TV Bahia teve acesso, o rapaz disse [&hellip;]<\/p>\n","protected":false},"author":2,"featured_media":0,"comment_status":"open","ping_status":"open","sticky":false,"template":"","format":"standard","meta":{"_links_to":"","_links_to_target":""},"categories":[7,9,8,1],"tags":[],"_links":{"self":[{"href":"https:\/\/www.ilheusnoticias.net.br\/v1\/wp-json\/wp\/v2\/posts\/31886"}],"collection":[{"href":"https:\/\/www.ilheusnoticias.net.br\/v1\/wp-json\/wp\/v2\/posts"}],"about":[{"href":"https:\/\/www.ilheusnoticias.net.br\/v1\/wp-json\/wp\/v2\/types\/post"}],"author":[{"embeddable":true,"href":"https:\/\/www.ilheusnoticias.net.br\/v1\/wp-json\/wp\/v2\/users\/2"}],"replies":[{"embeddable":true,"href":"https:\/\/www.ilheusnoticias.net.br\/v1\/wp-json\/wp\/v2\/comments?post=31886"}],"version-history":[{"count":1,"href":"https:\/\/www.ilheusnoticias.net.br\/v1\/wp-json\/wp\/v2\/posts\/31886\/revisions"}],"predecessor-version":[{"id":31887,"href":"https:\/\/www.ilheusnoticias.net.br\/v1\/wp-json\/wp\/v2\/posts\/31886\/revisions\/31887"}],"wp:attachment":[{"href":"https:\/\/www.ilheusnoticias.net.br\/v1\/wp-json\/wp\/v2\/media?parent=31886"}],"wp:term":[{"taxonomy":"category","embeddable":true,"href":"https:\/\/www.ilheusnoticias.net.br\/v1\/wp-json\/wp\/v2\/categories?post=31886"},{"taxonomy":"post_tag","embeddable":true,"href":"https:\/\/www.ilheusnoticias.net.br\/v1\/wp-json\/wp\/v2\/tags?post=31886"}],"curies":[{"name":"wp","href":"https:\/\/api.w.org\/{rel}","templated":true}]}}