{"id":31882,"date":"2023-05-12T07:04:26","date_gmt":"2023-05-12T10:04:26","guid":{"rendered":"https:\/\/www.ilheusnoticias.net.br\/v1\/?p=31882"},"modified":"2023-05-12T07:04:26","modified_gmt":"2023-05-12T10:04:26","slug":"moraes-manda-soltar-torres-e-determina-uso-de-tornozeleira-eletronica","status":"publish","type":"post","link":"https:\/\/www.ilheusnoticias.net.br\/v1\/2023\/05\/12\/moraes-manda-soltar-torres-e-determina-uso-de-tornozeleira-eletronica\/","title":{"rendered":"Moraes manda soltar Torres e determina uso de tornozeleira eletr\u00f4nica"},"content":{"rendered":"<div class=\"col-lg-12 mb-3\">\n<div class=\"post-image\"><a href=\"https:\/\/agenciabrasil.ebc.com.br\/justica\/noticia\/2023-05\/moraes-manda-soltar-torres-e-determina-uso-de-tornozeleira-eletronica#\"><img loading=\"lazy\" id=\"media-289290\" class=\"rounded-lg shadow-sm w-100\" title=\"Marcelo Camargo\/Ag\u00eancia Brasil\" src=\"https:\/\/imagens.ebc.com.br\/BQFp6m7oIO5-DpbWBOzAl6Z_En0=\/1170x700\/smart\/https:\/\/agenciabrasil.ebc.com.br\/sites\/default\/files\/thumbnails\/image\/10-anos-senacon_mcamgo_abr_250520221818-12.jpg?itok=HrRXZGPV\" alt=\"O ministro da Justi\u00e7a, Anderson Torres, durante solenidade comemorativa dos 10 anos de atividades da Secretaria Nacional de Defesa do Consumidor (Senacon).\" width=\"478\" height=\"286\" \/>\u00a9 Marcelo Camargo\/Ag\u00eancia Brasil<\/a><\/div>\n<\/div>\n<div class=\"col-lg-12 mb-3\">\n<div class=\"row\">\n<div class=\"col-10 offset-1 animated fadeInDown dealy-1100 alt-font text-center\"><a href=\"https:\/\/agenciabrasil.ebc.com.br\/justica\"><span class=\"badge badge-pill badge-primary\">Justi\u00e7a<\/span><\/a><\/div>\n<div class=\"col-10 offset-1 animated fadeInDown dealy-1100 alt-font text-center\">O ministro Alexandre de Moraes, do Supremo Tribunal Federal (STF), mandou soltar o ex-ministro da Justi\u00e7a Anderson Torres. Pela decis\u00e3o, em troca de pris\u00e3o preventiva, Torres dever\u00e1 usar tornozeleira eletr\u00f4nica.<\/div>\n<\/div>\n<\/div>\n<div class=\"col-xl-7 offset-xl-1 col-lg-8 offset-lg-0 col-md-10 offset-md-1 mb-3\">\n<div class=\"post-item alt-font\">\n<div class=\"post-item-wrap\">\n<p>Moraes\u00a0tamb\u00e9m determinou que o ex-ministro dever\u00e1 cumprir recolhimento domiciliar no per\u00edodo noturno e aos finais de semana.\u00a0No despacho, o magistrado tamb\u00e9m determinou que Torres est\u00e1 proibido de usar as redes sociais, al\u00e9m de ter cancelado seu porte de armas e\u00a0proibido a sua comunica\u00e7\u00e3o com os demais investigados.<\/p>\n<p>Torres est\u00e1 preso desde 14 de janeiro em fun\u00e7\u00e3o das investiga\u00e7\u00f5es sobre os atos golpistas de 8 de janeiro. Na ocasi\u00e3o, ele estava \u00e0 frente da Secretaria de Seguran\u00e7a do Distrito Federal. O inqu\u00e9rito no STF apura suposta omiss\u00e3o na conten\u00e7\u00e3o dos atos.<\/p>\n<p>O pedido de soltura foi feito pelos advogados de Anderson Torres. Para os advogados, ele pode deixar a pris\u00e3o por n\u00e3o oferecer riscos \u00e0 apura\u00e7\u00e3o do inqu\u00e9rito sobre os atos de 8 de janeiro.\u00a0No pedido de soltura, a defesa tamb\u00e9m citou a situa\u00e7\u00e3o da fam\u00edlia de Anderson Torres.<\/p>\n<p>\u201cAp\u00f3s a decreta\u00e7\u00e3o da cust\u00f3dia cautelar do requerente, suas filhas, infelizmente, passaram a receber acompanhamento psicol\u00f3gico, com preju\u00edzo de frequentarem regularmente a escola. Acres\u00e7a-se a isso o fato de a genitora do requerente estar tratando um c\u00e2ncer. O postulante, de seu turno, ao passo que n\u00e3o v\u00ea as filhas desde a sua pris\u00e3o preventiva, entrou em um estado de tristeza profunda, chora constantemente, mal se alimenta e j\u00e1 perdeu 12 quilos\u201d, afirmaram os advogados.<\/p>\n<\/div>\n<\/div>\n<\/div>\n","protected":false},"excerpt":{"rendered":"<p>\u00a9 Marcelo Camargo\/Ag\u00eancia Brasil Justi\u00e7a O ministro Alexandre de Moraes, do Supremo Tribunal Federal (STF), mandou soltar o ex-ministro da Justi\u00e7a Anderson Torres. Pela decis\u00e3o, em troca de pris\u00e3o preventiva, Torres dever\u00e1 usar tornozeleira eletr\u00f4nica. Moraes\u00a0tamb\u00e9m determinou que o ex-ministro dever\u00e1 cumprir recolhimento domiciliar no per\u00edodo noturno e aos finais de semana.\u00a0No despacho, o magistrado [&hellip;]<\/p>\n","protected":false},"author":2,"featured_media":0,"comment_status":"open","ping_status":"open","sticky":false,"template":"","format":"standard","meta":{"_links_to":"","_links_to_target":""},"categories":[7,9,8,1],"tags":[],"_links":{"self":[{"href":"https:\/\/www.ilheusnoticias.net.br\/v1\/wp-json\/wp\/v2\/posts\/31882"}],"collection":[{"href":"https:\/\/www.ilheusnoticias.net.br\/v1\/wp-json\/wp\/v2\/posts"}],"about":[{"href":"https:\/\/www.ilheusnoticias.net.br\/v1\/wp-json\/wp\/v2\/types\/post"}],"author":[{"embeddable":true,"href":"https:\/\/www.ilheusnoticias.net.br\/v1\/wp-json\/wp\/v2\/users\/2"}],"replies":[{"embeddable":true,"href":"https:\/\/www.ilheusnoticias.net.br\/v1\/wp-json\/wp\/v2\/comments?post=31882"}],"version-history":[{"count":1,"href":"https:\/\/www.ilheusnoticias.net.br\/v1\/wp-json\/wp\/v2\/posts\/31882\/revisions"}],"predecessor-version":[{"id":31883,"href":"https:\/\/www.ilheusnoticias.net.br\/v1\/wp-json\/wp\/v2\/posts\/31882\/revisions\/31883"}],"wp:attachment":[{"href":"https:\/\/www.ilheusnoticias.net.br\/v1\/wp-json\/wp\/v2\/media?parent=31882"}],"wp:term":[{"taxonomy":"category","embeddable":true,"href":"https:\/\/www.ilheusnoticias.net.br\/v1\/wp-json\/wp\/v2\/categories?post=31882"},{"taxonomy":"post_tag","embeddable":true,"href":"https:\/\/www.ilheusnoticias.net.br\/v1\/wp-json\/wp\/v2\/tags?post=31882"}],"curies":[{"name":"wp","href":"https:\/\/api.w.org\/{rel}","templated":true}]}}