{"id":31880,"date":"2023-05-12T07:00:49","date_gmt":"2023-05-12T10:00:49","guid":{"rendered":"https:\/\/www.ilheusnoticias.net.br\/v1\/?p=31880"},"modified":"2023-05-12T07:00:49","modified_gmt":"2023-05-12T10:00:49","slug":"ilheus-instaura-processo-para-apurar-denuncias-sobre-condicoes-do-transporte-publico","status":"publish","type":"post","link":"https:\/\/www.ilheusnoticias.net.br\/v1\/2023\/05\/12\/ilheus-instaura-processo-para-apurar-denuncias-sobre-condicoes-do-transporte-publico\/","title":{"rendered":"Ilh\u00e9us instaura processo para apurar den\u00fancias sobre condi\u00e7\u00f5es do transporte p\u00fablico"},"content":{"rendered":"<div class=\"imagem thumbnail col-xs-12 col-sm-8 col-md-6 col-lg-6 imagem-materia\"><a class=\"fresco\" title=\"\" href=\"https:\/\/portalfacilarquivos.blob.core.windows.net\/uploads\/ILHEUS\/imgOrig\/%7B30BDD3CA-50DE-ABDE-511B-DC7CDDBA8B63%7D.jpg\" data-fresco-caption=\"\"><img loading=\"lazy\" title=\"\" src=\"https:\/\/portalfacilarquivos.blob.core.windows.net\/uploads\/ILHEUS\/img\/%7B30BDD3CA-50DE-ABDE-511B-DC7CDDBA8B63%7D\/%7B30BDD3CA-50DE-ABDE-511B-DC7CDDBA8B63%7D_650X450.jpg\" alt=\"\u00d4nibus\" width=\"650\" height=\"450\" \/><\/a><\/p>\n<p class=\"bg-primary\">Den\u00fancias e reclama\u00e7\u00f5es de usu\u00e1rios sobre os servi\u00e7os prestados pelas concession\u00e1rias do transporte p\u00fablico municipal levaram a Prefeitura de Ilh\u00e9us, por meio da Secretaria de Gest\u00e3o, a instaurar Processo de Apura\u00e7\u00e3o de Responsabilidade (PAR), com a finalidade de averiguar a responsabilidade das empresas S\u00e3o Miguel e Viametro pelas ocorr\u00eancias mencionadas no <strong><a href=\"https:\/\/www.ilheus.ba.gov.br\/arquivo\/download\/11150\/categoria\/94\/despacho__situacao_do_transporte_publico\" target=\"_blank\" rel=\"noopener\">despacho publicado na edi\u00e7\u00e3o do Di\u00e1rio Oficial da \u00faltima quarta-feira (10).\u00a0<\/a><\/strong><\/p>\n<\/div>\n<p>Conforme o documento, os fatos imputados ofendem a ordem jur\u00eddica do regime contratual. Diante de reiteradas not\u00edcias veiculadas na imprensa acerca do estado de conserva\u00e7\u00e3o da frota dos \u00f4nibus das concession\u00e1rias, a Secretaria de Gest\u00e3o constituiu uma comiss\u00e3o para investigar todas e quaisquer irregularidades dos servi\u00e7os.<\/p>\n<p>\u201cDenuncia-se, por meio de diversas imagens e informa\u00e7\u00f5es, transmitidas pelos usu\u00e1rios do transporte p\u00fablico de Ilh\u00e9us, que as frotas dos \u00f4nibus das concession\u00e1rias est\u00e3o em p\u00e9ssimo estado de conserva\u00e7\u00e3o, em que acarretam constantes panes, aus\u00eancia de freio, aus\u00eancia de limpeza e falta de investimento na manuten\u00e7\u00e3o da frota [&#8230;] Sem grandes esfor\u00e7os, \u00e9 poss\u00edvel compulsar que as empresas concession\u00e1rias colecionam den\u00fancias constantes, atuais, em que pode ser verificado por meio de prints de not\u00edcias\u201d, diz trecho do despacho.<\/p>\n<p>A Prefeitura reafirma seu compromisso em promover uma gest\u00e3o transparente e que atenda as demandas da sociedade.<\/p>\n","protected":false},"excerpt":{"rendered":"<p>Den\u00fancias e reclama\u00e7\u00f5es de usu\u00e1rios sobre os servi\u00e7os prestados pelas concession\u00e1rias do transporte p\u00fablico municipal levaram a Prefeitura de Ilh\u00e9us, por meio da Secretaria de Gest\u00e3o, a instaurar Processo de Apura\u00e7\u00e3o de Responsabilidade (PAR), com a finalidade de averiguar a responsabilidade das empresas S\u00e3o Miguel e Viametro pelas ocorr\u00eancias mencionadas no despacho publicado na edi\u00e7\u00e3o [&hellip;]<\/p>\n","protected":false},"author":2,"featured_media":0,"comment_status":"open","ping_status":"open","sticky":false,"template":"","format":"standard","meta":{"_links_to":"","_links_to_target":""},"categories":[7,9,8,1],"tags":[],"_links":{"self":[{"href":"https:\/\/www.ilheusnoticias.net.br\/v1\/wp-json\/wp\/v2\/posts\/31880"}],"collection":[{"href":"https:\/\/www.ilheusnoticias.net.br\/v1\/wp-json\/wp\/v2\/posts"}],"about":[{"href":"https:\/\/www.ilheusnoticias.net.br\/v1\/wp-json\/wp\/v2\/types\/post"}],"author":[{"embeddable":true,"href":"https:\/\/www.ilheusnoticias.net.br\/v1\/wp-json\/wp\/v2\/users\/2"}],"replies":[{"embeddable":true,"href":"https:\/\/www.ilheusnoticias.net.br\/v1\/wp-json\/wp\/v2\/comments?post=31880"}],"version-history":[{"count":1,"href":"https:\/\/www.ilheusnoticias.net.br\/v1\/wp-json\/wp\/v2\/posts\/31880\/revisions"}],"predecessor-version":[{"id":31881,"href":"https:\/\/www.ilheusnoticias.net.br\/v1\/wp-json\/wp\/v2\/posts\/31880\/revisions\/31881"}],"wp:attachment":[{"href":"https:\/\/www.ilheusnoticias.net.br\/v1\/wp-json\/wp\/v2\/media?parent=31880"}],"wp:term":[{"taxonomy":"category","embeddable":true,"href":"https:\/\/www.ilheusnoticias.net.br\/v1\/wp-json\/wp\/v2\/categories?post=31880"},{"taxonomy":"post_tag","embeddable":true,"href":"https:\/\/www.ilheusnoticias.net.br\/v1\/wp-json\/wp\/v2\/tags?post=31880"}],"curies":[{"name":"wp","href":"https:\/\/api.w.org\/{rel}","templated":true}]}}