{"id":31873,"date":"2023-05-11T16:56:14","date_gmt":"2023-05-11T19:56:14","guid":{"rendered":"https:\/\/www.ilheusnoticias.net.br\/v1\/?p=31873"},"modified":"2023-05-11T16:56:14","modified_gmt":"2023-05-11T19:56:14","slug":"ao-lado-de-lula-jeronimo-participa-da-primeira-plenaria-estadual-do-ppa-federal","status":"publish","type":"post","link":"https:\/\/www.ilheusnoticias.net.br\/v1\/2023\/05\/11\/ao-lado-de-lula-jeronimo-participa-da-primeira-plenaria-estadual-do-ppa-federal\/","title":{"rendered":"Ao lado de Lula, Jer\u00f4nimo participa da primeira plen\u00e1ria estadual do PPA Federal"},"content":{"rendered":"<p><img loading=\"lazy\" class=\"alignnone size-full wp-image-31874\" src=\"https:\/\/www.ilheusnoticias.net.br\/v1\/wp-content\/uploads\/2023\/05\/WhatsApp-Image-2023-05-11-at-15.28.44.jpeg\" alt=\"\" width=\"600\" height=\"400\" srcset=\"https:\/\/www.ilheusnoticias.net.br\/v1\/wp-content\/uploads\/2023\/05\/WhatsApp-Image-2023-05-11-at-15.28.44.jpeg 600w, https:\/\/www.ilheusnoticias.net.br\/v1\/wp-content\/uploads\/2023\/05\/WhatsApp-Image-2023-05-11-at-15.28.44-300x200.jpeg 300w\" sizes=\"(max-width: 600px) 100vw, 600px\" \/><\/p>\n<p>A primeira plen\u00e1ria estadual do Plano Plurianual do Governo Federal foi realizada nesta quinta-feira (11), pelo presidente Lu\u00eds In\u00e1cio Lula da Silva, na Arena Fonte Nova, em Salvador. Acompanhado do governador Jer\u00f4nimo Rodrigues, do vice-governador Geraldo J\u00fanior e de ministros de Estado, senadores, deputados e representantes da sociedade civil, Lula deu in\u00edcio ao processo de participa\u00e7\u00e3o da sociedade na constru\u00e7\u00e3o do ciclo or\u00e7ament\u00e1rio que ir\u00e1 definir as diretrizes, os objetivos e as metas da administra\u00e7\u00e3o p\u00fablica federal durante quatro anos, se 2024 a 2027. Todos os 27 estados brasileiros, al\u00e9m do Distrito Federal, ir\u00e3o receber a plen\u00e1ria do PPA.<\/p>\n<p>O presidente ressaltou que o PPA \u00e9 o que vai colocar o povo no or\u00e7amento do governo federal. \u201cQuando a gente fala do PPA Participativo, a gente est\u00e1 falando do Plano Plurianual Participativo, que a gente vai mandar para o Congresso Nacional. A novidade \u00e9 que, pela primeira vez, a gente est\u00e1 colocando o povo para dizer o que voc\u00eas querem que a gente fa\u00e7a no Governo Brasileiro. A primeira vez que fizemos isso, foi na cidade de Porto Alegre e o or\u00e7amento participativo virou um modelo mundial, porque a ONU adotou para que fizesse em v\u00e1rios pa\u00edses\u201d, detalhou.<\/p>\n<p><img loading=\"lazy\" class=\"alignnone size-full wp-image-31875\" src=\"https:\/\/www.ilheusnoticias.net.br\/v1\/wp-content\/uploads\/2023\/05\/WhatsApp-Image-2023-05-11-at-15.28.45.jpeg\" alt=\"\" width=\"600\" height=\"400\" srcset=\"https:\/\/www.ilheusnoticias.net.br\/v1\/wp-content\/uploads\/2023\/05\/WhatsApp-Image-2023-05-11-at-15.28.45.jpeg 600w, https:\/\/www.ilheusnoticias.net.br\/v1\/wp-content\/uploads\/2023\/05\/WhatsApp-Image-2023-05-11-at-15.28.45-300x200.jpeg 300w\" sizes=\"(max-width: 600px) 100vw, 600px\" \/><\/p>\n<p>Para o governador a inclus\u00e3o do povo na elabora\u00e7\u00e3o de pol\u00edticas p\u00fablicas significa a volta de um Estado que valoriza e incentiva as manifesta\u00e7\u00f5es da sociedade civil. \u201cAs pol\u00edticas p\u00fablicas voltaram no Brasil, o Minha Casa Minha Vida, o Luz para Todos, o \u00c1gua para Todos, financiamento estudantil s\u00e3o exemplos. O PPA \u00e9 o resgate e o fortalecimento da capacidade de um povo planejar. Uma fam\u00edlia planeja seu futuro, seu presente. Um munic\u00edpio planeja, um Estado planeja. Um pa\u00eds que n\u00e3o planeja o seu futuro n\u00e3o tem condi\u00e7\u00f5es de dizer aonde quer chegar. O PPA \u00e9 isso\u201d.<br \/>\n<img loading=\"lazy\" class=\"alignnone size-full wp-image-31876\" src=\"https:\/\/www.ilheusnoticias.net.br\/v1\/wp-content\/uploads\/2023\/05\/WhatsApp-Image-2023-05-11-at-15.28.46-1.jpeg\" alt=\"\" width=\"600\" height=\"400\" srcset=\"https:\/\/www.ilheusnoticias.net.br\/v1\/wp-content\/uploads\/2023\/05\/WhatsApp-Image-2023-05-11-at-15.28.46-1.jpeg 600w, https:\/\/www.ilheusnoticias.net.br\/v1\/wp-content\/uploads\/2023\/05\/WhatsApp-Image-2023-05-11-at-15.28.46-1-300x200.jpeg 300w\" sizes=\"(max-width: 600px) 100vw, 600px\" \/> <img loading=\"lazy\" class=\"alignnone size-full wp-image-31877\" src=\"https:\/\/www.ilheusnoticias.net.br\/v1\/wp-content\/uploads\/2023\/05\/WhatsApp-Image-2023-05-11-at-15.28.46.jpeg\" alt=\"\" width=\"600\" height=\"400\" srcset=\"https:\/\/www.ilheusnoticias.net.br\/v1\/wp-content\/uploads\/2023\/05\/WhatsApp-Image-2023-05-11-at-15.28.46.jpeg 600w, https:\/\/www.ilheusnoticias.net.br\/v1\/wp-content\/uploads\/2023\/05\/WhatsApp-Image-2023-05-11-at-15.28.46-300x200.jpeg 300w\" sizes=\"(max-width: 600px) 100vw, 600px\" \/><br \/>\nJer\u00f4nimo tamb\u00e9m comparou o PPA da Bahia ao Federal e deu para o presidente uma c\u00f3pia do documento elaborado pelos baianos. \u201cAs plen\u00e1rias v\u00e3o correr os 27 estados do Brasil. Aqui aconteceram nos 27 territ\u00f3rios de identidade que propuseram e escreveram propostas para o futuro da Bahia e do Brasil\u201d, pontuou.<br \/>\n<img loading=\"lazy\" class=\"alignnone size-full wp-image-31878\" src=\"https:\/\/www.ilheusnoticias.net.br\/v1\/wp-content\/uploads\/2023\/05\/WhatsApp-Image-2023-05-11-at-15.28.46-2.jpeg\" alt=\"\" width=\"600\" height=\"400\" srcset=\"https:\/\/www.ilheusnoticias.net.br\/v1\/wp-content\/uploads\/2023\/05\/WhatsApp-Image-2023-05-11-at-15.28.46-2.jpeg 600w, https:\/\/www.ilheusnoticias.net.br\/v1\/wp-content\/uploads\/2023\/05\/WhatsApp-Image-2023-05-11-at-15.28.46-2-300x200.jpeg 300w\" sizes=\"(max-width: 600px) 100vw, 600px\" \/><br \/>\nJ\u00e1 para a ministra do planejamento, Simone Tebet, a Bahia \u00e9 uma fonte de inspira\u00e7\u00e3o e um modelo a ser seguido quando se trata de escuta popular. \u201cO lema do Governo \u00e9 Uni\u00e3o e Reconstru\u00e7\u00e3o. Quem vai construir esse or\u00e7amento, dizer o que \u00e9 prioridade e plantar a semente do que n\u00f3s vamos fazer nos pr\u00f3ximos quatro anos \u00e9 o povo brasileiro. Contamos com voc\u00eas e para finalizar o nosso compromisso, por determina\u00e7\u00e3o do presidente. Tudo aquilo que voc\u00eas escolherem aqui vai \u00e0 vota\u00e7\u00e3o, as principais propostas, em educa\u00e7\u00e3o, sa\u00fade, seguran\u00e7a p\u00fablica, infraestrutura\u201d.<\/p>\n<p>Plataforma Digital<\/p>\n<p>Na ocasi\u00e3o, tamb\u00e9m foi lan\u00e7ada uma plataforma digital que permite a participa\u00e7\u00e3o de todos na elabora\u00e7\u00e3o do PPA. A plataforma digital Brasil Participativo promete fazer desta a maior experi\u00eancia de participa\u00e7\u00e3o social aberta do Pa\u00eds. Por meio dela podem participar da consulta tanto os cidad\u00e3os individualmente quanto entidades da sociedade civil organizada. Qualquer pessoa com cadastro no Gov.Br poder\u00e1 fazer e eleger propostas para o PPA entre 11 de maio e 10 de julho de 2023 no endere\u00e7o eletr\u00f4nico gov.br\/brasilparticipativo.<\/p>\n<p>Rep\u00f3rter: Raul Rodrigues<\/p>\n","protected":false},"excerpt":{"rendered":"<p>A primeira plen\u00e1ria estadual do Plano Plurianual do Governo Federal foi realizada nesta quinta-feira (11), pelo presidente Lu\u00eds In\u00e1cio Lula da Silva, na Arena Fonte Nova, em Salvador. Acompanhado do governador Jer\u00f4nimo Rodrigues, do vice-governador Geraldo J\u00fanior e de ministros de Estado, senadores, deputados e representantes da sociedade civil, Lula deu in\u00edcio ao processo de [&hellip;]<\/p>\n","protected":false},"author":2,"featured_media":0,"comment_status":"open","ping_status":"open","sticky":false,"template":"","format":"standard","meta":{"_links_to":"","_links_to_target":""},"categories":[7,9,8,1],"tags":[],"_links":{"self":[{"href":"https:\/\/www.ilheusnoticias.net.br\/v1\/wp-json\/wp\/v2\/posts\/31873"}],"collection":[{"href":"https:\/\/www.ilheusnoticias.net.br\/v1\/wp-json\/wp\/v2\/posts"}],"about":[{"href":"https:\/\/www.ilheusnoticias.net.br\/v1\/wp-json\/wp\/v2\/types\/post"}],"author":[{"embeddable":true,"href":"https:\/\/www.ilheusnoticias.net.br\/v1\/wp-json\/wp\/v2\/users\/2"}],"replies":[{"embeddable":true,"href":"https:\/\/www.ilheusnoticias.net.br\/v1\/wp-json\/wp\/v2\/comments?post=31873"}],"version-history":[{"count":1,"href":"https:\/\/www.ilheusnoticias.net.br\/v1\/wp-json\/wp\/v2\/posts\/31873\/revisions"}],"predecessor-version":[{"id":31879,"href":"https:\/\/www.ilheusnoticias.net.br\/v1\/wp-json\/wp\/v2\/posts\/31873\/revisions\/31879"}],"wp:attachment":[{"href":"https:\/\/www.ilheusnoticias.net.br\/v1\/wp-json\/wp\/v2\/media?parent=31873"}],"wp:term":[{"taxonomy":"category","embeddable":true,"href":"https:\/\/www.ilheusnoticias.net.br\/v1\/wp-json\/wp\/v2\/categories?post=31873"},{"taxonomy":"post_tag","embeddable":true,"href":"https:\/\/www.ilheusnoticias.net.br\/v1\/wp-json\/wp\/v2\/tags?post=31873"}],"curies":[{"name":"wp","href":"https:\/\/api.w.org\/{rel}","templated":true}]}}