{"id":31861,"date":"2023-05-11T06:24:20","date_gmt":"2023-05-11T09:24:20","guid":{"rendered":"https:\/\/www.ilheusnoticias.net.br\/v1\/?p=31861"},"modified":"2023-05-11T06:24:20","modified_gmt":"2023-05-11T09:24:20","slug":"governador-da-bahia-encaminha-projetos-de-lei-para-reestruturacao-de-cargos-e-reajuste-salarial-de-servidores","status":"publish","type":"post","link":"https:\/\/www.ilheusnoticias.net.br\/v1\/2023\/05\/11\/governador-da-bahia-encaminha-projetos-de-lei-para-reestruturacao-de-cargos-e-reajuste-salarial-de-servidores\/","title":{"rendered":"Governador da Bahia encaminha projetos de lei para reestrutura\u00e7\u00e3o de cargos e reajuste salarial de servidores"},"content":{"rendered":"<div class=\"row content-head non-featured \">\n<div class=\"title\" data-block-type=\"title\" data-block-id=\"0\"><\/div>\n<div class=\"medium-centered subtitle\"><\/div>\n<\/div>\n<div class=\"content__signa-share\">\n<div class=\"content__signature\">\n<div class=\"content-publication-data\">\n<div class=\"content-publication-data__text\">\n<p class=\"content-publication-data__updated\"><img class=\"content-video__placeholder__thumb\" title=\"Governo da Bahia encaminha 12 projetos de lei para Assembleia Legislativa\" src=\"https:\/\/s02.video.glbimg.com\/x240\/11606889.jpg\" alt=\"Governo da Bahia encaminha 12 projetos de lei para Assembleia Legislativa\" \/><\/p>\n<\/div>\n<\/div>\n<\/div>\n<\/div>\n<div class=\"mc-article-body\">\n<article>\n<div id=\"chunk-espaf\">\n<div class=\"bs-video-block mc-column  content-media content-video\" data-block-type=\"backstage-video\" data-block-id=\"1\">\n<div class=\"content-media__container\">\n<p class=\"content-media__description\">Governo da Bahia encaminha 12 projetos de lei para Assembleia Legislativa<\/p>\n<\/div>\n<\/div>\n<\/div>\n<div id=\"chunk-94n9q\">\n<div class=\"mc-column content-text active-extra-styles \" data-block-type=\"unstyled\" data-block-weight=\"43\" data-block-id=\"3\">\n<p class=\"content-text__container \" data-track-category=\"Link no Texto\" data-track-links=\"\">O governador da Bahia, Jer\u00f4nimo Rodrigues, informou que enviou 12 projetos de lei sobre a reestrutura\u00e7\u00e3o de cargos e reajuste salarial de servidores do Estado para a Assembleia Legislativa (Alba). A informa\u00e7\u00e3o foi divulgada em coletiva de imprensa nesta quarta-feira (10), em\u00a0<a class=\"\" href=\"https:\/\/g1.globo.com\/ba\/bahia\/cidade\/salvador\/\">Salvador<\/a>.<\/p>\n<\/div>\n<\/div>\n<div class=\"wall protected-content\">\n<div id=\"chunk-8t8nr\">\n<div class=\"mc-column content-text active-extra-styles \" data-block-type=\"unstyled\" data-block-weight=\"20\" data-block-id=\"4\">\n<p class=\"content-text__container \" data-track-category=\"Link no Texto\" data-track-links=\"\">Ainda conforme foi informado pelo governador, as medidas foram decididas com a Junta Or\u00e7ament\u00e1ria em articula\u00e7\u00e3o com as secretarias.<\/p>\n<\/div>\n<\/div>\n<div id=\"chunk-bjei0\">\n<div class=\"mc-column content-text active-extra-styles \" data-block-type=\"unstyled\" data-block-weight=\"33\" data-block-id=\"5\">\n<p class=\"content-text__container \" data-track-category=\"Link no Texto\" data-track-links=\"\">Al\u00e9m disso, todos os servidores p\u00fablicos, incluindo os Reda e Cargos de Confian\u00e7a, ser\u00e3o beneficiados com o projeto. Se eles forem aprovados, os trabalhadores tamb\u00e9m ter\u00e3o acesso a mais gratifica\u00e7\u00f5es e promo\u00e7\u00f5es.<\/p>\n<\/div>\n<\/div>\n<div id=\"chunk-bkimf\">\n<div class=\"row medium-uncollapsed content-media content-photo\" data-block-type=\"backstage-photo\" data-block-id=\"6\">\n<div class=\" mc-column  content-media__container\">\n<div class=\"content-media-container glb-skeleton-box\">\n<figure class=\"content-media-figure\"><img class=\"i-amphtml-fill-content i-amphtml-replaced-content\" src=\"https:\/\/s2-g1.glbimg.com\/dmiiLjCOfLyroQwUIK0xZ2SaUKY=\/0x0:1600x1066\/984x0\/smart\/filters:strip_icc()\/i.s3.glbimg.com\/v1\/AUTH_59edd422c0c84a879bd37670ae4f538a\/internal_photos\/bs\/2023\/x\/l\/ljyHImR2a8TtKHatC6jQ\/coletiva-sobre-pls.-foto-rafael-martins-govba-2-.jpg\" sizes=\"(max-width: 1707px) 648px, 100vw\" srcset=\"https:\/\/s2-g1.glbimg.com\/W89yAidI5K02GU-sr2ES_-ghG0I=\/0x0:1600x1066\/1000x0\/smart\/filters:strip_icc()\/i.s3.glbimg.com\/v1\/AUTH_59edd422c0c84a879bd37670ae4f538a\/internal_photos\/bs\/2023\/x\/l\/ljyHImR2a8TtKHatC6jQ\/coletiva-sobre-pls.-foto-rafael-martins-govba-2-.jpg 1000w, https:\/\/s2-g1.glbimg.com\/dmiiLjCOfLyroQwUIK0xZ2SaUKY=\/0x0:1600x1066\/984x0\/smart\/filters:strip_icc()\/i.s3.glbimg.com\/v1\/AUTH_59edd422c0c84a879bd37670ae4f538a\/internal_photos\/bs\/2023\/x\/l\/ljyHImR2a8TtKHatC6jQ\/coletiva-sobre-pls.-foto-rafael-martins-govba-2-.jpg 984w, https:\/\/s2-g1.glbimg.com\/iVJiaZa7U3IdOcKIV8CBK08tJUs=\/0x0:1600x1066\/640x0\/smart\/filters:strip_icc()\/i.s3.glbimg.com\/v1\/AUTH_59edd422c0c84a879bd37670ae4f538a\/internal_photos\/bs\/2023\/x\/l\/ljyHImR2a8TtKHatC6jQ\/coletiva-sobre-pls.-foto-rafael-martins-govba-2-.jpg 640w, https:\/\/s2-g1.glbimg.com\/S6R0tPvxT5rNo7_L6F2gObgaE70=\/0x0:1600x1066\/600x0\/smart\/filters:strip_icc()\/i.s3.glbimg.com\/v1\/AUTH_59edd422c0c84a879bd37670ae4f538a\/internal_photos\/bs\/2023\/x\/l\/ljyHImR2a8TtKHatC6jQ\/coletiva-sobre-pls.-foto-rafael-martins-govba-2-.jpg 600w\" alt=\"Jer\u00f4nimo Rodrigues em coletiva de imprensa nesta quarta-feira (10) \u2014 Foto: Rafael Martins\/GOVBA\" \/><\/figure>\n<\/div>\n<p class=\"content-media__description  \">Jer\u00f4nimo Rodrigues em coletiva de imprensa nesta quarta-feira (10) \u2014 Foto: Rafael Martins\/GOVBA<\/p>\n<\/div>\n<\/div>\n<\/div>\n<div id=\"chunk-c7f3q\">\n<div class=\"mc-column content-text active-extra-styles \" data-block-type=\"unstyled\" data-block-weight=\"44\" data-block-id=\"8\">\n<p class=\"content-text__container \" data-track-category=\"Link no Texto\" data-track-links=\"\">Os servidores ativos, ocupantes de cargo em comiss\u00e3o, profissionais Reda, aposentados e pensionistas poder\u00e3o receber reajuste de 4% e os profissionais de carreiras com vencimento b\u00e1sico abaixo do sal\u00e1rio-m\u00ednimo poder\u00e3o ganhar um reajuste complementar de 2,53%, a ser pago com valores retroativos a mar\u00e7o.<\/p>\n<\/div>\n<\/div>\n<div id=\"chunk-f1lec\">\n<div class=\"mc-column content-text active-extra-styles \" data-block-type=\"unstyled\" data-block-weight=\"42\" data-block-id=\"9\">\n<p class=\"content-text__container \" data-track-category=\"Link no Texto\" data-track-links=\"\"><span class=\"highlight highlighted\">Os projetos de lei tamb\u00e9m sugerem altera\u00e7\u00f5es na organiza\u00e7\u00e3o de secretarias. Segundo Jer\u00f4nimo Rodrigues, as principais mudan\u00e7as foram propostas na de\u00a0<\/span><strong><span class=\"highlight highlighted\">Seguran\u00e7a P\u00fablica<\/span><\/strong><span class=\"highlight highlighted\">, onde foram sugeridas cria\u00e7\u00f5es de companhias e tamb\u00e9m comandos especiais para a Maria da Penha e a Ronda Escolar.<\/span><\/p>\n<\/div>\n<\/div>\n<div class=\"mc-column content-text active-extra-styles\" data-block-type=\"raw\" data-block-weight=\"2\" data-block-id=\"10\">\n<p class=\"content-text__container\">\n<div class=\"content-intertitle\">\n<h2>Seguran\u00e7a P\u00fablica<\/h2>\n<\/div>\n<\/div>\n<div id=\"chunk-dp9re\">\n<div class=\"mc-column content-text active-extra-styles \" data-block-type=\"unstyled\" data-block-weight=\"20\" data-block-id=\"11\">\n<p class=\"content-text__container \" data-track-category=\"Link no Texto\" data-track-links=\"\">Se as mudan\u00e7as forem aprovadas, ser\u00e3o criados novos comandos regionais, batalh\u00f5es, coordena\u00e7\u00f5es e departamentos para as pol\u00edcias e bombeiros.<\/p>\n<\/div>\n<\/div>\n<div id=\"chunk-f5mal\">\n<div class=\"mc-column content-text active-extra-styles \" data-block-type=\"unstyled\" data-block-weight=\"31\" data-block-id=\"12\">\n<p class=\"content-text__container \" data-track-category=\"Link no Texto\" data-track-links=\"\">Os projetos tamb\u00e9m estabelecem uma s\u00e9rie de benef\u00edcios para agentes de cada um dos \u00f3rg\u00e3os, como amplia\u00e7\u00e3o de gratifica\u00e7\u00f5es, de promo\u00e7\u00f5es e progress\u00f5es de carreira.\u00a0<strong>Confira as principais sugest\u00f5es de mudan\u00e7as:<\/strong><\/p>\n<\/div>\n<\/div>\n<div id=\"chunk-auvde\">\n<div class=\"mc-column content-text active-extra-styles \" data-block-type=\"unstyled\" data-block-weight=\"2\" data-block-id=\"13\">\n<p class=\"content-text__container \" data-track-category=\"Link no Texto\" data-track-links=\"\"><strong>Pol\u00edcia Militar<\/strong><\/p>\n<\/div>\n<\/div>\n<div class=\"mc-column content-text active-extra-styles\" data-block-type=\"raw\" data-block-weight=\"129\" data-block-id=\"14\">\n<p class=\"content-text__container\">\n<ul class=\"content-unordered-list\">\n<li><strong>Cria\u00e7\u00e3o de sete grandes comandos:<\/strong>\u00a0entre eles, Rec\u00f4ncavo, Extremo Sul, Meio Oeste e Nordeste.<\/li>\n<li><strong>Redu\u00e7\u00e3o de comandos:\u00a0<\/strong>com a nova divis\u00e3o, comandos que t\u00eam \u00e1reas territoriais muito extensas, passar\u00e3o por redu\u00e7\u00e3o territorial, o que facilitar\u00e1 o controle e fiscaliza\u00e7\u00e3o<\/li>\n<li><strong>Cria\u00e7\u00e3o de oito novos batalh\u00f5es:\u00a0<\/strong>entre eles, Prote\u00e7\u00e3o \u00e0 Mulher &#8211; Maria da Penha; Preven\u00e7\u00e3o a Furtos e Roubos a Coletivo; Preven\u00e7\u00e3o a Furtos e Roubos de Ve\u00edculos e Batalh\u00e3o de Policiamento Escolar. O bairro de Cajazeiras, em Salvador, e as cidades de Vera Cruz e Brumado tamb\u00e9m receber\u00e3o batalh\u00f5es novos.<\/li>\n<li><strong>Pr\u00eamio por Desempenho Policial (PDP):<\/strong>\u00a0aumento de 35,59% no valor<\/li>\n<li><strong>Amplia\u00e7\u00e3o na gratifica\u00e7\u00e3o por Condi\u00e7\u00f5es Especiais de Trabalho (CET):\u00a0<\/strong>a medida pode proporcionar, juntamente com o reajuste linear de 4%, ganhos m\u00e9dios de 6,54% a 7,41%.<\/li>\n<li><strong>Amplia\u00e7\u00e3o de promo\u00e7\u00f5es<\/strong><\/li>\n<\/ul>\n<p>&nbsp;<\/p>\n<\/div>\n<div id=\"chunk-aah2l\">\n<div class=\"content-ads content-ads--reveal\" data-block-type=\"ads\" data-block-id=\"15\">\n<div id=\"banner_materia__39be576b-ef50-405a-9a32-776834c09e20\" class=\"tag-manager-publicidade-container mc-has-reveal mc-has-ad-lazyload tag-manager-publicidade-banner_materia__39be576b-ef50-405a-9a32-776834c09e20 tag-manager-publicidade-container--carregado tag-manager-publicidade-container--visivel\" data-id=\"banner_materia__39be576b-ef50-405a-9a32-776834c09e20\" data-google-query-id=\"CK6j-5b47P4CFSqtlQId8kEDGA\">\n<div id=\"google_ads_iframe_\/95377733\/tvg_G1\/Sua_Regiao&gt;Nordeste&gt;Bahia_4__container__\" style=\"box-sizing: inherit; margin: auto; padding: 0px; border: 0pt none; font: inherit; vertical-align: initial; max-width: 100%; text-align: center; width: 970px; height: 250px;\"><iframe id=\"google_ads_iframe_\/95377733\/tvg_G1\/Sua_Regiao&gt;Nordeste&gt;Bahia_4\" style=\"box-sizing: inherit; margin: 0px; padding: 0px; border: 0px; font: inherit; vertical-align: bottom;\" tabindex=\"0\" title=\"3rd party ad content\" role=\"region\" name=\"google_ads_iframe_\/95377733\/tvg_G1\/Sua_Regiao&gt;Nordeste&gt;Bahia_4\" width=\"970\" height=\"250\" frameborder=\"0\" marginwidth=\"0\" marginheight=\"0\" scrolling=\"no\" aria-label=\"Advertisement\" data-load-complete=\"true\" data-google-container-id=\"5\" data-mce-fragment=\"1\"><\/iframe><\/div>\n<\/div>\n<\/div>\n<\/div>\n<div id=\"chunk-4g7kn\">\n<div class=\"mc-column content-text active-extra-styles \" data-block-type=\"unstyled\" data-block-weight=\"2\" data-block-id=\"16\">\n<p class=\"content-text__container \" data-track-category=\"Link no Texto\" data-track-links=\"\"><strong>Pol\u00edcia Civil<\/strong><\/p>\n<\/div>\n<\/div>\n<div class=\"mc-column content-text active-extra-styles\" data-block-type=\"raw\" data-block-weight=\"114\" data-block-id=\"17\">\n<p class=\"content-text__container\">\n<ul class=\"content-unordered-list\">\n<li><strong>Amplia\u00e7\u00e3o no n\u00famero de departamentos e coordena\u00e7\u00f5es especializadas:\u00a0<\/strong>cria\u00e7\u00e3o do Departamento Especializado de Investiga\u00e7\u00e3o e Repress\u00e3o ao Narcotr\u00e1fico (DENARC); e do de Prote\u00e7\u00e3o \u00e0 Mulher, Cidadania e Pessoas Vulner\u00e1veis (DPM). Cria\u00e7\u00e3o das coordena\u00e7\u00f5es de Conflitos Fundi\u00e1rios e Especializada de Enfrentamento aos Crimes Cibern\u00e9ticos. Os munic\u00edpios de Barreiras, Vit\u00f3ria da Conquista e Juazeiro receber\u00e3o Diretorias Regionais de Pol\u00edcia do Interior (DIRPINs). Outras novidades s\u00e3o as delegacias de Combate \u00e0 Corrup\u00e7\u00e3o (Deccor) e de Repress\u00e3o a Roubo a Coletivo.<\/li>\n<li><strong>Reajuste linear<\/strong><\/li>\n<li><strong>Amplia\u00e7\u00e3o do PDP<\/strong><\/li>\n<li><strong>Promo\u00e7\u00f5es extraordin\u00e1rias:\u00a0<\/strong>pela regra normal, seriam 312 promovidos em 2023, mas a medida aumenta esse n\u00famero para 1823 promo\u00e7\u00f5es.<\/li>\n<li><strong>Transforma\u00e7\u00e3o da licen\u00e7a-pr\u00eamio em pec\u00fania:<\/strong>\u00a0para aqueles servidores que obtiverem os requisitos necess\u00e1rios.<\/li>\n<\/ul>\n<p>&nbsp;<\/p>\n<\/div>\n<div id=\"chunk-4n7mt\">\n<div class=\"mc-column content-text active-extra-styles \" data-block-type=\"unstyled\" data-block-weight=\"4\" data-block-id=\"18\">\n<p class=\"content-text__container \" data-track-category=\"Link no Texto\" data-track-links=\"\"><strong>Departamento de Pol\u00edcia T\u00e9cnica<\/strong><\/p>\n<\/div>\n<\/div>\n<div class=\"mc-column content-text active-extra-styles\" data-block-type=\"raw\" data-block-weight=\"73\" data-block-id=\"19\">\n<p class=\"content-text__container\">\n<ul class=\"content-unordered-list\">\n<li><strong>Tr\u00eas novas coordena\u00e7\u00f5es:<\/strong>\u00a0Central de Cust\u00f3dia de Vest\u00edgios, Coordena\u00e7\u00e3o de Intelig\u00eancia e, a terceira, de Aten\u00e7\u00e3o \u00e0 Sa\u00fade e Valoriza\u00e7\u00e3o do Servidor.<\/li>\n<li><strong>Promo\u00e7\u00f5es extraordin\u00e1rias:\u00a0<\/strong>possibilidade de mais de 500 promo\u00e7\u00f5es extraordin\u00e1rias, ainda em 2023, e para a cria\u00e7\u00e3o de 101 cargos, que possibilitar\u00e3o a estrutura\u00e7\u00e3o das novas coordena\u00e7\u00f5es do departamento e instala\u00e7\u00e3o de novas coordenadorias regionais no interior do estado.<\/li>\n<li><strong>Transforma\u00e7\u00e3o da licen\u00e7a-pr\u00eamio em pec\u00fania:<\/strong>\u00a0para aqueles servidores que obtiverem os requisitos necess\u00e1rios.<\/li>\n<\/ul>\n<p>&nbsp;<\/p>\n<\/div>\n<div id=\"chunk-69e0b\">\n<div class=\"mc-column content-text active-extra-styles \" data-block-type=\"unstyled\" data-block-weight=\"3\" data-block-id=\"20\">\n<p class=\"content-text__container \" data-track-category=\"Link no Texto\" data-track-links=\"\"><strong>Corpo de Bombeiros:<\/strong><\/p>\n<\/div>\n<\/div>\n<div class=\"mc-column content-text active-extra-styles\" data-block-type=\"raw\" data-block-weight=\"42\" data-block-id=\"21\">\n<p class=\"content-text__container\">\n<ul class=\"content-unordered-list\">\n<li><strong>Cria\u00e7\u00e3o de dois novos comandos regionais:<\/strong>\u00a0Oeste e Sul do estado. Est\u00e3o previstas ainda a cria\u00e7\u00e3o do Instituto Militar de Ensino Superior, de um Centro de Engenharia e do Centro de Gest\u00e3o do Vetor A\u00e9reo.<\/li>\n<li><strong>Maior de progress\u00f5es de carreira na corpora\u00e7\u00e3o.<\/strong><\/li>\n<\/ul>\n<p>&nbsp;<\/p>\n<\/div>\n<div id=\"chunk-9183i\">\n<div class=\"content-ads content-ads--reveal\" data-block-type=\"ads\" data-block-id=\"22\">\n<div id=\"banner_materia__aac08bb4-fbbc-4910-8b32-8b77455cbc9a\" class=\"tag-manager-publicidade-container mc-has-reveal mc-has-ad-lazyload tag-manager-publicidade-banner_materia__aac08bb4-fbbc-4910-8b32-8b77455cbc9a tag-manager-publicidade-container--carregado tag-manager-publicidade-container--visivel\" data-id=\"banner_materia__aac08bb4-fbbc-4910-8b32-8b77455cbc9a\" data-google-query-id=\"CLmksJf47P4CFaSzlQIdsVQJ3g\">\n<div id=\"google_ads_iframe_\/95377733\/tvg_G1\/Sua_Regiao&gt;Nordeste&gt;Bahia_5__container__\" style=\"box-sizing: inherit; margin: auto; padding: 0px; border: 0pt none; font: inherit; vertical-align: initial; max-width: 100%; text-align: center; width: 970px; height: 250px;\"><iframe id=\"google_ads_iframe_\/95377733\/tvg_G1\/Sua_Regiao&gt;Nordeste&gt;Bahia_5\" style=\"box-sizing: inherit; margin: 0px; padding: 0px; border: 0px; font: inherit; vertical-align: bottom;\" tabindex=\"0\" title=\"3rd party ad content\" role=\"region\" name=\"google_ads_iframe_\/95377733\/tvg_G1\/Sua_Regiao&gt;Nordeste&gt;Bahia_5\" width=\"970\" height=\"250\" frameborder=\"0\" marginwidth=\"0\" marginheight=\"0\" scrolling=\"no\" aria-label=\"Advertisement\" data-load-complete=\"true\" data-google-container-id=\"7\" data-mce-fragment=\"1\"><\/iframe><\/div>\n<\/div>\n<\/div>\n<\/div>\n<div id=\"chunk-4l85c\">\n<div class=\"mc-column content-text active-extra-styles \" data-block-type=\"unstyled\" data-block-weight=\"2\" data-block-id=\"23\">\n<p class=\"content-text__container \" data-track-category=\"Link no Texto\" data-track-links=\"\"><strong>Pol\u00edcia Penal<\/strong><\/p>\n<\/div>\n<\/div>\n<div class=\"mc-column content-text active-extra-styles\" data-block-type=\"raw\" data-block-weight=\"22\" data-block-id=\"24\">\n<p class=\"content-text__container\">\n<ul class=\"content-unordered-list\">\n<li><strong>Cria\u00e7\u00e3o da Pol\u00edcia Penal na Bahia:\u00a0<\/strong>se aprovada, a altera\u00e7\u00e3o contemplar\u00e1 todos os agentes penais, que passar\u00e3o a compor uma nova categoria.<\/li>\n<\/ul>\n<p>&nbsp;<\/p>\n<\/div>\n<div id=\"chunk-47n2n\">\n<div class=\"mc-column content-text active-extra-styles \" data-block-type=\"unstyled\" data-block-weight=\"2\" data-block-id=\"25\">\n<p class=\"content-text__container \" data-track-category=\"Link no Texto\" data-track-links=\"\"><strong>Educa\u00e7\u00e3o Superior<\/strong><\/p>\n<\/div>\n<\/div>\n<div class=\"mc-column content-text active-extra-styles\" data-block-type=\"raw\" data-block-weight=\"67\" data-block-id=\"26\">\n<p class=\"content-text__container\">\n<ul class=\"content-unordered-list\">\n<li><strong>Revis\u00e3o no quadro de vagas da carreira<\/strong><\/li>\n<li><strong>Reajustes:<\/strong>\u00a0complementar de 2,53% e com acr\u00e9scimos de 0,73% a 2,52%, em fun\u00e7\u00e3o da recomposi\u00e7\u00e3o dos interst\u00edcios (varia\u00e7\u00f5es percentuais) entre as classes da carreira do Magist\u00e9rio Superior. Os t\u00e9cnicos e analistas universit\u00e1rios tamb\u00e9m receber\u00e3o, al\u00e9m do reajuste de 4%, o acr\u00e9scimo de 2,53%. Professores do Magist\u00e9rio Superior ser\u00e3o ainda contemplados com a convers\u00e3o da licen\u00e7a-pr\u00eamio em vantagem financeira (pec\u00fania).<\/li>\n<\/ul>\n<p>&nbsp;<\/p>\n<\/div>\n<div id=\"chunk-5ci3h\">\n<div class=\"mc-column content-text active-extra-styles \" data-block-type=\"unstyled\" data-block-weight=\"1\" data-block-id=\"27\">\n<p class=\"content-text__container \" data-track-category=\"Link no Texto\" data-track-links=\"\"><strong>Sa\u00fade<\/strong><\/p>\n<\/div>\n<\/div>\n<div class=\"mc-column content-text active-extra-styles\" data-block-type=\"raw\" data-block-weight=\"43\" data-block-id=\"28\">\n<p class=\"content-text__container\">\n<ul class=\"content-unordered-list\">\n<li><strong>Promo\u00e7\u00e3o extraordin\u00e1ria:<\/strong>\u00a0m\u00e9dicos e profissionais que atuam em servi\u00e7os auxiliares<\/li>\n<li><strong>Transforma\u00e7\u00e3o da licen\u00e7a-pr\u00eamio em pec\u00fania:\u00a0<\/strong>per\u00edodos de licen\u00e7a-pr\u00eamio adquiridos ap\u00f3s 2015.<\/li>\n<li>Mudan\u00e7a na exig\u00eancia, como crit\u00e9rio na promo\u00e7\u00e3o, de tr\u00eas anos de efetivo na classe para o mesmo per\u00edodo de exerc\u00edcio na carreir<\/li>\n<\/ul>\n<\/div>\n<\/div>\n<\/article>\n<\/div>\n","protected":false},"excerpt":{"rendered":"<p>Governo da Bahia encaminha 12 projetos de lei para Assembleia Legislativa O governador da Bahia, Jer\u00f4nimo Rodrigues, informou que enviou 12 projetos de lei sobre a reestrutura\u00e7\u00e3o de cargos e reajuste salarial de servidores do Estado para a Assembleia Legislativa (Alba). A informa\u00e7\u00e3o foi divulgada em coletiva de imprensa nesta quarta-feira (10), em\u00a0Salvador. Ainda conforme [&hellip;]<\/p>\n","protected":false},"author":2,"featured_media":0,"comment_status":"open","ping_status":"open","sticky":false,"template":"","format":"standard","meta":{"_links_to":"","_links_to_target":""},"categories":[7,9,8,1],"tags":[],"_links":{"self":[{"href":"https:\/\/www.ilheusnoticias.net.br\/v1\/wp-json\/wp\/v2\/posts\/31861"}],"collection":[{"href":"https:\/\/www.ilheusnoticias.net.br\/v1\/wp-json\/wp\/v2\/posts"}],"about":[{"href":"https:\/\/www.ilheusnoticias.net.br\/v1\/wp-json\/wp\/v2\/types\/post"}],"author":[{"embeddable":true,"href":"https:\/\/www.ilheusnoticias.net.br\/v1\/wp-json\/wp\/v2\/users\/2"}],"replies":[{"embeddable":true,"href":"https:\/\/www.ilheusnoticias.net.br\/v1\/wp-json\/wp\/v2\/comments?post=31861"}],"version-history":[{"count":1,"href":"https:\/\/www.ilheusnoticias.net.br\/v1\/wp-json\/wp\/v2\/posts\/31861\/revisions"}],"predecessor-version":[{"id":31862,"href":"https:\/\/www.ilheusnoticias.net.br\/v1\/wp-json\/wp\/v2\/posts\/31861\/revisions\/31862"}],"wp:attachment":[{"href":"https:\/\/www.ilheusnoticias.net.br\/v1\/wp-json\/wp\/v2\/media?parent=31861"}],"wp:term":[{"taxonomy":"category","embeddable":true,"href":"https:\/\/www.ilheusnoticias.net.br\/v1\/wp-json\/wp\/v2\/categories?post=31861"},{"taxonomy":"post_tag","embeddable":true,"href":"https:\/\/www.ilheusnoticias.net.br\/v1\/wp-json\/wp\/v2\/tags?post=31861"}],"curies":[{"name":"wp","href":"https:\/\/api.w.org\/{rel}","templated":true}]}}