{"id":31859,"date":"2023-05-11T06:20:51","date_gmt":"2023-05-11T09:20:51","guid":{"rendered":"https:\/\/www.ilheusnoticias.net.br\/v1\/?p=31859"},"modified":"2023-05-11T06:20:51","modified_gmt":"2023-05-11T09:20:51","slug":"irresponsabilidade-mulher-com-cancer-em-itabuna-tem-tratamento-interrompido-um-ano-apos-diagnostico-muita-tristeza-e-sofrimento","status":"publish","type":"post","link":"https:\/\/www.ilheusnoticias.net.br\/v1\/2023\/05\/11\/irresponsabilidade-mulher-com-cancer-em-itabuna-tem-tratamento-interrompido-um-ano-apos-diagnostico-muita-tristeza-e-sofrimento\/","title":{"rendered":"Irresponsabilidade: Mulher com c\u00e2ncer em Itabuna  tem tratamento interrompido um ano ap\u00f3s diagn\u00f3stico: &#8216;muita tristeza e sofrimento&#8217;"},"content":{"rendered":"<div class=\"row content-head non-featured \">\n<div class=\"title\" data-block-type=\"title\" data-block-id=\"0\"><\/div>\n<div class=\"medium-centered subtitle\"><\/div>\n<\/div>\n<div class=\"content__signa-share\">\n<div class=\"content__signature\">\n<div class=\"content-publication-data\">\n<div class=\"content-publication-data__text\">\n<p class=\"content-publication-data__updated\"><img class=\"content-video__placeholder__thumb\" title=\"Paciente com c\u00e2ncer raro enfrenta dificuldades para realizar tratamento em Itabuna\" src=\"https:\/\/s04.video.glbimg.com\/x240\/11607155.jpg\" alt=\"Paciente com c\u00e2ncer raro enfrenta dificuldades para realizar tratamento em Itabuna\" \/><\/p>\n<\/div>\n<\/div>\n<\/div>\n<\/div>\n<div class=\"mc-article-body\">\n<article>\n<div id=\"chunk-303np\">\n<div class=\"bs-video-block mc-column  content-media content-video\" data-block-type=\"backstage-video\" data-block-id=\"1\">\n<div class=\"content-media__container\">\n<div class=\"content-video__bigger-player-description-fixer\">\n<article class=\"content-video\">\n<section class=\"content-video__video-container\">\n<div class=\"content-video__video\">\n<div id=\"wp3-player-2\" class=\"clappr-player\" tabindex=\"9999\" data-player=\"\">\n<div class=\"media-control media-control-hide h720 w960\">\n<div class=\"media-control-panel\">\n<div class=\"media-control-panel__lower\" data-controls=\"\">\n<div class=\"opposites-container\">\n<div class=\"media-control-position__right\">Paciente com c\u00e2ncer raro enfrenta dificuldades para realizar tratamento em Itabuna<\/div>\n<\/div>\n<\/div>\n<\/div>\n<\/div>\n<\/div>\n<\/div>\n<\/section>\n<\/article>\n<\/div>\n<\/div>\n<\/div>\n<\/div>\n<div id=\"chunk-dc1gs\">\n<div class=\"mc-column content-text active-extra-styles \" data-block-type=\"unstyled\" data-block-weight=\"44\" data-block-id=\"3\">\n<p class=\"content-text__container \" data-track-category=\"Link no Texto\" data-track-links=\"\">A auxiliar administrativa Alessandra Bonfim Nascimento, moradora de\u00a0<a class=\"\" href=\"https:\/\/g1.globo.com\/ba\/bahia\/cidade\/itabuna\/\">Itabuna<\/a>, no sul da Bahia, descobriu um tumor neuroind\u00f3crino, alojado no pulm\u00e3o, em abril de 2022. Um ano ap\u00f3s o diagn\u00f3stico de c\u00e2ncer, Alessandra relata ter tido o tratamento, fornecido pelo governo do estado, interrompido.<\/p>\n<\/div>\n<\/div>\n<div class=\"wall protected-content\">\n<div id=\"chunk-av6mq\">\n<div class=\"mc-column content-text active-extra-styles \" data-block-type=\"unstyled\" data-block-weight=\"37\" data-block-id=\"4\">\n<p class=\"content-text__container \" data-track-category=\"Link no Texto\" data-track-links=\"\">A Secretaria de Sa\u00fade da Bahia (Sesab) informou que realizou a aquisi\u00e7\u00e3o do medicamento que faz parte do tratamento de Alessandra,<span class=\"highlight highlighted\">\u00a0mas houve atraso na entrega por parte do fornecedor, o que teria causado a interrup\u00e7\u00e3o.<\/span><\/p>\n<\/div>\n<\/div>\n<div id=\"chunk-du9e7\">\n<div class=\"mc-column content-text active-extra-styles \" data-block-type=\"unstyled\" data-block-weight=\"49\" data-block-id=\"5\">\n<p class=\"content-text__container \" data-track-category=\"Link no Texto\" data-track-links=\"\">A medica\u00e7\u00e3o, receitada pelo oncologista que acompanha a paciente, n\u00e3o \u00e9 convencional e por isso n\u00e3o \u00e9 disponibilizada pelo Servi\u00e7o \u00danico de Sa\u00fade (SUS). O medicamento \u00e9 a Lanreotida, que varia de R$ 4 mil a R$ 5 mil, valor que Alessandra n\u00e3o possui recursos financeiros para arcar.<\/p>\n<\/div>\n<\/div>\n<div id=\"chunk-den6u\">\n<div class=\"mc-column content-text active-extra-styles \" data-block-type=\"unstyled\" data-block-weight=\"29\" data-block-id=\"7\">\n<p class=\"content-text__container \" data-track-category=\"Link no Texto\" data-track-links=\"\">Alessandra entrou com um pedido na Justi\u00e7a que concedeu uma liminar determinando que o Governo da Bahia disponibilizasse o tratamento, mediante bloqueio de verbas em caso de descumprimento.<\/p>\n<\/div>\n<\/div>\n<div id=\"chunk-14fud\">\n<div class=\"mc-column content-text active-extra-styles \" data-block-type=\"unstyled\" data-block-weight=\"21\" data-block-id=\"8\">\n<p class=\"content-text__container \" data-track-category=\"Link no Texto\" data-track-links=\"\">O tratamento foi iniciado em mar\u00e7o deste ano, entretanto, ela alega que\u00a0<span class=\"highlight highlighted\">s\u00f3 teve acesso a uma \u00fanica dose do medicamento.<\/span><\/p>\n<\/div>\n<\/div>\n<div class=\"mc-column content-text active-extra-styles\" data-block-type=\"raw\" data-block-weight=\"34\" data-block-id=\"9\">\n<p class=\"content-text__container\">\n<blockquote class=\"content-blockquote theme-border-color-primary-before\"><p>&#8221;Quando eu voltei em abril, para tomar a segunda dose, o hospital alegou n\u00e3o ter chegado. Me causa muita tristeza, sofrimento e revolta. Eu s\u00f3 quero poder fazer o tratamento devido&#8221;, desabafou Alessandra.<\/p><\/blockquote>\n<p>&nbsp;<\/p>\n<\/div>\n<div id=\"chunk-28u32\">\n<div class=\"row medium-uncollapsed content-media content-photo\" data-block-type=\"backstage-photo\" data-block-id=\"10\">\n<div class=\" mc-column  content-media__container\">\n<div class=\"content-media-container glb-skeleton-box\">\n<figure class=\"content-media-figure\"><img class=\"i-amphtml-fill-content i-amphtml-replaced-content\" src=\"https:\/\/s2-g1.glbimg.com\/EMuOAx5cNsNIqZ34sIgBD1wR8IU=\/0x0:1700x1065\/984x0\/smart\/filters:strip_icc()\/i.s3.glbimg.com\/v1\/AUTH_59edd422c0c84a879bd37670ae4f538a\/internal_photos\/bs\/2023\/s\/Q\/VLOJGPQQekgv6eNruqsg\/design-sem-nome-6-.png\" sizes=\"(max-width: 1707px) 648px, 100vw\" srcset=\"https:\/\/s2-g1.glbimg.com\/1k14ypzHNFb35iVmjqgLTeVnQrY=\/0x0:1700x1065\/1000x0\/smart\/filters:strip_icc()\/i.s3.glbimg.com\/v1\/AUTH_59edd422c0c84a879bd37670ae4f538a\/internal_photos\/bs\/2023\/s\/Q\/VLOJGPQQekgv6eNruqsg\/design-sem-nome-6-.png 1000w, https:\/\/s2-g1.glbimg.com\/EMuOAx5cNsNIqZ34sIgBD1wR8IU=\/0x0:1700x1065\/984x0\/smart\/filters:strip_icc()\/i.s3.glbimg.com\/v1\/AUTH_59edd422c0c84a879bd37670ae4f538a\/internal_photos\/bs\/2023\/s\/Q\/VLOJGPQQekgv6eNruqsg\/design-sem-nome-6-.png 984w, https:\/\/s2-g1.glbimg.com\/MT3iBFz_Ywvx2yAB8W_74n6f8r0=\/0x0:1700x1065\/640x0\/smart\/filters:strip_icc()\/i.s3.glbimg.com\/v1\/AUTH_59edd422c0c84a879bd37670ae4f538a\/internal_photos\/bs\/2023\/s\/Q\/VLOJGPQQekgv6eNruqsg\/design-sem-nome-6-.png 640w, https:\/\/s2-g1.glbimg.com\/X8yToNDg_wGsFKRjPcFfoUOpqkg=\/0x0:1700x1065\/600x0\/smart\/filters:strip_icc()\/i.s3.glbimg.com\/v1\/AUTH_59edd422c0c84a879bd37670ae4f538a\/internal_photos\/bs\/2023\/s\/Q\/VLOJGPQQekgv6eNruqsg\/design-sem-nome-6-.png 600w\" alt=\"Paciente de c\u00e2ncer na BA aguarda tratamento um ano ap\u00f3s diagn\u00f3stico  \u2014 Foto: TV Santa Cruz\" \/><\/figure>\n<\/div>\n<p class=\"content-media__description  \">Paciente de c\u00e2ncer na BA aguarda tratamento um ano ap\u00f3s diagn\u00f3stico \u2014 Foto: TV Santa Cruz<\/p>\n<\/div>\n<\/div>\n<\/div>\n<div id=\"chunk-f3emc\">\n<div class=\"mc-column content-text active-extra-styles \" data-block-type=\"unstyled\" data-block-weight=\"37\" data-block-id=\"11\">\n<p class=\"content-text__container \" data-track-category=\"Link no Texto\" data-track-links=\"\">Durante o per\u00edodo de um ano, o c\u00e2ncer que atinge Alessandra sofreu uma met\u00e1stase &#8211; nome dado para quando uma c\u00e9lula cancer\u00edgena se espalha para outras partes do organismo &#8211; e atingiu o f\u00edgado da paciente.<\/p>\n<\/div>\n<\/div>\n<div id=\"chunk-8efp9\">\n<div class=\"mc-column content-text active-extra-styles \" data-block-type=\"unstyled\" data-block-weight=\"31\" data-block-id=\"13\">\n<p class=\"content-text__container \" data-track-category=\"Link no Texto\" data-track-links=\"\">Al\u00e9m disso, a auxiliar administrativa relata que o \u00faltimo exame, realizado no dia quatro deste m\u00eas, apontou crescimento dos tumores. Com a evolu\u00e7\u00e3o da doen\u00e7a, Alessandra passou a sentir fortes dores.<\/p>\n<\/div>\n<\/div>\n<div class=\"mc-column content-text active-extra-styles\" data-block-type=\"raw\" data-block-weight=\"13\" data-block-id=\"14\">\n<p class=\"content-text__container\">\n<blockquote class=\"content-blockquote theme-border-color-primary-before\"><p>&#8221;As dores t\u00eam me preocupado bastante, t\u00eam sido muito fortes&#8221;, relatou a paciente.<\/p><\/blockquote>\n<p>&nbsp;<\/p>\n<\/div>\n<div id=\"chunk-41jgv\">\n<div class=\"mc-column content-text active-extra-styles \" data-block-type=\"unstyled\" data-block-weight=\"21\" data-block-id=\"15\">\n<p class=\"content-text__container \" data-track-category=\"Link no Texto\" data-track-links=\"\">A Sesab afirmou ainda que ap\u00f3s a realiza\u00e7\u00e3o da entrega, a medica\u00e7\u00e3o deve ser encaminhada para o tratamento de Alessandra.<\/p>\n<\/div>\n<\/div>\n<div id=\"chunk-8vb6v\">\n<div class=\"row medium-uncollapsed content-media content-photo\" data-block-type=\"backstage-photo\" data-block-id=\"16\">\n<div class=\" mc-column  content-media__container\">\n<div class=\"content-media-container glb-skeleton-box\">\n<figure class=\"content-media-figure\"><img class=\"i-amphtml-fill-content i-amphtml-replaced-content\" src=\"https:\/\/s2-g1.glbimg.com\/tluA5Trjs3XqrT8ctWJgiW2BXWM=\/0x0:1700x1065\/984x0\/smart\/filters:strip_icc()\/i.s3.glbimg.com\/v1\/AUTH_59edd422c0c84a879bd37670ae4f538a\/internal_photos\/bs\/2023\/I\/Y\/5Zhpf3SAOZIopWpAvCDQ\/design-sem-nome-7-.png\" sizes=\"(max-width: 1707px) 648px, 100vw\" srcset=\"https:\/\/s2-g1.glbimg.com\/HC12ZQSv9Xwh_NLl7Yf_wZuAh68=\/0x0:1700x1065\/1000x0\/smart\/filters:strip_icc()\/i.s3.glbimg.com\/v1\/AUTH_59edd422c0c84a879bd37670ae4f538a\/internal_photos\/bs\/2023\/I\/Y\/5Zhpf3SAOZIopWpAvCDQ\/design-sem-nome-7-.png 1000w, https:\/\/s2-g1.glbimg.com\/tluA5Trjs3XqrT8ctWJgiW2BXWM=\/0x0:1700x1065\/984x0\/smart\/filters:strip_icc()\/i.s3.glbimg.com\/v1\/AUTH_59edd422c0c84a879bd37670ae4f538a\/internal_photos\/bs\/2023\/I\/Y\/5Zhpf3SAOZIopWpAvCDQ\/design-sem-nome-7-.png 984w, https:\/\/s2-g1.glbimg.com\/wG9IKx3m-L4e7oVIAVPkHYJEiIo=\/0x0:1700x1065\/640x0\/smart\/filters:strip_icc()\/i.s3.glbimg.com\/v1\/AUTH_59edd422c0c84a879bd37670ae4f538a\/internal_photos\/bs\/2023\/I\/Y\/5Zhpf3SAOZIopWpAvCDQ\/design-sem-nome-7-.png 640w, https:\/\/s2-g1.glbimg.com\/L1HqS0D9A7sj_ke4IqQ4yd-0HY8=\/0x0:1700x1065\/600x0\/smart\/filters:strip_icc()\/i.s3.glbimg.com\/v1\/AUTH_59edd422c0c84a879bd37670ae4f538a\/internal_photos\/bs\/2023\/I\/Y\/5Zhpf3SAOZIopWpAvCDQ\/design-sem-nome-7-.png 600w\" alt=\"Tomografia realizada em Alessandra que constatou o c\u00e2ncer no pulm\u00e3o  \u2014 Foto: TV Santa Cruz\" \/><\/figure>\n<\/div>\n<p class=\"content-media__description  \">Tomografia realizada em Alessandra que constatou o c\u00e2ncer no pulm\u00e3o \u2014 Foto: TV Santa Cruz<\/p>\n<\/div>\n<\/div>\n<\/div>\n<\/div>\n<\/article>\n<\/div>\n","protected":false},"excerpt":{"rendered":"<p>Paciente com c\u00e2ncer raro enfrenta dificuldades para realizar tratamento em Itabuna A auxiliar administrativa Alessandra Bonfim Nascimento, moradora de\u00a0Itabuna, no sul da Bahia, descobriu um tumor neuroind\u00f3crino, alojado no pulm\u00e3o, em abril de 2022. Um ano ap\u00f3s o diagn\u00f3stico de c\u00e2ncer, Alessandra relata ter tido o tratamento, fornecido pelo governo do estado, interrompido. A Secretaria [&hellip;]<\/p>\n","protected":false},"author":2,"featured_media":0,"comment_status":"open","ping_status":"open","sticky":false,"template":"","format":"standard","meta":{"_links_to":"","_links_to_target":""},"categories":[7,9,8,1],"tags":[],"_links":{"self":[{"href":"https:\/\/www.ilheusnoticias.net.br\/v1\/wp-json\/wp\/v2\/posts\/31859"}],"collection":[{"href":"https:\/\/www.ilheusnoticias.net.br\/v1\/wp-json\/wp\/v2\/posts"}],"about":[{"href":"https:\/\/www.ilheusnoticias.net.br\/v1\/wp-json\/wp\/v2\/types\/post"}],"author":[{"embeddable":true,"href":"https:\/\/www.ilheusnoticias.net.br\/v1\/wp-json\/wp\/v2\/users\/2"}],"replies":[{"embeddable":true,"href":"https:\/\/www.ilheusnoticias.net.br\/v1\/wp-json\/wp\/v2\/comments?post=31859"}],"version-history":[{"count":1,"href":"https:\/\/www.ilheusnoticias.net.br\/v1\/wp-json\/wp\/v2\/posts\/31859\/revisions"}],"predecessor-version":[{"id":31860,"href":"https:\/\/www.ilheusnoticias.net.br\/v1\/wp-json\/wp\/v2\/posts\/31859\/revisions\/31860"}],"wp:attachment":[{"href":"https:\/\/www.ilheusnoticias.net.br\/v1\/wp-json\/wp\/v2\/media?parent=31859"}],"wp:term":[{"taxonomy":"category","embeddable":true,"href":"https:\/\/www.ilheusnoticias.net.br\/v1\/wp-json\/wp\/v2\/categories?post=31859"},{"taxonomy":"post_tag","embeddable":true,"href":"https:\/\/www.ilheusnoticias.net.br\/v1\/wp-json\/wp\/v2\/tags?post=31859"}],"curies":[{"name":"wp","href":"https:\/\/api.w.org\/{rel}","templated":true}]}}