{"id":31857,"date":"2023-05-11T06:16:41","date_gmt":"2023-05-11T09:16:41","guid":{"rendered":"https:\/\/www.ilheusnoticias.net.br\/v1\/?p=31857"},"modified":"2023-05-11T06:16:41","modified_gmt":"2023-05-11T09:16:41","slug":"advogado-deixa-a-defesa-de-mauro-cid-ex-ajudante-de-ordens-de-bolsonaro","status":"publish","type":"post","link":"https:\/\/www.ilheusnoticias.net.br\/v1\/2023\/05\/11\/advogado-deixa-a-defesa-de-mauro-cid-ex-ajudante-de-ordens-de-bolsonaro\/","title":{"rendered":"Advogado deixa a defesa de Mauro Cid, ex-ajudante de ordens de Bolsonaro"},"content":{"rendered":"<div class=\"row content-head non-featured profiled\">\n<div class=\"title\" data-block-type=\"title\" data-block-id=\"0\"><\/div>\n<div class=\"medium-centered subtitle\"><\/div>\n<\/div>\n<div class=\"mc-article-body\">\n<article>\n<div id=\"chunk-3thb6\">\n<div class=\"row medium-uncollapsed content-media content-photo\" data-block-type=\"backstage-photo\" data-block-id=\"1\">\n<div class=\" mc-column  content-media__container\">\n<div class=\"content-media-container glb-skeleton-box\">\n<figure class=\"content-media-figure\"><img class=\"i-amphtml-fill-content i-amphtml-replaced-content\" src=\"https:\/\/s2-g1.glbimg.com\/4h8SnvhcbiKzEbw8TIZomEm651E=\/0x0:3000x2000\/984x0\/smart\/filters:strip_icc()\/i.s3.glbimg.com\/v1\/AUTH_59edd422c0c84a879bd37670ae4f538a\/internal_photos\/bs\/2023\/V\/f\/vqYuJrQaWbxOrzcdinig\/49637444146-7721cc9fdb-o-1-b.jpg\" sizes=\"(max-width: 1707px) 648px, 100vw\" srcset=\"https:\/\/s2-g1.glbimg.com\/umeMVIm1kBfG1VujaEgbOjw9tiI=\/0x0:3000x2000\/1000x0\/smart\/filters:strip_icc()\/i.s3.glbimg.com\/v1\/AUTH_59edd422c0c84a879bd37670ae4f538a\/internal_photos\/bs\/2023\/V\/f\/vqYuJrQaWbxOrzcdinig\/49637444146-7721cc9fdb-o-1-b.jpg 1000w, https:\/\/s2-g1.glbimg.com\/4h8SnvhcbiKzEbw8TIZomEm651E=\/0x0:3000x2000\/984x0\/smart\/filters:strip_icc()\/i.s3.glbimg.com\/v1\/AUTH_59edd422c0c84a879bd37670ae4f538a\/internal_photos\/bs\/2023\/V\/f\/vqYuJrQaWbxOrzcdinig\/49637444146-7721cc9fdb-o-1-b.jpg 984w, https:\/\/s2-g1.glbimg.com\/tLoydR7ODPl7F_8stRcaiod6lxw=\/0x0:3000x2000\/640x0\/smart\/filters:strip_icc()\/i.s3.glbimg.com\/v1\/AUTH_59edd422c0c84a879bd37670ae4f538a\/internal_photos\/bs\/2023\/V\/f\/vqYuJrQaWbxOrzcdinig\/49637444146-7721cc9fdb-o-1-b.jpg 640w, https:\/\/s2-g1.glbimg.com\/0auRInw1kp0mNwnJ6Z9trmhDWQ0=\/0x0:3000x2000\/600x0\/smart\/filters:strip_icc()\/i.s3.glbimg.com\/v1\/AUTH_59edd422c0c84a879bd37670ae4f538a\/internal_photos\/bs\/2023\/V\/f\/vqYuJrQaWbxOrzcdinig\/49637444146-7721cc9fdb-o-1-b.jpg 600w\" alt=\"Jair Bolsonaro e Mauro Cid em imagem de mar\u00e7o de 2020 \u2014 Foto: Alan Santos\/PR\" \/><\/figure>\n<\/div>\n<p class=\"content-media__description  \">Jair Bolsonaro e Mauro Cid em imagem de mar\u00e7o de 2020 \u2014 Foto: Alan Santos\/PR<\/p>\n<\/div>\n<\/div>\n<\/div>\n<div id=\"chunk-6r7hs\">\n<div class=\"mc-column mc-side-item__container\" data-block-type=\"ads\" data-block-id=\"2\">\n<div class=\"mc-side-item mc-side-item--right content-ads content-ads--side-ad\">\n<div id=\"banner_materia1\" class=\"tag-manager-publicidade-container tag-manager-publicidade-banner_materia1 tag-manager-publicidade-container--carregado tag-manager-publicidade-container--visivel\" data-google-query-id=\"COWx2NP27P4CFWG9lQIdshoFbw\">\n<div id=\"google_ads_iframe_\/95377733\/tvg_G1\/Politica_0__container__\">O advogado Rodrigo Roca deixou a defesa de Mauro Cid, ex-ajudante de ordens de Jair Bolsonaro. A defesa, procurada pelo <strong>blog<\/strong>, confirmou a informa\u00e7\u00e3o.\u00a0<strong>Veja a nota<\/strong>:<\/div>\n<\/div>\n<\/div>\n<\/div>\n<\/div>\n<div class=\"wall protected-content\">\n<div id=\"chunk-8mf4j\">\n<div class=\"mc-column content-text active-extra-styles \" data-block-type=\"unstyled\" data-block-weight=\"27\" data-block-id=\"4\">\n<p class=\"content-text__container \" data-track-category=\"Link no Texto\" data-track-links=\"\"><em>Renuncio \u00e0 defesa dos interesses do Cel. Mauro Cid nos inqu\u00e9ritos em que figura como investigado, por raz\u00f5es de foro profissional e impedimentos familiares da minha parte.<\/em><\/p>\n<\/div>\n<\/div>\n<div id=\"chunk-2e0c0\">\n<div class=\"mc-column content-text active-extra-styles \" data-block-type=\"unstyled\" data-block-weight=\"2\" data-block-id=\"5\">\n<p class=\"content-text__container \" data-track-category=\"Link no Texto\" data-track-links=\"\"><em>Rodrigo Roca<\/em><\/p>\n<\/div>\n<\/div>\n<div id=\"chunk-1c62f\">\n<div class=\"mc-column content-text active-extra-styles \" data-block-type=\"unstyled\" data-block-weight=\"64\" data-block-id=\"6\">\n<p class=\"content-text__container \" data-track-category=\"Link no Texto\" data-track-links=\"\"><a class=\"\" href=\"https:\/\/g1.globo.com\/df\/distrito-federal\/noticia\/2023\/05\/03\/ex-ajudante-de-ordens-de-bolsonaro-e-preso-pela-pf.ghtml\">Cid foi preso na quarta-feira (3) pela Pol\u00edcia Federal (PF)<\/a>, em opera\u00e7\u00e3o que apura a inser\u00e7\u00e3o de dados falsos de vacina\u00e7\u00e3o contra a Covid-19 nos sistemas do\u00a0<a class=\"\" href=\"https:\/\/g1.globo.com\/tudo-sobre\/ministerio-da-saude\/\">Minist\u00e9rio da Sa\u00fade<\/a>. Segundo a investiga\u00e7\u00e3o da PF, foram forjados os certificados de vacina\u00e7\u00e3o de Jair Bolsonaro, de sua filha mais nova, al\u00e9m da esposa e filha do pr\u00f3prio Cid e de outras pessoas ligadas ao ex-presidente.<\/p>\n<\/div>\n<\/div>\n<div id=\"chunk-7gmbm\">\n<div class=\"mc-column content-text active-extra-styles \" data-block-type=\"unstyled\" data-block-weight=\"27\" data-block-id=\"8\">\n<p class=\"content-text__container \" data-track-category=\"Link no Texto\" data-track-links=\"\">Roca foi advogado do senador Fl\u00e1vio Bolsonaro (PL-RJ) no\u00a0<a class=\"\" href=\"https:\/\/g1.globo.com\/rj\/rio-de-janeiro\/noticia\/2021\/11\/09\/rachadinhas-entenda-suspeitas-do-mp-sobre-flavio-bolsonaro.ghtml\">caso das &#8220;rachadinhas&#8221;\u00a0<\/a>e, em 2022,\u00a0<a class=\"\" href=\"https:\/\/g1.globo.com\/politica\/noticia\/2022\/03\/09\/advogado-que-defendeu-flavio-bolsonaro-e-nomeado-para-cargo-no-ministerio-da-justica.ghtml\">foi indicado pelo ex-presidente Jair Bolsonaro como Secret\u00e1rio Nacional do Consumidor (Senacon)<\/a>.<\/p>\n<\/div>\n<\/div>\n<div id=\"chunk-db2el\">\n<div class=\"bs-video-block mc-column  content-media content-video\" data-block-type=\"backstage-video\" data-block-id=\"9\">\n<div class=\"content-media__container\">\n<div class=\"content-video__bigger-player-description-fixer\">\n<article class=\"content-video\">\n<section class=\"content-video__video-container\">\n<div class=\"content-video__video\">\n<div class=\"content-video__placeholder\" data-video-id=\"11585560\" data-video-has-viewport-play=\"True\"><img class=\"content-video__placeholder__thumb\" title=\"Quem \u00e9 Mauro Cid, ex-ajudante de ordens de Bolsonaro preso em opera\u00e7\u00e3o da PF\" src=\"https:\/\/s01.video.glbimg.com\/x240\/11585560.jpg\" alt=\"Quem \u00e9 Mauro Cid, ex-ajudante de ordens de Bolsonaro preso em opera\u00e7\u00e3o da PF\" \/><\/div>\n<div id=\"wp3-player-2\" class=\"clappr-player\" tabindex=\"9999\" data-player=\"\">\n<div class=\"dfp-ad-overlay dfp-ad-overlay--poster-mode\">\n<div><\/div>\n<\/div>\n<div class=\"media-control media-control-hide h720 w960\">\n<div class=\"media-control-panel\">\n<div class=\"media-control-panel__lower\" data-controls=\"\">\n<div class=\"opposites-container\">\n<div class=\"media-control-position__right\">Quem \u00e9 Mauro Cid, ex-ajudante de ordens de Bolsonaro preso em opera\u00e7\u00e3o da PF<\/div>\n<\/div>\n<\/div>\n<\/div>\n<\/div>\n<\/div>\n<\/div>\n<\/section>\n<\/article>\n<\/div>\n<\/div>\n<\/div>\n<\/div>\n<div id=\"chunk-61hp4\">\n<div class=\"mc-column content-text active-extra-styles \" data-block-type=\"unstyled\" data-block-weight=\"19\" data-block-id=\"10\">\n<p class=\"content-text__container \" data-track-category=\"Link no Texto\" data-track-links=\"\">Como o Estudio i, da GloboNews, revelou na semana passada, existe um racha na estrat\u00e9gia de defesa de Cid.<\/p>\n<\/div>\n<\/div>\n<div id=\"chunk-23qd2\">\n<div class=\"mc-column content-text active-extra-styles \" data-block-type=\"unstyled\" data-block-weight=\"50\" data-block-id=\"11\">\n<p class=\"content-text__container \" data-track-category=\"Link no Texto\" data-track-links=\"\">O entorno de Cid \u2013 principalmente familiares \u2013 n\u00e3o aceita que ele assuma toda responsabilidade por eventuais delitos sozinho. O advogado Roca, por sua vez, n\u00e3o faz dela\u00e7\u00e3o premiada.\u00a0<a class=\"\" href=\"https:\/\/g1.globo.com\/politica\/noticia\/2022\/03\/09\/advogado-que-defendeu-flavio-bolsonaro-e-nomeado-para-cargo-no-ministerio-da-justica.ghtml\">Muito pr\u00f3ximo \u00e0 fam\u00edlia Bolsonaro<\/a>, ele deixou a defesa do ex-ministro da Justi\u00e7a Anderson Torres e, agora, tamb\u00e9m a de Cid.<\/p>\n<\/div>\n<\/div>\n<div id=\"chunk-8repe\">\n<div class=\"mc-column content-text active-extra-styles \" data-block-type=\"unstyled\" data-block-weight=\"31\" data-block-id=\"12\">\n<p class=\"content-text__container \" data-track-category=\"Link no Texto\" data-track-links=\"\">Mais do que dela\u00e7\u00e3o, a preocupa\u00e7\u00e3o da fam\u00edlia e amigos de Cid \u00e9 com a biografia e o nome da fam\u00edlia \u2013 como revelado pelo Est\u00fadio i na semana passada.<a class=\"\" href=\"https:\/\/g1.globo.com\/politica\/blog\/andreia-sadi\/post\/2023\/05\/05\/nao-houve-intervencao-de-bolsonaro-diz-advogado-de-mauro-cid-sobre-suposta-fraude-em-cartoes-de-vacinacao.ghtml\">Em entrevista ao Est\u00fadio I na quinta-feira (4)<\/a>, Roca afirmou que n\u00e3o houve \u201cqualquer interven\u00e7\u00e3o por parte do presidente Bolsonaro\u201d\u00a0<a class=\"\" href=\"https:\/\/g1.globo.com\/politica\/blog\/valdo-cruz\/post\/2023\/05\/04\/fraude-em-vacinacao-para-pf-estrategia-de-defesa-de-bolsonaro-e-fragil-e-inconsistente.ghtml\">no caso da suposta fraude no cart\u00e3o de vacina\u00e7\u00e3o dele, de sua filha e de outras pessoas<\/a>. A fam\u00edlia de Cid se irritou tamb\u00e9m com a entrevista de Roca ao Estudio I, em que ele mais parecia defender Bolsonaro do que o ex-ajudante de ordens.<\/p>\n<\/div>\n<\/div>\n<\/div>\n<\/article>\n<\/div>\n","protected":false},"excerpt":{"rendered":"<p>Jair Bolsonaro e Mauro Cid em imagem de mar\u00e7o de 2020 \u2014 Foto: Alan Santos\/PR O advogado Rodrigo Roca deixou a defesa de Mauro Cid, ex-ajudante de ordens de Jair Bolsonaro. A defesa, procurada pelo blog, confirmou a informa\u00e7\u00e3o.\u00a0Veja a nota: Renuncio \u00e0 defesa dos interesses do Cel. Mauro Cid nos inqu\u00e9ritos em que figura [&hellip;]<\/p>\n","protected":false},"author":2,"featured_media":0,"comment_status":"open","ping_status":"open","sticky":false,"template":"","format":"standard","meta":{"_links_to":"","_links_to_target":""},"categories":[7,9,8,1],"tags":[],"_links":{"self":[{"href":"https:\/\/www.ilheusnoticias.net.br\/v1\/wp-json\/wp\/v2\/posts\/31857"}],"collection":[{"href":"https:\/\/www.ilheusnoticias.net.br\/v1\/wp-json\/wp\/v2\/posts"}],"about":[{"href":"https:\/\/www.ilheusnoticias.net.br\/v1\/wp-json\/wp\/v2\/types\/post"}],"author":[{"embeddable":true,"href":"https:\/\/www.ilheusnoticias.net.br\/v1\/wp-json\/wp\/v2\/users\/2"}],"replies":[{"embeddable":true,"href":"https:\/\/www.ilheusnoticias.net.br\/v1\/wp-json\/wp\/v2\/comments?post=31857"}],"version-history":[{"count":1,"href":"https:\/\/www.ilheusnoticias.net.br\/v1\/wp-json\/wp\/v2\/posts\/31857\/revisions"}],"predecessor-version":[{"id":31858,"href":"https:\/\/www.ilheusnoticias.net.br\/v1\/wp-json\/wp\/v2\/posts\/31857\/revisions\/31858"}],"wp:attachment":[{"href":"https:\/\/www.ilheusnoticias.net.br\/v1\/wp-json\/wp\/v2\/media?parent=31857"}],"wp:term":[{"taxonomy":"category","embeddable":true,"href":"https:\/\/www.ilheusnoticias.net.br\/v1\/wp-json\/wp\/v2\/categories?post=31857"},{"taxonomy":"post_tag","embeddable":true,"href":"https:\/\/www.ilheusnoticias.net.br\/v1\/wp-json\/wp\/v2\/tags?post=31857"}],"curies":[{"name":"wp","href":"https:\/\/api.w.org\/{rel}","templated":true}]}}