{"id":31849,"date":"2023-05-10T13:21:43","date_gmt":"2023-05-10T16:21:43","guid":{"rendered":"https:\/\/www.ilheusnoticias.net.br\/v1\/?p=31849"},"modified":"2023-05-10T13:21:43","modified_gmt":"2023-05-10T16:21:43","slug":"devido-a-obra-na-rede-de-saneamento-transito-sofre-alteracao-temporaria-na-rua-juca-pinto","status":"publish","type":"post","link":"https:\/\/www.ilheusnoticias.net.br\/v1\/2023\/05\/10\/devido-a-obra-na-rede-de-saneamento-transito-sofre-alteracao-temporaria-na-rua-juca-pinto\/","title":{"rendered":"Devido \u00e0 obra na rede de saneamento, tr\u00e2nsito sofre altera\u00e7\u00e3o tempor\u00e1ria na Rua Juca Pinto"},"content":{"rendered":"<div class=\"imagem thumbnail col-xs-12 col-sm-8 col-md-6 col-lg-6 imagem-materia\"><a class=\"fresco\" title=\"\" href=\"https:\/\/portalfacilarquivos.blob.core.windows.net\/uploads\/ILHEUS\/imgOrig\/%7BD7C5787C-AC2B-BB74-BAB2-3EEA30BAD830%7D.jpeg\" data-fresco-caption=\"\"><img loading=\"lazy\" title=\"\" src=\"https:\/\/portalfacilarquivos.blob.core.windows.net\/uploads\/ILHEUS\/img\/%7BD7C5787C-AC2B-BB74-BAB2-3EEA30BAD830%7D\/%7BD7C5787C-AC2B-BB74-BAB2-3EEA30BAD830%7D_650X450.jpeg\" alt=\"Avenida mencionada em v\u00eddeo \u00e9 a Misael Tavares, retifica Sutram\" width=\"650\" height=\"450\" \/><\/a><\/p>\n<p class=\"bg-primary\">A Superintend\u00eancia de Transporte e Tr\u00e2nsito (Sutram) informa aos condutores de ve\u00edculos que em virtude da requalifica\u00e7\u00e3o da rede de saneamento b\u00e1sico promovida pela Embasa, no bairro Pontal, haver\u00e1 desvio tempor\u00e1rio no fluxo de ve\u00edculos ao acesso \u00e0 Rua Juca Pinto, pr\u00f3ximo \u00e0 Pra\u00e7a S\u00e3o Jo\u00e3o Batista.<\/p>\n<\/div>\n<p>Os ve\u00edculos dever\u00e3o transitar pela Rua David Maia como um dos acessos ao Aeroporto Jorge Amado. A Sutram pede cautela e compreens\u00e3o de todos os motoristas que trafegam pelas imedia\u00e7\u00f5es. A rua que faz parte do desvio estar\u00e1 devidamente sinalizada, de modo a orientar os condutores, pedestres e passageiros.<\/p>\n<p>A previs\u00e3o \u00e9 de que os servi\u00e7os sejam conclu\u00eddos nos pr\u00f3ximos 15 dias.<\/p>\n","protected":false},"excerpt":{"rendered":"<p>A Superintend\u00eancia de Transporte e Tr\u00e2nsito (Sutram) informa aos condutores de ve\u00edculos que em virtude da requalifica\u00e7\u00e3o da rede de saneamento b\u00e1sico promovida pela Embasa, no bairro Pontal, haver\u00e1 desvio tempor\u00e1rio no fluxo de ve\u00edculos ao acesso \u00e0 Rua Juca Pinto, pr\u00f3ximo \u00e0 Pra\u00e7a S\u00e3o Jo\u00e3o Batista. Os ve\u00edculos dever\u00e3o transitar pela Rua David Maia [&hellip;]<\/p>\n","protected":false},"author":2,"featured_media":0,"comment_status":"open","ping_status":"open","sticky":false,"template":"","format":"standard","meta":{"_links_to":"","_links_to_target":""},"categories":[7,9,8,1],"tags":[],"_links":{"self":[{"href":"https:\/\/www.ilheusnoticias.net.br\/v1\/wp-json\/wp\/v2\/posts\/31849"}],"collection":[{"href":"https:\/\/www.ilheusnoticias.net.br\/v1\/wp-json\/wp\/v2\/posts"}],"about":[{"href":"https:\/\/www.ilheusnoticias.net.br\/v1\/wp-json\/wp\/v2\/types\/post"}],"author":[{"embeddable":true,"href":"https:\/\/www.ilheusnoticias.net.br\/v1\/wp-json\/wp\/v2\/users\/2"}],"replies":[{"embeddable":true,"href":"https:\/\/www.ilheusnoticias.net.br\/v1\/wp-json\/wp\/v2\/comments?post=31849"}],"version-history":[{"count":1,"href":"https:\/\/www.ilheusnoticias.net.br\/v1\/wp-json\/wp\/v2\/posts\/31849\/revisions"}],"predecessor-version":[{"id":31850,"href":"https:\/\/www.ilheusnoticias.net.br\/v1\/wp-json\/wp\/v2\/posts\/31849\/revisions\/31850"}],"wp:attachment":[{"href":"https:\/\/www.ilheusnoticias.net.br\/v1\/wp-json\/wp\/v2\/media?parent=31849"}],"wp:term":[{"taxonomy":"category","embeddable":true,"href":"https:\/\/www.ilheusnoticias.net.br\/v1\/wp-json\/wp\/v2\/categories?post=31849"},{"taxonomy":"post_tag","embeddable":true,"href":"https:\/\/www.ilheusnoticias.net.br\/v1\/wp-json\/wp\/v2\/tags?post=31849"}],"curies":[{"name":"wp","href":"https:\/\/api.w.org\/{rel}","templated":true}]}}