{"id":31847,"date":"2023-05-10T13:19:28","date_gmt":"2023-05-10T16:19:28","guid":{"rendered":"https:\/\/www.ilheusnoticias.net.br\/v1\/?p=31847"},"modified":"2023-05-10T13:19:28","modified_gmt":"2023-05-10T16:19:28","slug":"deputada-estadual-soane-galvao-solicita-construcao-de-moradias-populares-para-ilheus","status":"publish","type":"post","link":"https:\/\/www.ilheusnoticias.net.br\/v1\/2023\/05\/10\/deputada-estadual-soane-galvao-solicita-construcao-de-moradias-populares-para-ilheus\/","title":{"rendered":"Deputada Estadual Soane Galv\u00e3o solicita constru\u00e7\u00e3o de moradias populares para Ilh\u00e9us"},"content":{"rendered":"<p><img loading=\"lazy\" class=\"wp-image-66314 size-large\" src=\"https:\/\/www.ilheus.net\/wp-content\/uploads\/2023\/05\/56927-901467-2023-05-08-21-55-10-588x331.jpg\" sizes=\"(max-width: 588px) 100vw, 588px\" srcset=\"https:\/\/www.ilheus.net\/wp-content\/uploads\/2023\/05\/56927-901467-2023-05-08-21-55-10.jpg 588w, https:\/\/www.ilheus.net\/wp-content\/uploads\/2023\/05\/56927-901467-2023-05-08-21-55-10-300x169.jpg 300w, https:\/\/www.ilheus.net\/wp-content\/uploads\/2023\/05\/56927-901467-2023-05-08-21-55-10-611x344.jpg 611w\" alt=\"\" width=\"588\" height=\"331\" aria-describedby=\"caption-attachment-66314\" \/><\/p>\n<div class=\"entry-content clearfix\">\n<div id=\"attachment_66314\" class=\"wp-caption aligncenter\">\n<p id=\"caption-attachment-66314\" class=\"wp-caption-text\">Foto: Paulo Mocofaya\/Ag\u00eanciaALBA<\/p>\n<\/div>\n<p>A deputada Soane Galv\u00e3o (PSB) recomendou ao governador Jer\u00f4nimo Rodrigues e aos ministros da Integra\u00e7\u00e3o e do Desenvolvimento Regional, Waldez G\u00f3es, e da Casa Civil, Rui Costa, a constru\u00e7\u00e3o de moradias populares em Ilh\u00e9us. A indica\u00e7\u00e3o, protocolada na Assembleia Legislativa da Bahia (ALBA), tem como objetivo beneficiar as fam\u00edlias ilheenses de baixa renda e as que perderam suas moradias atingidas pelas fortes chuvas ocorridas entre dezembro de 2021 e abril de 2023. \u201cCom a convic\u00e7\u00e3o de sermos atendidos face a import\u00e2ncia e relev\u00e2ncia do tema, requeiro, \u00e0 aprecia\u00e7\u00e3o e aprova\u00e7\u00e3o dos nobres colegas, o deferimento do pleito atrav\u00e9s desta propositura parlamentar\u201d, disse.<\/p>\n<p>Segundo a parlamentar, al\u00e9m do d\u00e9ficit habitacional j\u00e1 existente, os \u00faltimos desastres clim\u00e1ticos ocorridos na cidade de Ilh\u00e9us deixaram centenas de fam\u00edlias desabrigadas e desalojadas. Para a legisladora, a constru\u00e7\u00e3o de novas moradias populares ser\u00e1 um instrumento significativo, eficaz e capaz de promover a inclus\u00e3o social das fam\u00edlias ilheenses.<\/p>\n<p>Esse d\u00e9ficit habitacional, assim como na maioria das cidades brasileiras, atinge, sobretudo, as fam\u00edlias de baixa renda. De acordo com o Censo Demogr\u00e1fico de 2010 (\u00faltimos dados encontrados), o IBGE identificou no munic\u00edpio um total de 71.217 domic\u00edlios, assim distribu\u00eddos: 54.948 particulares permanentes ocupados 138 particulares improvisados ocupados, 7.939 vagos, 1.067 fechados e 7.125 com uso ocasional, al\u00e9m de 94 domic\u00edlios coletivos com morador.<\/p>\n<p>No munic\u00edpio, os empreendimentos existentes no \u00e2mbito do Programa Minha Casa Minha Vida, s\u00e3o: Morada do Porto (804 unidades habitacionais) e Morada das Brisas (496 unidades habitacionais) que totalizam 1.300 fam\u00edlias beneficiadas.<\/p>\n<\/div>\n","protected":false},"excerpt":{"rendered":"<p>Foto: Paulo Mocofaya\/Ag\u00eanciaALBA A deputada Soane Galv\u00e3o (PSB) recomendou ao governador Jer\u00f4nimo Rodrigues e aos ministros da Integra\u00e7\u00e3o e do Desenvolvimento Regional, Waldez G\u00f3es, e da Casa Civil, Rui Costa, a constru\u00e7\u00e3o de moradias populares em Ilh\u00e9us. A indica\u00e7\u00e3o, protocolada na Assembleia Legislativa da Bahia (ALBA), tem como objetivo beneficiar as fam\u00edlias ilheenses de baixa [&hellip;]<\/p>\n","protected":false},"author":2,"featured_media":0,"comment_status":"open","ping_status":"open","sticky":false,"template":"","format":"standard","meta":{"_links_to":"","_links_to_target":""},"categories":[7,9,8,1],"tags":[],"_links":{"self":[{"href":"https:\/\/www.ilheusnoticias.net.br\/v1\/wp-json\/wp\/v2\/posts\/31847"}],"collection":[{"href":"https:\/\/www.ilheusnoticias.net.br\/v1\/wp-json\/wp\/v2\/posts"}],"about":[{"href":"https:\/\/www.ilheusnoticias.net.br\/v1\/wp-json\/wp\/v2\/types\/post"}],"author":[{"embeddable":true,"href":"https:\/\/www.ilheusnoticias.net.br\/v1\/wp-json\/wp\/v2\/users\/2"}],"replies":[{"embeddable":true,"href":"https:\/\/www.ilheusnoticias.net.br\/v1\/wp-json\/wp\/v2\/comments?post=31847"}],"version-history":[{"count":1,"href":"https:\/\/www.ilheusnoticias.net.br\/v1\/wp-json\/wp\/v2\/posts\/31847\/revisions"}],"predecessor-version":[{"id":31848,"href":"https:\/\/www.ilheusnoticias.net.br\/v1\/wp-json\/wp\/v2\/posts\/31847\/revisions\/31848"}],"wp:attachment":[{"href":"https:\/\/www.ilheusnoticias.net.br\/v1\/wp-json\/wp\/v2\/media?parent=31847"}],"wp:term":[{"taxonomy":"category","embeddable":true,"href":"https:\/\/www.ilheusnoticias.net.br\/v1\/wp-json\/wp\/v2\/categories?post=31847"},{"taxonomy":"post_tag","embeddable":true,"href":"https:\/\/www.ilheusnoticias.net.br\/v1\/wp-json\/wp\/v2\/tags?post=31847"}],"curies":[{"name":"wp","href":"https:\/\/api.w.org\/{rel}","templated":true}]}}