{"id":31843,"date":"2023-05-10T08:45:48","date_gmt":"2023-05-10T11:45:48","guid":{"rendered":"https:\/\/www.ilheusnoticias.net.br\/v1\/?p=31843"},"modified":"2023-05-10T08:45:48","modified_gmt":"2023-05-10T11:45:48","slug":"vereador-kaique-souza-solicita-a-implantacao-de-cirurgias-em-recem-nascidos-de-labio-leporino-no-materno-em-ilheus","status":"publish","type":"post","link":"https:\/\/www.ilheusnoticias.net.br\/v1\/2023\/05\/10\/vereador-kaique-souza-solicita-a-implantacao-de-cirurgias-em-recem-nascidos-de-labio-leporino-no-materno-em-ilheus\/","title":{"rendered":"Vereador Kaique Souza solicita a implanta\u00e7\u00e3o de cirurgias em rec\u00e9m nascidos de L\u00e1bio Leporino no Materno em Ilh\u00e9us"},"content":{"rendered":"<p><img loading=\"lazy\" class=\"alignnone size-full wp-image-31594\" src=\"https:\/\/www.ilheusnoticias.net.br\/v1\/wp-content\/uploads\/2023\/04\/4C4A01D5-B5CB-4024-8A07-628FC16FDB43.jpeg\" alt=\"\" width=\"600\" height=\"798\" srcset=\"https:\/\/www.ilheusnoticias.net.br\/v1\/wp-content\/uploads\/2023\/04\/4C4A01D5-B5CB-4024-8A07-628FC16FDB43.jpeg 600w, https:\/\/www.ilheusnoticias.net.br\/v1\/wp-content\/uploads\/2023\/04\/4C4A01D5-B5CB-4024-8A07-628FC16FDB43-226x300.jpeg 226w\" sizes=\"(max-width: 600px) 100vw, 600px\" \/><\/p>\n<p>&nbsp;<\/p>\n<p>Atrav\u00e9s do requerimento 270\/2023, da autoria do\u00a0 Vereador Kaique Souza e aprovado por unanimidade pela C\u00e2mara Municpal de Ilh\u00e9us , o edil solicitou a a implanta\u00e7\u00e3o das cirurgias em crian\u00e7as rec\u00e9m nascidas L\u00e1bio Leporino na unidade Hospitalar Materno Infantil Dr. Joaquim Sampaio em Ilh\u00e9us.\u00a0 De acordo o Vereador Kaique Souza esta solicita\u00e7\u00e3o com vista a atender o interesse a coletividade, e\u00a0 requereu\u00a0 tamb\u00e9m, que fosse encaminhado a mesma\u00a0 para Secretaria Estadual de Sa\u00fade, Secret\u00e1rio Municipal de Sa\u00fade e aos Deputados Federais, Jorge Solla e L\u00eddice da Mata e a Deputada Estadual Soane Galv\u00e3o.<\/p>\n<p>Explica Kaique Souza no pleito: &#8220;Sabedores que somos do grande \u00edndice de crian\u00e7as que nascem com essa deformidade, e, a cirurgia s\u00f3 pode ser realizada em Salvador ou Feira de Santana, causando grande transtorno aos munic\u00edpios aos quais essa maternidade atende. Isto sem contar o grande \u00f4nus que ocasiona aumento do custo para o sistema \u00fanico de sa\u00fade (SUS), com translado hospedagem alimenta\u00e7\u00e3o, a n\u00e3o realiza\u00e7\u00e3o dessa cirurgia de forma<br \/>\nemergencial causar\u00e1 infec\u00e7\u00f5es nos ouvidos, perda de audi\u00e7\u00e3o, deformidades nos dentes dentre outras, enfatizou o Vereador.<\/p>\n<p>Para Kaique Souza,&#8221;com esta medida, por certo, estaremos dando condi\u00e7\u00f5es ao paciente acometido por essa<br \/>\ndeformidade e seus familiares que tem que o acompanhar, na sua maioria carente, a condi\u00e7\u00e3o humana, e,esta<br \/>\nmedida humana \u00e9 necess\u00e1ria para uma vida saud\u00e1vel. ressalte se que a alusiva maternidade possui condi\u00e7\u00f5es<br \/>\nt\u00e9cnicas e estrutural para realiza\u00e7\u00e3o deste pleito&#8221;, concluiu Vereador Kaique Souza.<\/p>\n","protected":false},"excerpt":{"rendered":"<p>&nbsp; Atrav\u00e9s do requerimento 270\/2023, da autoria do\u00a0 Vereador Kaique Souza e aprovado por unanimidade pela C\u00e2mara Municpal de Ilh\u00e9us , o edil solicitou a a implanta\u00e7\u00e3o das cirurgias em crian\u00e7as rec\u00e9m nascidas L\u00e1bio Leporino na unidade Hospitalar Materno Infantil Dr. Joaquim Sampaio em Ilh\u00e9us.\u00a0 De acordo o Vereador Kaique Souza esta solicita\u00e7\u00e3o com vista [&hellip;]<\/p>\n","protected":false},"author":2,"featured_media":0,"comment_status":"open","ping_status":"open","sticky":false,"template":"","format":"standard","meta":{"_links_to":"","_links_to_target":""},"categories":[7,9,8,1],"tags":[],"_links":{"self":[{"href":"https:\/\/www.ilheusnoticias.net.br\/v1\/wp-json\/wp\/v2\/posts\/31843"}],"collection":[{"href":"https:\/\/www.ilheusnoticias.net.br\/v1\/wp-json\/wp\/v2\/posts"}],"about":[{"href":"https:\/\/www.ilheusnoticias.net.br\/v1\/wp-json\/wp\/v2\/types\/post"}],"author":[{"embeddable":true,"href":"https:\/\/www.ilheusnoticias.net.br\/v1\/wp-json\/wp\/v2\/users\/2"}],"replies":[{"embeddable":true,"href":"https:\/\/www.ilheusnoticias.net.br\/v1\/wp-json\/wp\/v2\/comments?post=31843"}],"version-history":[{"count":1,"href":"https:\/\/www.ilheusnoticias.net.br\/v1\/wp-json\/wp\/v2\/posts\/31843\/revisions"}],"predecessor-version":[{"id":31844,"href":"https:\/\/www.ilheusnoticias.net.br\/v1\/wp-json\/wp\/v2\/posts\/31843\/revisions\/31844"}],"wp:attachment":[{"href":"https:\/\/www.ilheusnoticias.net.br\/v1\/wp-json\/wp\/v2\/media?parent=31843"}],"wp:term":[{"taxonomy":"category","embeddable":true,"href":"https:\/\/www.ilheusnoticias.net.br\/v1\/wp-json\/wp\/v2\/categories?post=31843"},{"taxonomy":"post_tag","embeddable":true,"href":"https:\/\/www.ilheusnoticias.net.br\/v1\/wp-json\/wp\/v2\/tags?post=31843"}],"curies":[{"name":"wp","href":"https:\/\/api.w.org\/{rel}","templated":true}]}}