{"id":31841,"date":"2023-05-10T08:29:26","date_gmt":"2023-05-10T11:29:26","guid":{"rendered":"https:\/\/www.ilheusnoticias.net.br\/v1\/?p=31841"},"modified":"2023-05-11T07:11:21","modified_gmt":"2023-05-11T10:11:21","slug":"__trashed","status":"publish","type":"post","link":"https:\/\/www.ilheusnoticias.net.br\/v1\/2023\/05\/10\/__trashed\/","title":{"rendered":"Mais a\u00e7\u00f5es para Sa\u00fade de Ilh\u00e9us: Vereador Kaique Souza solicita ao Estado cirurgia em Ilh\u00e9us na \u00e1rea de Otorrinolaringologista"},"content":{"rendered":"<p><img loading=\"lazy\" class=\"alignnone  wp-image-27301\" src=\"https:\/\/www.ilheusnoticias.net.br\/v1\/wp-content\/uploads\/2021\/07\/kaique-discurso.jpeg\" alt=\"\" width=\"388\" height=\"258\" srcset=\"https:\/\/www.ilheusnoticias.net.br\/v1\/wp-content\/uploads\/2021\/07\/kaique-discurso.jpeg 1280w, https:\/\/www.ilheusnoticias.net.br\/v1\/wp-content\/uploads\/2021\/07\/kaique-discurso-300x200.jpeg 300w, https:\/\/www.ilheusnoticias.net.br\/v1\/wp-content\/uploads\/2021\/07\/kaique-discurso-1024x682.jpeg 1024w\" sizes=\"(max-width: 388px) 100vw, 388px\" \/><\/p>\n<p>Ap\u00f3s diversas reuni\u00f5es em Hospitais, atendimento presencial\u00a0 com a popula\u00e7\u00e3o carente de Ilh\u00e9us, publico alvo do seu mandato, e, uma minuciosa reuni\u00e3o com m\u00e9dicos da \u00e1rea de Otorrinolaringologista, dentre eles o renomado Dr. Igor Lucena e mais dois diletos m\u00e9dicos, Dr. Guilherme Henrique Mitikama Fen\u00f3lio e Ina\u00ea Mattoso Compagnoni da \u00e1rea, o Vereador Kaique Souza, apresentou na C\u00e2mara Municipal de Ilh\u00e9us, o que foi aprovado por unanimidade, o requerimento 271, que ser\u00e1 enviado a Deputados e Secret\u00e1ria Estadual de Sa\u00fade, onde j\u00e1 solicitou audi\u00eancia para apresenta\u00e7\u00e3o do requerimento e Projeto para implanta\u00e7\u00e3o dos servi\u00e7os.<\/p>\n<p>Kaique Souza , solicitou tamb\u00e9m em seu requerimento que, al\u00e9m da Estadual de Sa\u00fade seja\u00a0 enviado ao Secret\u00e1rio Municipal de Sa\u00fade,\u00a0 e aos Deputados Federais, Jorge Solla e L\u00eddice da Mata e a Deputada Estadual Soane Galv\u00e3o, visando unir for\u00e7as e mostrar a necessidade urgente\u00a0 da implanta\u00e7\u00e3o deste servi\u00e7os\u00a0 no Hospital Costa Cacau, e no Materno Infantil, que j\u00e1\u00a0 disp\u00f5e de aparelhagem, espa\u00e7o f\u00edsico, faltando t\u00e3o somente adequa\u00e7\u00e3o, ou na Policl\u00ednica Regional de Ilh\u00e9us (em constru\u00e7\u00e3o)\u00a0 a implanta\u00e7\u00e3o dos servi\u00e7os de atendimento a popula\u00e7\u00e3o de Ilh\u00e9us e de\u00a0 todo sul da Bahia, dentro especialidade de Otorrinolaringologia do SUS, ofertando 17 cirurgias e atendimento em n\u00edvel secund\u00e1rio\/terci\u00e1rio, utilizando da estrutura hospitalar do Regional<\/p>\n<p>Justifica o Vereador Kaique Souza que\u00a0 &#8220;a implanta\u00e7\u00e3o desses atendimentos e cirurgias que atualmente s\u00e3o feitos somente em Salvador e Feira de Santana, reduzir\u00e1 o tempo de espera de regula\u00e7\u00e3o para o servi\u00e7o p\u00fablico al\u00e9m de custo de transportes e outras demandas necess\u00e1rias para o translado. Saliente-se que, com estes servi\u00e7o ser\u00e3o realizados cirurgias: Adenoidectomia, amigdalectomia, tubo de ventila\u00e7\u00e3o timp\u00e2nico, septoplastia, turbinectomia, cirurgia endonasal, microcirurgia de laringe, timpanoplastia, mastoidectomia, faringoplastia, coloboma aureus, traqueostomia, supraglotoplastia, bi\u00f3psia da laringe, bi\u00f3psia nasal, bi\u00f3psia de ouvido&#8221; cirurgia quase que diariamente requisitadas e as pessoas passam meses at\u00e9 anos na fila da regula\u00e7\u00e3o para receber um direito seu garantido pela Constitui\u00e7\u00e3o Federal e muitas vezes, n\u00e3o chegam nem a fazer&#8221;, enfatizou Kaique Souza.<\/p>\n<p><span style=\"text-decoration: underline;\">Nossa\u00a0 preocupa\u00e7\u00e3o\u00a0 \u00e9\u00a0 legitima enfatiza\u00a0 o Vereador Kaique Souza salientando que:\u00a0 &#8220;adultos , adolescentes e\u00a0 crian\u00e7as necessitam destas <\/span>\u00a0cirurgias e s\u00f3 em Ilh\u00e9us\u00a0 registra-se uma grande demanda e com esta cirurgia, o ser humano em geral poder\u00e1 ter uma qualidade de vida com solu\u00e7\u00f5es de problemas de sa\u00fade como\u00a0 hipertrofia de am\u00edgdala e adenoide, desvio de septo, coloboma, roncoapneia do sono, perfura\u00e7\u00e3o timp\u00e2nica, otite m\u00e9dia cr\u00f4nica, sinusite cr\u00f4nica, tumores nasais, tumores delaringe, estenose subgl\u00f3tica, laringomal\u00e1cia, tumores de ouvido e conduto auditivo, paralisia de prega vocal, dentre outras&#8221; pontuada Kaique Souza.<\/p>\n<p>&#8220;Com a implanta\u00e7\u00e3o deste servi\u00e7o estaremos expandindo o servi\u00e7o de sa\u00fade na nossa rede hospitalar bem como garantindo o direito constitucional e humanit\u00e1rio&#8221; concluiu Vereador Kaique Souza.<\/p>\n","protected":false},"excerpt":{"rendered":"<p>Ap\u00f3s diversas reuni\u00f5es em Hospitais, atendimento presencial\u00a0 com a popula\u00e7\u00e3o carente de Ilh\u00e9us, publico alvo do seu mandato, e, uma minuciosa reuni\u00e3o com m\u00e9dicos da \u00e1rea de Otorrinolaringologista, dentre eles o renomado Dr. Igor Lucena e mais dois diletos m\u00e9dicos, Dr. Guilherme Henrique Mitikama Fen\u00f3lio e Ina\u00ea Mattoso Compagnoni da \u00e1rea, o Vereador Kaique Souza, [&hellip;]<\/p>\n","protected":false},"author":2,"featured_media":0,"comment_status":"open","ping_status":"open","sticky":false,"template":"","format":"standard","meta":{"_links_to":"","_links_to_target":""},"categories":[7,9,8,1],"tags":[],"_links":{"self":[{"href":"https:\/\/www.ilheusnoticias.net.br\/v1\/wp-json\/wp\/v2\/posts\/31841"}],"collection":[{"href":"https:\/\/www.ilheusnoticias.net.br\/v1\/wp-json\/wp\/v2\/posts"}],"about":[{"href":"https:\/\/www.ilheusnoticias.net.br\/v1\/wp-json\/wp\/v2\/types\/post"}],"author":[{"embeddable":true,"href":"https:\/\/www.ilheusnoticias.net.br\/v1\/wp-json\/wp\/v2\/users\/2"}],"replies":[{"embeddable":true,"href":"https:\/\/www.ilheusnoticias.net.br\/v1\/wp-json\/wp\/v2\/comments?post=31841"}],"version-history":[{"count":2,"href":"https:\/\/www.ilheusnoticias.net.br\/v1\/wp-json\/wp\/v2\/posts\/31841\/revisions"}],"predecessor-version":[{"id":31865,"href":"https:\/\/www.ilheusnoticias.net.br\/v1\/wp-json\/wp\/v2\/posts\/31841\/revisions\/31865"}],"wp:attachment":[{"href":"https:\/\/www.ilheusnoticias.net.br\/v1\/wp-json\/wp\/v2\/media?parent=31841"}],"wp:term":[{"taxonomy":"category","embeddable":true,"href":"https:\/\/www.ilheusnoticias.net.br\/v1\/wp-json\/wp\/v2\/categories?post=31841"},{"taxonomy":"post_tag","embeddable":true,"href":"https:\/\/www.ilheusnoticias.net.br\/v1\/wp-json\/wp\/v2\/tags?post=31841"}],"curies":[{"name":"wp","href":"https:\/\/api.w.org\/{rel}","templated":true}]}}