{"id":3184,"date":"2016-12-27T18:37:10","date_gmt":"2016-12-27T21:37:10","guid":{"rendered":"http:\/\/www.ilheusnoticias.net.br\/v1\/?p=3184"},"modified":"2016-12-27T18:37:10","modified_gmt":"2016-12-27T21:37:10","slug":"%ef%bb%bf%ef%bb%bf%ef%bb%bf-namoradas-de-17-anos-confessam-ter-amordacado-e-matado-homem-na-ba","status":"publish","type":"post","link":"https:\/\/www.ilheusnoticias.net.br\/v1\/2016\/12\/27\/%ef%bb%bf%ef%bb%bf%ef%bb%bf-namoradas-de-17-anos-confessam-ter-amordacado-e-matado-homem-na-ba\/","title":{"rendered":"\ufeff\ufeff\ufeff  Namoradas de 17 anos confessam ter amorda\u00e7ado e matado homem na BA"},"content":{"rendered":"<p><img loading=\"lazy\" title=\"Jovens disseram que reviraram casa da v\u00edtima para simular assalto (Foto: Divulga\u00e7\u00e3o\/Pol\u00edcia Civil)\" src=\"http:\/\/s2.glbimg.com\/SxpPaUq9CusGm8fA_4hfpM9a4Vg=\/620x465\/s.glbimg.com\/jo\/g1\/f\/original\/2016\/12\/27\/crime_feira_01.jpg\" alt=\"Jovens disseram que reviraram casa da v\u00edtima para simular assalto (Foto: Divulga\u00e7\u00e3o\/Pol\u00edcia Civil)\" width=\"620\" height=\"465\" \/><strong>Jovens disseram que reviraram casa da v\u00edtima para simular assalto (Foto: Divulga\u00e7\u00e3o\/Pol\u00edcia Civil)<\/strong><\/p>\n<div id=\"materia-letra\" class=\"materia-conteudo entry-content clearfix\">\n<p>Duas namoradas de 17 anos confessaram \u00e0 pol\u00edcia ter amorda\u00e7ado e matado um homem de 52 anos a pauladas e facadas na cidade de <a class=\"premium-tip\" href=\"http:\/\/g1.globo.com\/ba\/bahia\/cidade\/feira-de-santana.html\">Feira de Santana<\/a>, a 100 quil\u00f4metros de Salvador. De acordo com a delegada Danielle Lima, titular da Delegacia do Adolescente Infrator (DAI), que apura o caso, as jovens alegaram leg\u00edtima defesa porque, segundo elas, o homem teria tentado agarrar uma delas \u00e0 for\u00e7a. Suspeitas moravam na casa da v\u00edtima porque os pais n\u00e3o aceitavam o relacionamento delas.<\/p>\n<p>O homem assassinado foi identificado como Avani de Souza, que ficou quase uma semana desaparecido, segundo a pol\u00edcia. O corpo da v\u00edtima foi encontrado na \u00faltima sexta-feira (23), dentro da cozinha da casa onde morava, que fica no Loteamento Lagoa Suba\u00e9. Conforme a delegada Danielle Lima, a pol\u00edcia chegou at\u00e9 as suspeitas ap\u00f3s encontrar no local do crime uma receita m\u00e9dica com o nome de uma das adolescentes.<\/p>\n<p>&#8220;Ap\u00f3s o corpo ter sido localizado, os vizinhos relataram que duas mulheres estavam com ele no im\u00f3vel, mas at\u00e9 ent\u00e3o a gente n\u00e3o sabia que se tratava de duas menores de idade. Foi ent\u00e3o que encontramos, na casa, essa receita com o nome de uma das jovens&#8221;, afirmou, em contato c<!--more--><\/p>\n<\/div>\n<div id=\"materia-letra\" class=\"materia-conteudo entry-content clearfix\">\n<p>Conforme a delegada, na receita constava o endere\u00e7o de um posto m\u00e9dico da cidade de Dias D&#8217;\u00e1vila, na regi\u00e3o metropolitana de Salvador.<\/p>\n<p>&#8220;Com essa informa\u00e7\u00e3o, al\u00e9m do nome de uma das suspeitas, tamb\u00e9m levantamos a hip\u00f3tese de onde ela poderia estar. O caso foi noticiado pelos meios de comunica\u00e7\u00e3o ap\u00f3s o corpo da v\u00edtima e a receita serem encontrados. Foi ent\u00e3o que a suspeita, acho que por receio, resolveu se apresentar junto com a namorada ao Conselho Tutelar de Dias D&#8217;\u00e1vila&#8221;, destacou.<\/p>\n<p>Conforme a delegada, as jovens se apresentaram no Conselho Tutelar na segunda-feira (26) e foram encaminhadas para a delegacia da cidade, onde prestaram depoimento. Nesta ter\u00e7a, as jovens voltaram a ser ouvidas, desta vez em Feira de Santana. Ap\u00f3s o depoimento, as duas foram liberadas, segundo a delegada, porque n\u00e3o houve flagrante. A pol\u00edcia, no entanto, diz que vai pedir \u00e0 Justi\u00e7a a interna\u00e7\u00e3o das suspeitas.<\/p>\n<p><strong>Crime<\/strong><\/p>\n<p>&nbsp;<\/p>\n<p>&nbsp;<br \/>\nAs adolescentes contaram \u00e0 pol\u00edcia que deixaram a casa dos pais, em Dias D&#8217;\u00e1vila, e que foram para a casa onde a v\u00edtima estava, que pertence ao av\u00f4 de uma das jovens. As jovens disseram que os pais n\u00e3o aceitavam o namoro das duas e que, por isso, decidiram se mudar para Feira de Santana.<\/p>\n<p>No fundo da casa onde a v\u00edtima morava tinha um c\u00f4modo, segundo a delegada, e era esse o local onde as namoradas estavam h\u00e1 quase uma semana. Segundo a pol\u00edcia, foi o av\u00f4 de uma das jovens, dono da casa, quem levou as meninas para o local e apresentou as duas \u00e0 v\u00edtima, que teria se comprometido a ajudar as garotas.<\/p>\n<p>&#8220;Elas confessaram a morte do homem, mas alegaram leg\u00edtima defesa. Disseram que ele entrou no c\u00f4modo onde elas ficaram e tentou agarrar uma delas \u00e0 for\u00e7a quando a outra tinha sa\u00eddo para comprar refrigerante. Essa vers\u00e3o est\u00e1 sendo apurada&#8221;, contou a delegada.<\/p>\n<p>Ainda de acordo com o depoimento das adolescentes, a jovem que teria sa\u00eddo para comprar refrigerante deu uma facada nas costas da v\u00edtima quando retornou da rua e viu o homem tentando agarrar a companheira. &#8220;Em seguida, a outra jovem pegou um peda\u00e7o de pau e tamb\u00e9m deu uma pancada nele. O homem desmaiou e as duas o amorda\u00e7aram e levaram o corpo para a cozinha da casa. Em seguida, as duas deram mais cerca de cinco facadas no homem. Depois, retornaram para a casa dos familiares, em Dias D&#8217;\u00e1vila&#8221;, destacou.<\/p>\n<p>Antes de fugirem, segundo a delegada, as jovens ainda disseram que desarrumaram toda a casa da v\u00edtma. &#8220;Elas afirmaram que queria passar a impress\u00e3o de que teria havido um\u00a0 assalto no local, caso a pol\u00edca chegasse l\u00e1&#8221;.<\/p>\n<p>A delegada informou que aguarda o fim das investiga\u00e7\u00f5es para pedir \u00e0 Justi\u00e7a que as jovens seja internadas em uma casa de menores. &#8220;A gente vai fazer a representa\u00e7\u00e3o pela interna\u00e7\u00e3o provis\u00f3ria das duas. S\u00f3 estamos esperando que a delegacia de Dias D&#8217;\u00e1vila envie os depoimentos que elas prestaram l\u00e1&#8221;, destacou. Conforme a delegada, a duas jovens aguardam o processo em liberdade na casa de parentes.<\/p>\n<\/div>\n<p><!--more--><\/p>\n","protected":false},"excerpt":{"rendered":"<p>Jovens disseram que reviraram casa da v\u00edtima para simular assalto (Foto: Divulga\u00e7\u00e3o\/Pol\u00edcia Civil) Duas namoradas de 17 anos confessaram \u00e0 pol\u00edcia ter amorda\u00e7ado e matado um homem de 52 anos a pauladas e facadas na cidade de Feira de Santana, a 100 quil\u00f4metros de Salvador. De acordo com a delegada Danielle Lima, titular da Delegacia [&hellip;]<\/p>\n","protected":false},"author":2,"featured_media":0,"comment_status":"open","ping_status":"open","sticky":false,"template":"","format":"standard","meta":{"_links_to":"","_links_to_target":""},"categories":[7],"tags":[],"_links":{"self":[{"href":"https:\/\/www.ilheusnoticias.net.br\/v1\/wp-json\/wp\/v2\/posts\/3184"}],"collection":[{"href":"https:\/\/www.ilheusnoticias.net.br\/v1\/wp-json\/wp\/v2\/posts"}],"about":[{"href":"https:\/\/www.ilheusnoticias.net.br\/v1\/wp-json\/wp\/v2\/types\/post"}],"author":[{"embeddable":true,"href":"https:\/\/www.ilheusnoticias.net.br\/v1\/wp-json\/wp\/v2\/users\/2"}],"replies":[{"embeddable":true,"href":"https:\/\/www.ilheusnoticias.net.br\/v1\/wp-json\/wp\/v2\/comments?post=3184"}],"version-history":[{"count":1,"href":"https:\/\/www.ilheusnoticias.net.br\/v1\/wp-json\/wp\/v2\/posts\/3184\/revisions"}],"predecessor-version":[{"id":3185,"href":"https:\/\/www.ilheusnoticias.net.br\/v1\/wp-json\/wp\/v2\/posts\/3184\/revisions\/3185"}],"wp:attachment":[{"href":"https:\/\/www.ilheusnoticias.net.br\/v1\/wp-json\/wp\/v2\/media?parent=3184"}],"wp:term":[{"taxonomy":"category","embeddable":true,"href":"https:\/\/www.ilheusnoticias.net.br\/v1\/wp-json\/wp\/v2\/categories?post=3184"},{"taxonomy":"post_tag","embeddable":true,"href":"https:\/\/www.ilheusnoticias.net.br\/v1\/wp-json\/wp\/v2\/tags?post=3184"}],"curies":[{"name":"wp","href":"https:\/\/api.w.org\/{rel}","templated":true}]}}