{"id":31837,"date":"2023-05-10T06:38:25","date_gmt":"2023-05-10T09:38:25","guid":{"rendered":"https:\/\/www.ilheusnoticias.net.br\/v1\/?p=31837"},"modified":"2023-05-10T06:38:25","modified_gmt":"2023-05-10T09:38:25","slug":"baiano-sera-primeira-pessoa-negra-a-ocupar-cargo-na-diretoria-do-banco-central","status":"publish","type":"post","link":"https:\/\/www.ilheusnoticias.net.br\/v1\/2023\/05\/10\/baiano-sera-primeira-pessoa-negra-a-ocupar-cargo-na-diretoria-do-banco-central\/","title":{"rendered":"Baiano ser\u00e1 primeira pessoa negra a ocupar cargo na diretoria do Banco Central"},"content":{"rendered":"<div class=\"row content-head non-featured \">\n<div class=\"title\" data-block-type=\"title\" data-block-id=\"0\"><\/div>\n<\/div>\n<div class=\"mc-article-body\">\n<article>\n<div id=\"chunk-16jc9\">\n<div class=\"row medium-uncollapsed content-media content-photo\" data-block-type=\"backstage-photo\" data-block-id=\"1\">\n<div class=\" mc-column  content-media__container\">\n<div class=\"content-media-container glb-skeleton-box\">\n<figure class=\"content-media-figure\"><img class=\"i-amphtml-fill-content i-amphtml-replaced-content\" src=\"https:\/\/s2-g1.glbimg.com\/gJ_OMxdQ3JQ73Ebps3UVYo6qHuM=\/0x0:347x347\/984x0\/smart\/filters:strip_icc()\/i.s3.glbimg.com\/v1\/AUTH_59edd422c0c84a879bd37670ae4f538a\/internal_photos\/bs\/2023\/Q\/k\/8Y6P9eQyCQ8cyWC2po4A\/whatsapp-image-2023-05-09-at-20.07.05.jpeg\" sizes=\"(max-width: 1366px) 648px, 100vw\" srcset=\"https:\/\/s2-g1.glbimg.com\/wtNUIOOZ4pVM4LHbc_s195lO4HQ=\/0x0:347x347\/1000x0\/smart\/filters:strip_icc()\/i.s3.glbimg.com\/v1\/AUTH_59edd422c0c84a879bd37670ae4f538a\/internal_photos\/bs\/2023\/Q\/k\/8Y6P9eQyCQ8cyWC2po4A\/whatsapp-image-2023-05-09-at-20.07.05.jpeg 1000w, https:\/\/s2-g1.glbimg.com\/gJ_OMxdQ3JQ73Ebps3UVYo6qHuM=\/0x0:347x347\/984x0\/smart\/filters:strip_icc()\/i.s3.glbimg.com\/v1\/AUTH_59edd422c0c84a879bd37670ae4f538a\/internal_photos\/bs\/2023\/Q\/k\/8Y6P9eQyCQ8cyWC2po4A\/whatsapp-image-2023-05-09-at-20.07.05.jpeg 984w, https:\/\/s2-g1.glbimg.com\/jZxU-ZA3FLBQIVrH0isuHaPXKes=\/0x0:347x347\/640x0\/smart\/filters:strip_icc()\/i.s3.glbimg.com\/v1\/AUTH_59edd422c0c84a879bd37670ae4f538a\/internal_photos\/bs\/2023\/Q\/k\/8Y6P9eQyCQ8cyWC2po4A\/whatsapp-image-2023-05-09-at-20.07.05.jpeg 640w, https:\/\/s2-g1.glbimg.com\/l_eBo8nvHxRHtvnLr1aUhW6opZY=\/0x0:347x347\/600x0\/smart\/filters:strip_icc()\/i.s3.glbimg.com\/v1\/AUTH_59edd422c0c84a879bd37670ae4f538a\/internal_photos\/bs\/2023\/Q\/k\/8Y6P9eQyCQ8cyWC2po4A\/whatsapp-image-2023-05-09-at-20.07.05.jpeg 600w\" alt=\"Ailton Aquino nasceu em Jequi\u00e9, no sudoeste da Bahia \u2014 Foto: Redes sociais\" \/><\/figure>\n<\/div>\n<p class=\"content-media__description  \">Ailton Aquino nasceu em Jequi\u00e9, no sudoeste da Bahia \u2014 Foto: Redes sociais<\/p>\n<\/div>\n<\/div>\n<\/div>\n<div id=\"chunk-94n9q\">\n<div class=\"mc-column content-text active-extra-styles \" data-block-type=\"unstyled\" data-block-weight=\"46\" data-block-id=\"3\">\n<p class=\"content-text__container \" data-track-category=\"Link no Texto\" data-track-links=\"\">A primeira pessoa negra a ser indicada para um cargo na diretoria do Banco Central do Brasil \u00e9 um homem baiano. Ailton Aquino dos Santos foi nomeado na segunda-feira (8), pelo\u00a0<a class=\"\" href=\"https:\/\/g1.globo.com\/economia\/noticia\/2023\/05\/08\/haddad-anuncia-gabriel-galipolo-para-assumir-diretora-de-politica-monetaria-do-banco-central.ghtml?utm_source=twitter&amp;utm_medium=social&amp;utm_campaign=g1\">ministro da Economia Fernando Haddad<\/a>, para ser o pr\u00f3ximo diretor de fiscaliza\u00e7\u00e3o da autarquia.<\/p>\n<\/div>\n<\/div>\n<div class=\"wall protected-content\">\n<div id=\"chunk-fmehq\">\n<div class=\"mc-column content-text active-extra-styles \" data-block-type=\"unstyled\" data-block-weight=\"32\" data-block-id=\"4\">\n<p class=\"content-text__container \" data-track-category=\"Link no Texto\" data-track-links=\"\">Apesar da indica\u00e7\u00e3o, Ailton ainda n\u00e3o assumiu o cargo. Primeiro, ele dever\u00e1 passar por uma sabatina no Senado Federal. A assessoria do Banco Central informou n\u00e3o h\u00e1 data prevista para a posse.<\/p>\n<\/div>\n<\/div>\n<div id=\"chunk-fm3o9\">\n<div class=\"row medium-uncollapsed content-media content-photo\" data-block-type=\"backstage-photo\" data-block-id=\"5\">\n<div class=\" mc-column  content-media__container\">\n<div class=\"content-media-container glb-skeleton-box\">\n<figure class=\"content-media-figure\"><img class=\"i-amphtml-fill-content i-amphtml-replaced-content\" src=\"https:\/\/s2-g1.glbimg.com\/SfvQFR_S_Y0zoKbzz_5qtTBQHvU=\/0x0:2048x1365\/984x0\/smart\/filters:strip_icc()\/i.s3.glbimg.com\/v1\/AUTH_59edd422c0c84a879bd37670ae4f538a\/internal_photos\/bs\/2022\/s\/K\/eBdJ5MRCOs4XjL8VpiOA\/48002099586-2939bac18b-k.jpg\" sizes=\"(max-width: 1366px) 648px, 100vw\" srcset=\"https:\/\/s2-g1.glbimg.com\/i6J2xCYMgxHAtWAR6LvLFHNEcsM=\/0x0:2048x1365\/1000x0\/smart\/filters:strip_icc()\/i.s3.glbimg.com\/v1\/AUTH_59edd422c0c84a879bd37670ae4f538a\/internal_photos\/bs\/2022\/s\/K\/eBdJ5MRCOs4XjL8VpiOA\/48002099586-2939bac18b-k.jpg 1000w, https:\/\/s2-g1.glbimg.com\/SfvQFR_S_Y0zoKbzz_5qtTBQHvU=\/0x0:2048x1365\/984x0\/smart\/filters:strip_icc()\/i.s3.glbimg.com\/v1\/AUTH_59edd422c0c84a879bd37670ae4f538a\/internal_photos\/bs\/2022\/s\/K\/eBdJ5MRCOs4XjL8VpiOA\/48002099586-2939bac18b-k.jpg 984w, https:\/\/s2-g1.glbimg.com\/l7pK35urrU3QDlfx_ZbJTA-AALY=\/0x0:2048x1365\/640x0\/smart\/filters:strip_icc()\/i.s3.glbimg.com\/v1\/AUTH_59edd422c0c84a879bd37670ae4f538a\/internal_photos\/bs\/2022\/s\/K\/eBdJ5MRCOs4XjL8VpiOA\/48002099586-2939bac18b-k.jpg 640w, https:\/\/s2-g1.glbimg.com\/eE8N9GkMg7iheX2kTnZGFsqmOr8=\/0x0:2048x1365\/600x0\/smart\/filters:strip_icc()\/i.s3.glbimg.com\/v1\/AUTH_59edd422c0c84a879bd37670ae4f538a\/internal_photos\/bs\/2022\/s\/K\/eBdJ5MRCOs4XjL8VpiOA\/48002099586-2939bac18b-k.jpg 600w\" alt=\"Sede do Banco Central em Bras\u00edlia \u2014 Foto: Raphael Ribeiro\/BCB\" \/><\/figure>\n<\/div>\n<p class=\"content-media__description  \">Sede do Banco Central em Bras\u00edlia \u2014 Foto: Raphael Ribeiro\/BCB<\/p>\n<\/div>\n<\/div>\n<\/div>\n<div id=\"chunk-2pdl8\">\n<div class=\"content-ads content-ads--reveal\" data-block-type=\"ads\" data-block-id=\"6\">\n<div id=\"banner_materia2\" class=\"tag-manager-publicidade-container mc-has-reveal mc-has-ad-lazyload tag-manager-publicidade-banner_materia2 tag-manager-publicidade-container--carregado tag-manager-publicidade-container--visivel\" data-id=\"banner_materia2\" data-google-query-id=\"CIXOsO656v4CFfu4lQIdtzIMUQ\">\n<div id=\"google_ads_iframe_\/95377733\/tvg_G1\/Sua_Regiao&gt;Nordeste&gt;Bahia_3__container__\" style=\"box-sizing: inherit; margin: auto; padding: 0px; border: 0pt none; font: inherit; vertical-align: initial; max-width: 100%; text-align: center; width: 970px; height: 250px;\"><iframe id=\"google_ads_iframe_\/95377733\/tvg_G1\/Sua_Regiao&gt;Nordeste&gt;Bahia_3\" style=\"box-sizing: inherit; margin: 0px; padding: 0px; border: 0px; font: inherit; vertical-align: bottom;\" tabindex=\"0\" title=\"3rd party ad content\" role=\"region\" name=\"google_ads_iframe_\/95377733\/tvg_G1\/Sua_Regiao&gt;Nordeste&gt;Bahia_3\" width=\"970\" height=\"250\" frameborder=\"0\" marginwidth=\"0\" marginheight=\"0\" scrolling=\"no\" aria-label=\"Advertisement\" data-load-complete=\"true\" data-google-container-id=\"4\" data-mce-fragment=\"1\"><\/iframe><\/div>\n<\/div>\n<\/div>\n<\/div>\n<div id=\"chunk-5dj12\">\n<div class=\"mc-column content-text active-extra-styles \" data-block-type=\"unstyled\" data-block-weight=\"21\" data-block-id=\"7\">\n<p class=\"content-text__container \" data-track-category=\"Link no Texto\" data-track-links=\"\">Ailton \u00e9 natural de\u00a0<a class=\"\" href=\"https:\/\/g1.globo.com\/ba\/bahia\/cidade\/jequie\/\">Jequi\u00e9<\/a>, no sudoeste da Bahia, e trabalha no Banco Central h\u00e1 25 anos, onde \u00e9 auditor chefe.<\/p>\n<\/div>\n<\/div>\n<div id=\"chunk-d719o\">\n<div class=\"mc-column content-text active-extra-styles \" data-block-type=\"unstyled\" data-block-weight=\"25\" data-block-id=\"8\">\n<p class=\"content-text__container \" data-track-category=\"Link no Texto\" data-track-links=\"\">Ele se formou em Ci\u00eancias Cont\u00e1beis pela Universidade Estadual da Bahia (Uneb) e em Direito pelo Centro Universit\u00e1rio do Distrito Federal (UDF), em Bras\u00edlia.<\/p>\n<\/div>\n<\/div>\n<div id=\"chunk-7j87u\">\n<div class=\"mc-column content-text active-extra-styles \" data-block-type=\"unstyled\" data-block-weight=\"19\" data-block-id=\"9\">\n<p class=\"content-text__container \" data-track-category=\"Link no Texto\" data-track-links=\"\">Al\u00e9m disso, o auditor tem outras tr\u00eas especializa\u00e7\u00f5es em direito p\u00fablico, engenharia econ\u00f4mica de neg\u00f3cios e contabilidade internacional.<\/p>\n<\/div>\n<\/div>\n<\/div>\n<\/article>\n<\/div>\n","protected":false},"excerpt":{"rendered":"<p>Ailton Aquino nasceu em Jequi\u00e9, no sudoeste da Bahia \u2014 Foto: Redes sociais A primeira pessoa negra a ser indicada para um cargo na diretoria do Banco Central do Brasil \u00e9 um homem baiano. Ailton Aquino dos Santos foi nomeado na segunda-feira (8), pelo\u00a0ministro da Economia Fernando Haddad, para ser o pr\u00f3ximo diretor de fiscaliza\u00e7\u00e3o [&hellip;]<\/p>\n","protected":false},"author":2,"featured_media":0,"comment_status":"open","ping_status":"open","sticky":false,"template":"","format":"standard","meta":{"_links_to":"","_links_to_target":""},"categories":[7,9,8,1],"tags":[],"_links":{"self":[{"href":"https:\/\/www.ilheusnoticias.net.br\/v1\/wp-json\/wp\/v2\/posts\/31837"}],"collection":[{"href":"https:\/\/www.ilheusnoticias.net.br\/v1\/wp-json\/wp\/v2\/posts"}],"about":[{"href":"https:\/\/www.ilheusnoticias.net.br\/v1\/wp-json\/wp\/v2\/types\/post"}],"author":[{"embeddable":true,"href":"https:\/\/www.ilheusnoticias.net.br\/v1\/wp-json\/wp\/v2\/users\/2"}],"replies":[{"embeddable":true,"href":"https:\/\/www.ilheusnoticias.net.br\/v1\/wp-json\/wp\/v2\/comments?post=31837"}],"version-history":[{"count":1,"href":"https:\/\/www.ilheusnoticias.net.br\/v1\/wp-json\/wp\/v2\/posts\/31837\/revisions"}],"predecessor-version":[{"id":31838,"href":"https:\/\/www.ilheusnoticias.net.br\/v1\/wp-json\/wp\/v2\/posts\/31837\/revisions\/31838"}],"wp:attachment":[{"href":"https:\/\/www.ilheusnoticias.net.br\/v1\/wp-json\/wp\/v2\/media?parent=31837"}],"wp:term":[{"taxonomy":"category","embeddable":true,"href":"https:\/\/www.ilheusnoticias.net.br\/v1\/wp-json\/wp\/v2\/categories?post=31837"},{"taxonomy":"post_tag","embeddable":true,"href":"https:\/\/www.ilheusnoticias.net.br\/v1\/wp-json\/wp\/v2\/tags?post=31837"}],"curies":[{"name":"wp","href":"https:\/\/api.w.org\/{rel}","templated":true}]}}