{"id":31831,"date":"2023-05-10T06:29:41","date_gmt":"2023-05-10T09:29:41","guid":{"rendered":"https:\/\/www.ilheusnoticias.net.br\/v1\/?p=31831"},"modified":"2023-05-10T06:29:41","modified_gmt":"2023-05-10T09:29:41","slug":"destino-bahia-e-promovido-em-tres-paises-da-america-do-sul","status":"publish","type":"post","link":"https:\/\/www.ilheusnoticias.net.br\/v1\/2023\/05\/10\/destino-bahia-e-promovido-em-tres-paises-da-america-do-sul\/","title":{"rendered":"Destino Bahia \u00e9 promovido em tr\u00eas pa\u00edses da Am\u00e9rica do Sul"},"content":{"rendered":"<div class=\"Post\">\n<div class=\"Post-body\">\n<div class=\"Post-inner article\">\n<div class=\"PostFooterIcons metadata-icons\">\n<div align=\"center\"><\/div>\n<\/div>\n<\/div>\n<\/div>\n<\/div>\n<div class=\"Post\">\n<div class=\"Post-body\">\n<div class=\"Post-inner article\">\n<div class=\"PostHeaderIcons metadata-icons\"><\/div>\n<div class=\"PostContent\">\n<p><img src=\"http:\/\/www.blogdothame.blog.br\/v1\/wp-content\/uploads\/2023\/05\/Baia-de-Todos-os-Santos.jpeg\" \/><\/p>\n<p>A Secretaria de Turismo da Bahia (Setur-BA) participa do Roadshow B2Live \u2013 Gol te Leva ao Brasil, promovido pela empresa de eventos BBG, em parceria com a Gol Linhas A\u00e9reas. A promo\u00e7\u00e3o itinerante de destinos brasileiros e das rotas da companhia de avia\u00e7\u00e3o vai percorrer seis cidades, em tr\u00eas pa\u00edses da Am\u00e9rica do Sul. A previs\u00e3o \u00e9 alcan\u00e7ar mais de mil agentes e operadores de viagens.<\/p>\n<p>A primeira etapa come\u00e7ou na Argentina, para um circuito por quatro cidades. Na segunda-feira (8), a Setur-BA iniciou a divulga\u00e7\u00e3o dos atrativos das 13 zonas tur\u00edsticas da Bahia, em Mendoza. Nesta ter\u00e7a-feira (9), a a\u00e7\u00e3o segue na cidade de C\u00f3rdoba. Na quarta (10), ser\u00e1 a vez de Ros\u00e1rio. Na quinta (11), as atividades acontecem em Buenos Aires, a capital, onde tambe?m est\u00e3o previstas visitas \u00e0s empresas de viagens Decolar e CVC.<\/p>\n<p>Da Argentina, a Setur-BA segue para a capital do Uruguai, Montevid\u00e9u, com a\u00e7\u00f5es agendadas para 15 de maio. A maratona tur\u00edstica da secretaria termina, no dia 16 de maio, em Assun\u00e7\u00e3o, capital do Paraguai. O roadshow integra as a\u00e7\u00f5es do governo baiano para atrair um n\u00famero maior de turistas internacionais para o estado.<\/p>\n<\/div>\n<\/div>\n<\/div>\n<\/div>\n","protected":false},"excerpt":{"rendered":"<p>A Secretaria de Turismo da Bahia (Setur-BA) participa do Roadshow B2Live \u2013 Gol te Leva ao Brasil, promovido pela empresa de eventos BBG, em parceria com a Gol Linhas A\u00e9reas. A promo\u00e7\u00e3o itinerante de destinos brasileiros e das rotas da companhia de avia\u00e7\u00e3o vai percorrer seis cidades, em tr\u00eas pa\u00edses da Am\u00e9rica do Sul. A [&hellip;]<\/p>\n","protected":false},"author":2,"featured_media":0,"comment_status":"open","ping_status":"open","sticky":false,"template":"","format":"standard","meta":{"_links_to":"","_links_to_target":""},"categories":[7,9,8,1],"tags":[],"_links":{"self":[{"href":"https:\/\/www.ilheusnoticias.net.br\/v1\/wp-json\/wp\/v2\/posts\/31831"}],"collection":[{"href":"https:\/\/www.ilheusnoticias.net.br\/v1\/wp-json\/wp\/v2\/posts"}],"about":[{"href":"https:\/\/www.ilheusnoticias.net.br\/v1\/wp-json\/wp\/v2\/types\/post"}],"author":[{"embeddable":true,"href":"https:\/\/www.ilheusnoticias.net.br\/v1\/wp-json\/wp\/v2\/users\/2"}],"replies":[{"embeddable":true,"href":"https:\/\/www.ilheusnoticias.net.br\/v1\/wp-json\/wp\/v2\/comments?post=31831"}],"version-history":[{"count":1,"href":"https:\/\/www.ilheusnoticias.net.br\/v1\/wp-json\/wp\/v2\/posts\/31831\/revisions"}],"predecessor-version":[{"id":31832,"href":"https:\/\/www.ilheusnoticias.net.br\/v1\/wp-json\/wp\/v2\/posts\/31831\/revisions\/31832"}],"wp:attachment":[{"href":"https:\/\/www.ilheusnoticias.net.br\/v1\/wp-json\/wp\/v2\/media?parent=31831"}],"wp:term":[{"taxonomy":"category","embeddable":true,"href":"https:\/\/www.ilheusnoticias.net.br\/v1\/wp-json\/wp\/v2\/categories?post=31831"},{"taxonomy":"post_tag","embeddable":true,"href":"https:\/\/www.ilheusnoticias.net.br\/v1\/wp-json\/wp\/v2\/tags?post=31831"}],"curies":[{"name":"wp","href":"https:\/\/api.w.org\/{rel}","templated":true}]}}