{"id":31829,"date":"2023-05-10T06:25:22","date_gmt":"2023-05-10T09:25:22","guid":{"rendered":"https:\/\/www.ilheusnoticias.net.br\/v1\/?p=31829"},"modified":"2023-05-10T06:25:22","modified_gmt":"2023-05-10T09:25:22","slug":"eleicao-do-conselho-de-cultura-de-ilheus-segue-ate-sabado-13-confira-locais-de-votacao","status":"publish","type":"post","link":"https:\/\/www.ilheusnoticias.net.br\/v1\/2023\/05\/10\/eleicao-do-conselho-de-cultura-de-ilheus-segue-ate-sabado-13-confira-locais-de-votacao\/","title":{"rendered":"Elei\u00e7\u00e3o do Conselho de Cultura de Ilh\u00e9us segue at\u00e9 s\u00e1bado (13); confira locais de vota\u00e7\u00e3o"},"content":{"rendered":"<div class=\"imagem thumbnail col-xs-12 col-sm-8 col-md-6 col-lg-6 imagem-materia\"><a class=\"fresco\" title=\"\" href=\"https:\/\/portalfacilarquivos.blob.core.windows.net\/uploads\/ILHEUS\/imgOrig\/%7B7D6A3C7D-CC11-081C-D805-A5DCBDDC844E%7D.jpg\" data-fresco-caption=\"\"><img loading=\"lazy\" title=\"\" src=\"https:\/\/portalfacilarquivos.blob.core.windows.net\/uploads\/ILHEUS\/img\/%7B7D6A3C7D-CC11-081C-D805-A5DCBDDC844E%7D\/%7B7D6A3C7D-CC11-081C-D805-A5DCBDDC844E%7D_650X450.jpg\" alt=\"casa jorge\" width=\"650\" height=\"450\" \/><\/a><\/p>\n<p class=\"bg-primary\">A elei\u00e7\u00e3o para escolha dos integrantes do Conselho Municipal de Cultura (CMC) segue at\u00e9 as 12h30 do pr\u00f3ximo s\u00e1bado (13). O \u00f3rg\u00e3o representa uma ferramenta importante para garantir a participa\u00e7\u00e3o social na constru\u00e7\u00e3o das pol\u00edticas p\u00fablicas voltadas \u00e0 Cultura.<\/p>\n<\/div>\n<p>Os interessados devem comparecer ao audit\u00f3rio da Casa Jorge Amado, dos dias 9 a 12 de maio, das 9h \u00e0s 17h30, e ao Teatro Municipal de Ilh\u00e9us, no dia 13 de maio, das 8h30 \u00e0s 12h30. Os eleitores inscritos precisam apresentar documento de identifica\u00e7\u00e3o com foto. Cada usu\u00e1rio pode votar apenas uma vez e apenas em um segmento.<\/p>\n<p>As categorias eleg\u00edveis s\u00e3o: Teatro, M\u00fasica, Dan\u00e7a, Literatura, Patrim\u00f4nio Hist\u00f3rico, Cultura Popular, Cultura Afro, Artes Visuais, Audiovisual e Cultura Ind\u00edgena. A apura\u00e7\u00e3o ser\u00e1 realizada no s\u00e1bado (13), \u00e0s 13h, no Teatro Municipal.<\/p>\n<p>O Conselho Municipal de Cultura tem as seguintes finalidades, entre elas: formular pol\u00edticas e diretrizes para o Plano Municipal de Cultura (PMC); garantir a cidadania cultural como direito de acesso e frui\u00e7\u00e3o dos bens culturais; defender o patrim\u00f4nio cultural e art\u00edstico do Munic\u00edpio e colaborar na articula\u00e7\u00e3o das a\u00e7\u00f5es entre organismos p\u00fablicos e privados da \u00e1rea da cultura.<\/p>\n<p><b>Servi\u00e7o<\/b><\/p>\n<p>Elei\u00e7\u00e3o do Conselho de Cultura de Ilh\u00e9us<\/p>\n<p>Per\u00edodo: 9 a 13 de maio de 2023<\/p>\n","protected":false},"excerpt":{"rendered":"<p>A elei\u00e7\u00e3o para escolha dos integrantes do Conselho Municipal de Cultura (CMC) segue at\u00e9 as 12h30 do pr\u00f3ximo s\u00e1bado (13). O \u00f3rg\u00e3o representa uma ferramenta importante para garantir a participa\u00e7\u00e3o social na constru\u00e7\u00e3o das pol\u00edticas p\u00fablicas voltadas \u00e0 Cultura. Os interessados devem comparecer ao audit\u00f3rio da Casa Jorge Amado, dos dias 9 a 12 de [&hellip;]<\/p>\n","protected":false},"author":2,"featured_media":0,"comment_status":"open","ping_status":"open","sticky":false,"template":"","format":"standard","meta":{"_links_to":"","_links_to_target":""},"categories":[7,9,8,1],"tags":[],"_links":{"self":[{"href":"https:\/\/www.ilheusnoticias.net.br\/v1\/wp-json\/wp\/v2\/posts\/31829"}],"collection":[{"href":"https:\/\/www.ilheusnoticias.net.br\/v1\/wp-json\/wp\/v2\/posts"}],"about":[{"href":"https:\/\/www.ilheusnoticias.net.br\/v1\/wp-json\/wp\/v2\/types\/post"}],"author":[{"embeddable":true,"href":"https:\/\/www.ilheusnoticias.net.br\/v1\/wp-json\/wp\/v2\/users\/2"}],"replies":[{"embeddable":true,"href":"https:\/\/www.ilheusnoticias.net.br\/v1\/wp-json\/wp\/v2\/comments?post=31829"}],"version-history":[{"count":1,"href":"https:\/\/www.ilheusnoticias.net.br\/v1\/wp-json\/wp\/v2\/posts\/31829\/revisions"}],"predecessor-version":[{"id":31830,"href":"https:\/\/www.ilheusnoticias.net.br\/v1\/wp-json\/wp\/v2\/posts\/31829\/revisions\/31830"}],"wp:attachment":[{"href":"https:\/\/www.ilheusnoticias.net.br\/v1\/wp-json\/wp\/v2\/media?parent=31829"}],"wp:term":[{"taxonomy":"category","embeddable":true,"href":"https:\/\/www.ilheusnoticias.net.br\/v1\/wp-json\/wp\/v2\/categories?post=31829"},{"taxonomy":"post_tag","embeddable":true,"href":"https:\/\/www.ilheusnoticias.net.br\/v1\/wp-json\/wp\/v2\/tags?post=31829"}],"curies":[{"name":"wp","href":"https:\/\/api.w.org\/{rel}","templated":true}]}}