{"id":31827,"date":"2023-05-09T10:27:54","date_gmt":"2023-05-09T13:27:54","guid":{"rendered":"https:\/\/www.ilheusnoticias.net.br\/v1\/?p=31827"},"modified":"2023-05-09T10:27:54","modified_gmt":"2023-05-09T13:27:54","slug":"david-miranda-ex-deputado-federal-morre-no-rio-aos-37-anos","status":"publish","type":"post","link":"https:\/\/www.ilheusnoticias.net.br\/v1\/2023\/05\/09\/david-miranda-ex-deputado-federal-morre-no-rio-aos-37-anos\/","title":{"rendered":"David Miranda, ex-deputado federal, morre no Rio aos 37 anos"},"content":{"rendered":"<div class=\"row content-head non-featured \">\n<div class=\"title\" data-block-type=\"title\" data-block-id=\"0\"><\/div>\n<div class=\"medium-centered subtitle\"><\/div>\n<\/div>\n<div class=\"mc-article-body\">\n<article>\n<div id=\"chunk-chcjb\">\n<div class=\"bs-video-block mc-column  content-media content-video\" data-block-type=\"backstage-video\" data-block-id=\"1\">\n<div class=\"content-media__container\">\n<p class=\"content-media__description\">O ex-deputado federal <a class=\"\" href=\"https:\/\/g1.globo.com\/politica\/politico\/david-miranda\/\">David Miranda<\/a>\u00a0morreu no Rio na manh\u00e3 desta ter\u00e7a-feira (9), aos 37 anos. Ele faria 38 anos nesta quarta (10) e deixa o marido, o jornalista\u00a0<strong>Glenn Greenwald<\/strong>, e tr\u00eas filhos.\u00a0<a class=\"\" href=\"https:\/\/twitter.com\/ggreenwald\/status\/1655906393478537216\" target=\"_blank\" rel=\"noopener\">A morte foi confirmada por Glenn<\/a>\u00a0nas redes sociais.<\/p>\n<\/div>\n<\/div>\n<\/div>\n<div class=\"wall protected-content\">\n<div id=\"chunk-1c40b\">\n<div class=\"mc-column content-text active-extra-styles \" data-block-type=\"unstyled\" data-block-weight=\"56\" data-block-id=\"4\">\n<p class=\"content-text__container \" data-track-category=\"Link no Texto\" data-track-links=\"\">&#8220;\u00c9 com a mais profunda tristeza que eu comunico a morte do meu marido, David Miranda. Ele iria fazer 38 amanh\u00e3. Sua morte, no in\u00edcio desta manh\u00e3, ocorreu\u00a0<span class=\"highlight highlighted\">ap\u00f3s uma batalha de 9 meses na UTI<\/span>. Ele morreu em paz, cercado por nossos filhos, pela fam\u00edlia e por amigos&#8221;, escreveu. Eles estavam juntos havia 18 anos.<\/p>\n<\/div>\n<\/div>\n<div id=\"chunk-8jm8c\">\n<div class=\"row medium-uncollapsed content-media content-photo\" data-block-type=\"backstage-photo\" data-block-id=\"8\">\n<div class=\" mc-column  content-media__container\">\n<div class=\"content-media-container glb-skeleton-box\">\n<figure class=\"content-media-figure\"><img class=\"i-amphtml-fill-content i-amphtml-replaced-content\" src=\"https:\/\/s2.glbimg.com\/fxiSCim_pIouhykmsCPa6EsEqVI=\/0x0:4176x2784\/984x0\/smart\/filters:strip_icc()\/i.s3.glbimg.com\/v1\/AUTH_59edd422c0c84a879bd37670ae4f538a\/internal_photos\/bs\/2023\/A\/0\/YqSIYNR62tKyeFUWTAxw\/48258342551-7e7817f5f4-o.jpg\" sizes=\"(max-width: 1707px) 648px, 100vw\" srcset=\"https:\/\/s2.glbimg.com\/KSzukm5cd6KvkybLf6U7fEKmkAk=\/0x0:4176x2784\/1000x0\/smart\/filters:strip_icc()\/i.s3.glbimg.com\/v1\/AUTH_59edd422c0c84a879bd37670ae4f538a\/internal_photos\/bs\/2023\/A\/0\/YqSIYNR62tKyeFUWTAxw\/48258342551-7e7817f5f4-o.jpg 1000w, https:\/\/s2.glbimg.com\/fxiSCim_pIouhykmsCPa6EsEqVI=\/0x0:4176x2784\/984x0\/smart\/filters:strip_icc()\/i.s3.glbimg.com\/v1\/AUTH_59edd422c0c84a879bd37670ae4f538a\/internal_photos\/bs\/2023\/A\/0\/YqSIYNR62tKyeFUWTAxw\/48258342551-7e7817f5f4-o.jpg 984w, https:\/\/s2.glbimg.com\/SGl5Gq7kBTzwc8FNvqowXskCyFI=\/0x0:4176x2784\/640x0\/smart\/filters:strip_icc()\/i.s3.glbimg.com\/v1\/AUTH_59edd422c0c84a879bd37670ae4f538a\/internal_photos\/bs\/2023\/A\/0\/YqSIYNR62tKyeFUWTAxw\/48258342551-7e7817f5f4-o.jpg 640w, https:\/\/s2.glbimg.com\/18vw7mXrKmXkC-GCIbD1v_1iHm0=\/0x0:4176x2784\/600x0\/smart\/filters:strip_icc()\/i.s3.glbimg.com\/v1\/AUTH_59edd422c0c84a879bd37670ae4f538a\/internal_photos\/bs\/2023\/A\/0\/YqSIYNR62tKyeFUWTAxw\/48258342551-7e7817f5f4-o.jpg 600w\" alt=\"David Miranda em imagem de julho de 2019 \u2014 Foto: Edilson Rodrigues\/Ag\u00eancia Senado\" \/><\/figure>\n<\/div>\n<p class=\"content-media__description  \">David Miranda em imagem de julho de 2019 \u2014 Foto: Edilson Rodrigues\/Ag\u00eancia Senado<\/p>\n<\/div>\n<\/div>\n<\/div>\n<div class=\"mc-column content-text active-extra-styles\" data-block-type=\"raw\" data-block-weight=\"4\" data-block-id=\"9\">\n<div class=\"content-intertitle\">\n<h2>Nove meses na UTI<\/h2>\n<\/div>\n<p>Miranda <a class=\"\" href=\"https:\/\/g1.globo.com\/rj\/rio-de-janeiro\/noticia\/2022\/08\/11\/deputado-david-miranda-esta-internado-em-estado-grave.ghtml\">foi internado no dia 6 de agosto de 2022<\/a>\u00a0na Cl\u00ednica S\u00e3o Vicente, na G\u00e1vea, para tratar uma infec\u00e7\u00e3o gastrointestinal,\u00a0<span class=\"highlight highlighted\">e foi alvo de infec\u00e7\u00f5es sucessivas,<\/span>\u00a0em um quadro de septicemia.<\/p>\n<\/div>\n<div id=\"chunk-5mui1\">\n<div class=\"mc-column content-text active-extra-styles \" data-block-type=\"unstyled\" data-block-weight=\"17\" data-block-id=\"11\">\n<p class=\"content-text__container \" data-track-category=\"Link no Texto\" data-track-links=\"\">Em mar\u00e7o, Glenn fez\u00a0<a class=\"\" href=\"https:\/\/g1.globo.com\/rj\/rio-de-janeiro\/noticia\/2023\/03\/27\/as-vesperas-de-completar-oito-meses-de-internacao-na-uti-marido-de-david-miranda-faz-balanco-emocionante.ghtml\">um relato longo e emocionante sobre os meses de interna\u00e7\u00e3o do marido<\/a>.<\/p>\n<\/div>\n<\/div>\n<div id=\"chunk-efk07\">\n<div class=\"mc-column content-text active-extra-styles \" data-block-type=\"unstyled\" data-block-weight=\"83\" data-block-id=\"12\">\n<p class=\"content-text__container \" data-track-category=\"Link no Texto\" data-track-links=\"\">\u201cDesde a primeira semana, houve tr\u00eas ocasi\u00f5es em que seus m\u00e9dicos me ligaram e nos disseram\u00a0<span class=\"highlight highlighted\">para nos prepararmos para o pior<\/span>, que suas chances de sobreviv\u00eancia nas pr\u00f3ximas 48 a 72 horas eram muito baixas, quase imposs\u00edveis. Nem vou me dar ao trabalho de tentar explicar como \u00e9 ter que dizer a seus filhos, \u00e0 fam\u00edlia e aos melhores amigos de seu marido que \u00e9 hora de ir para o hospital pelo que provavelmente ser\u00e1 a \u00faltima vez\u201d, disse Glenn na \u00e9poca.<\/p>\n<\/div>\n<\/div>\n<div id=\"chunk-b57j9\">\n<div class=\"content-ads content-ads--reveal\" data-block-type=\"ads\" data-block-id=\"13\"><\/div>\n<\/div>\n<div id=\"chunk-3bg1u\">\n<div class=\"mc-column content-text active-extra-styles \" data-block-type=\"unstyled\" data-block-weight=\"36\" data-block-id=\"14\">\n<p class=\"content-text__container \" data-track-category=\"Link no Texto\" data-track-links=\"\">Na ocasi\u00e3o, Glenn disse que o marido se mantinha \u201ca maior parte do tempo acordado\u201d e conseguia conversar, \u201capesar da traqueostomia que teve que fazer\u201d. Miranda, no entanto, j\u00e1 dependia de um ventilador para assist\u00eancia respirat\u00f3ria.<\/p>\n<\/div>\n<\/div>\n<div id=\"chunk-4gjka\">\n<div class=\"mc-column content-text active-extra-styles \" data-block-type=\"unstyled\" data-block-weight=\"12\" data-block-id=\"15\"><\/div>\n<\/div>\n<div class=\"mc-column content-text active-extra-styles\" data-block-type=\"raw\" data-block-weight=\"24\" data-block-id=\"17\">\n<p>&nbsp;<\/p>\n<\/div>\n<div id=\"chunk-9u8hk\">\n<div class=\"row medium-uncollapsed content-media content-photo\" data-block-type=\"backstage-photo\" data-block-id=\"18\">\n<div class=\" mc-column  content-media__container\">\n<div class=\"content-media-container glb-skeleton-box\">\n<figure class=\"content-media-figure\"><img class=\"i-amphtml-fill-content i-amphtml-replaced-content\" src=\"https:\/\/s2.glbimg.com\/rkv02o52osF4VGRH43rN3E-3UVM=\/0x0:1080x823\/984x0\/smart\/filters:strip_icc()\/i.s3.glbimg.com\/v1\/AUTH_59edd422c0c84a879bd37670ae4f538a\/internal_photos\/bs\/2022\/S\/V\/NAmQJsSzma6FIK2ylB9Q\/whatsapp-image-2022-12-11-at-22.22.31.jpeg\" sizes=\"(max-width: 1707px) 648px, 100vw\" srcset=\"https:\/\/s2.glbimg.com\/hx4kaSeJ3j9MS85HzEQ3FvD4CBo=\/0x0:1080x823\/1000x0\/smart\/filters:strip_icc()\/i.s3.glbimg.com\/v1\/AUTH_59edd422c0c84a879bd37670ae4f538a\/internal_photos\/bs\/2022\/S\/V\/NAmQJsSzma6FIK2ylB9Q\/whatsapp-image-2022-12-11-at-22.22.31.jpeg 1000w, https:\/\/s2.glbimg.com\/rkv02o52osF4VGRH43rN3E-3UVM=\/0x0:1080x823\/984x0\/smart\/filters:strip_icc()\/i.s3.glbimg.com\/v1\/AUTH_59edd422c0c84a879bd37670ae4f538a\/internal_photos\/bs\/2022\/S\/V\/NAmQJsSzma6FIK2ylB9Q\/whatsapp-image-2022-12-11-at-22.22.31.jpeg 984w, https:\/\/s2.glbimg.com\/IEJUvV6Pz-RevvP40WkdzShbezw=\/0x0:1080x823\/640x0\/smart\/filters:strip_icc()\/i.s3.glbimg.com\/v1\/AUTH_59edd422c0c84a879bd37670ae4f538a\/internal_photos\/bs\/2022\/S\/V\/NAmQJsSzma6FIK2ylB9Q\/whatsapp-image-2022-12-11-at-22.22.31.jpeg 640w, https:\/\/s2.glbimg.com\/r0p-DazUZIR7l6mD3A2qInj053k=\/0x0:1080x823\/600x0\/smart\/filters:strip_icc()\/i.s3.glbimg.com\/v1\/AUTH_59edd422c0c84a879bd37670ae4f538a\/internal_photos\/bs\/2022\/S\/V\/NAmQJsSzma6FIK2ylB9Q\/whatsapp-image-2022-12-11-at-22.22.31.jpeg 600w\" alt=\"Glenn, David e os filhos \u2014 Foto: Reprodu\u00e7\u00e3o\/Redes sociais\" \/><\/figure>\n<\/div>\n<p class=\"content-media__description  \">Glenn, David e os filhos \u2014 Foto: Reprodu\u00e7\u00e3o\/Redes sociais<\/p>\n<\/div>\n<\/div>\n<\/div>\n<div class=\"mc-column content-text active-extra-styles\" data-block-type=\"raw\" data-block-weight=\"2\" data-block-id=\"19\">\n<p class=\"content-text__container\">\n<div class=\"content-intertitle\">\n<h2>\u2018Vida extraordin\u00e1ria\u2019<\/h2>\n<\/div>\n<p>&nbsp;<\/p>\n<\/div>\n<div id=\"chunk-36op0\">\n<div class=\"mc-column content-text active-extra-styles \" data-block-type=\"unstyled\" data-block-weight=\"21\" data-block-id=\"20\">\n<p class=\"content-text__container \" data-track-category=\"Link no Texto\" data-track-links=\"\"><strong>David Michel dos Santos Miranda<\/strong>\u00a0nasceu em 10 de maio de 1985. Antes da pol\u00edtica, foi jornalista e estrategista de marketing.<\/p>\n<\/div>\n<\/div>\n<div id=\"chunk-d8q2j\">\n<div class=\"mc-column content-text active-extra-styles \" data-block-type=\"unstyled\" data-block-weight=\"15\" data-block-id=\"21\">\n<p class=\"content-text__container \" data-track-category=\"Link no Texto\" data-track-links=\"\">Na postagem, Glenn destacou que a vida do marido\u00a0<span class=\"highlight highlighted\">\u201cfoi extraordin\u00e1ria em todos os sentidos\u201d<\/span>.<\/p>\n<\/div>\n<\/div>\n<div id=\"chunk-aptha\">\n<div class=\"content-ads content-ads--reveal\" data-block-type=\"ads\" data-block-id=\"22\"><\/div>\n<\/div>\n<div id=\"chunk-8lugm\">\n<div class=\"mc-column content-text active-extra-styles \" data-block-type=\"unstyled\" data-block-weight=\"40\" data-block-id=\"23\">\n<p class=\"content-text__container \" data-track-category=\"Link no Texto\" data-track-links=\"\">\u201cA m\u00e3e dele morreu quando ele tinha 5 anos, deixando \u00f3rf\u00e3o no Jacarezinho\u201d, disse. \u201cMas uma vizinha, Dona Eliane, o adotou, apesar de j\u00e1 ser m\u00e3e de 4 e da extrema pobreza. Isso lhe deu uma oportunidade de vida\u201d, narrou.<\/p>\n<\/div>\n<\/div>\n<div id=\"chunk-qudm\">\n<div class=\"mc-column content-text active-extra-styles \" data-block-type=\"unstyled\" data-block-weight=\"38\" data-block-id=\"24\">\n<p class=\"content-text__container \" data-track-category=\"Link no Texto\" data-track-links=\"\">Glenn lembrou ainda que o marido teve um papel fundamental no caso de Edward Snowden. Miranda coordenou a campanha pelo asilo ao analista e trabalhou ativamente nas revela\u00e7\u00f5es dos programas secretos de vigil\u00e2ncia global dos Estados Unidos.<\/p>\n<\/div>\n<\/div>\n<div id=\"chunk-eq7vb\">\n<div class=\"mc-column content-text active-extra-styles \" data-block-type=\"unstyled\" data-block-weight=\"34\" data-block-id=\"25\">\n<p class=\"content-text__container \" data-track-category=\"Link no Texto\" data-track-links=\"\">David Miranda foi o primeiro gay eleito para a C\u00e2mara de Vereadores do\u00a0<a class=\"\" href=\"https:\/\/g1.globo.com\/rj\/rio-de-janeiro\/cidade\/rio-de-janeiro\/\">Rio de Janeiro<\/a>, pelo Psol, e assumiu uma vaga na C\u00e2mara de Deputados, em Bras\u00edlia, ap\u00f3s a ren\u00fancia de Jean Wyllys.<\/p>\n<\/div>\n<\/div>\n<div id=\"chunk-581hu\">\n<div class=\"row medium-uncollapsed content-media content-photo\" data-block-type=\"backstage-photo\" data-block-id=\"26\">\n<div class=\" mc-column  content-media__container\">\n<div class=\"content-media-container glb-skeleton-box\">\n<figure class=\"content-media-figure\"><img class=\"i-amphtml-fill-content i-amphtml-replaced-content\" src=\"https:\/\/s2.glbimg.com\/vpbYeGbdLzBdpdZ2euktZ0p91Ns=\/0x0:511x383\/984x0\/smart\/filters:strip_icc()\/i.s3.glbimg.com\/v1\/AUTH_59edd422c0c84a879bd37670ae4f538a\/internal_photos\/bs\/2022\/W\/2\/Q37XEkTMuzgilQtSOZ8g\/dfdf.png\" sizes=\"(max-width: 1707px) 648px, 100vw\" srcset=\"https:\/\/s2.glbimg.com\/-Km55HpsCivy6BvZhhqIDeoEV44=\/0x0:511x383\/1000x0\/smart\/filters:strip_icc()\/i.s3.glbimg.com\/v1\/AUTH_59edd422c0c84a879bd37670ae4f538a\/internal_photos\/bs\/2022\/W\/2\/Q37XEkTMuzgilQtSOZ8g\/dfdf.png 1000w, https:\/\/s2.glbimg.com\/vpbYeGbdLzBdpdZ2euktZ0p91Ns=\/0x0:511x383\/984x0\/smart\/filters:strip_icc()\/i.s3.glbimg.com\/v1\/AUTH_59edd422c0c84a879bd37670ae4f538a\/internal_photos\/bs\/2022\/W\/2\/Q37XEkTMuzgilQtSOZ8g\/dfdf.png 984w, https:\/\/s2.glbimg.com\/DuKPYhdDlLeSo50Od-KU6dprRkI=\/0x0:511x383\/640x0\/smart\/filters:strip_icc()\/i.s3.glbimg.com\/v1\/AUTH_59edd422c0c84a879bd37670ae4f538a\/internal_photos\/bs\/2022\/W\/2\/Q37XEkTMuzgilQtSOZ8g\/dfdf.png 640w, https:\/\/s2.glbimg.com\/uByh1tWHdO3RET-9KQ8aY0n0Dto=\/0x0:511x383\/600x0\/smart\/filters:strip_icc()\/i.s3.glbimg.com\/v1\/AUTH_59edd422c0c84a879bd37670ae4f538a\/internal_photos\/bs\/2022\/W\/2\/Q37XEkTMuzgilQtSOZ8g\/dfdf.png 600w\" alt=\"David, Glenn e os filhos \u2014 Foto: Reprodu\u00e7\u00e3o\/Redes Socais\" \/><\/figure>\n<\/div>\n<p class=\"content-media__description  \">David, Glenn e os filhos \u2014 Foto: Reprodu\u00e7\u00e3o\/Redes Socais<\/p>\n<\/div>\n<\/div>\n<\/div>\n<\/div>\n<\/article>\n<\/div>\n","protected":false},"excerpt":{"rendered":"<p>O ex-deputado federal David Miranda\u00a0morreu no Rio na manh\u00e3 desta ter\u00e7a-feira (9), aos 37 anos. Ele faria 38 anos nesta quarta (10) e deixa o marido, o jornalista\u00a0Glenn Greenwald, e tr\u00eas filhos.\u00a0A morte foi confirmada por Glenn\u00a0nas redes sociais. &#8220;\u00c9 com a mais profunda tristeza que eu comunico a morte do meu marido, David Miranda. [&hellip;]<\/p>\n","protected":false},"author":2,"featured_media":0,"comment_status":"open","ping_status":"open","sticky":false,"template":"","format":"standard","meta":{"_links_to":"","_links_to_target":""},"categories":[7,9,8,1],"tags":[],"_links":{"self":[{"href":"https:\/\/www.ilheusnoticias.net.br\/v1\/wp-json\/wp\/v2\/posts\/31827"}],"collection":[{"href":"https:\/\/www.ilheusnoticias.net.br\/v1\/wp-json\/wp\/v2\/posts"}],"about":[{"href":"https:\/\/www.ilheusnoticias.net.br\/v1\/wp-json\/wp\/v2\/types\/post"}],"author":[{"embeddable":true,"href":"https:\/\/www.ilheusnoticias.net.br\/v1\/wp-json\/wp\/v2\/users\/2"}],"replies":[{"embeddable":true,"href":"https:\/\/www.ilheusnoticias.net.br\/v1\/wp-json\/wp\/v2\/comments?post=31827"}],"version-history":[{"count":1,"href":"https:\/\/www.ilheusnoticias.net.br\/v1\/wp-json\/wp\/v2\/posts\/31827\/revisions"}],"predecessor-version":[{"id":31828,"href":"https:\/\/www.ilheusnoticias.net.br\/v1\/wp-json\/wp\/v2\/posts\/31827\/revisions\/31828"}],"wp:attachment":[{"href":"https:\/\/www.ilheusnoticias.net.br\/v1\/wp-json\/wp\/v2\/media?parent=31827"}],"wp:term":[{"taxonomy":"category","embeddable":true,"href":"https:\/\/www.ilheusnoticias.net.br\/v1\/wp-json\/wp\/v2\/categories?post=31827"},{"taxonomy":"post_tag","embeddable":true,"href":"https:\/\/www.ilheusnoticias.net.br\/v1\/wp-json\/wp\/v2\/tags?post=31827"}],"curies":[{"name":"wp","href":"https:\/\/api.w.org\/{rel}","templated":true}]}}