{"id":31825,"date":"2023-05-09T10:24:13","date_gmt":"2023-05-09T13:24:13","guid":{"rendered":"https:\/\/www.ilheusnoticias.net.br\/v1\/?p=31825"},"modified":"2023-05-09T10:24:13","modified_gmt":"2023-05-09T13:24:13","slug":"governo-da-bahia-contribui-com-o-projeto-cacau-cabruca-da-fao","status":"publish","type":"post","link":"https:\/\/www.ilheusnoticias.net.br\/v1\/2023\/05\/09\/governo-da-bahia-contribui-com-o-projeto-cacau-cabruca-da-fao\/","title":{"rendered":"Governo da Bahia contribui com o Projeto Cacau Cabruca da FAO"},"content":{"rendered":"<div class=\"Post\">\n<div class=\"Post-body\">\n<div class=\"Post-inner article\">\n<div class=\"PostFooterIcons metadata-icons\">\n<div align=\"center\"><\/div>\n<\/div>\n<\/div>\n<\/div>\n<\/div>\n<div class=\"Post\">\n<div class=\"Post-body\">\n<div class=\"Post-inner article\">\n<div class=\"PostHeaderIcons metadata-icons\"><img src=\"http:\/\/www.blogdothame.blog.br\/v1\/wp-content\/uploads\/2023\/05\/car-cabruca-1-1024x771.jpeg\" \/><\/div>\n<div class=\"PostContent\">\n<p>A Companhia de Desenvolvimento e A\u00e7\u00e3o Regional (CAR) est\u00e1 de bra\u00e7os dados com a\u00a0Organiza\u00e7\u00e3o das Na\u00e7\u00f5es Unidas para a Alimenta\u00e7\u00e3o e a Agricultura (FAO)\u00a0para a preserva\u00e7\u00e3o da Mata Atl\u00e2ntica. Para isso, a empresa participa da constru\u00e7\u00e3o e do planejamento do projeto GEF Cabruca. Nesta segunda-feira (08), representantes dessas institui\u00e7\u00f5es, da Comiss\u00e3o Executiva do Plano da Lavoura Cacaueira (Ceplac) e do Minist\u00e9rio do Desenvolvimento Agr\u00e1rio e Agricultura Familiar (MDA) se\u00a0reuniram com esta finalidade.<\/p>\n<p>O objetivo do projeto \u00e9 reduzir e reverter a degrada\u00e7\u00e3o do bioma Mata Atl\u00e2ntica em paisagens produtivas da regi\u00e3o sul da Bahia, por meio de uma gest\u00e3o eficaz dos recursos naturais para criar um ambiente prop\u00edcio \u00e0 conserva\u00e7\u00e3o e ao uso sustent\u00e1vel da biodiversidade, com \u00eanfase na cultura do cacau como suporte \u00e0 subsist\u00eancia das popula\u00e7\u00f5es locais e benef\u00edcios ambientais globais.<\/p>\n<p>De acordo com o diretor-presidente da CAR, Jeandro Ribeiro, nesse encontro foi apresentado o Projeto Cacau Cabruca e as formas de financiamento e execu\u00e7\u00e3o desse Projeto, que deve ter a capacidade ampliada a partir da uni\u00e3o de esfor\u00e7os das organiza\u00e7\u00f5es envolvidas. \u201cApresentei as estrat\u00e9gias da CAR, a partir dos projetos Bahia que Produz e Alimenta e Parceiros da Mata, que chegam somando esfor\u00e7os. \u00c9 uma constru\u00e7\u00e3o coletiva de pautas que se enla\u00e7am em torno do cacau cabruca, cen\u00e1rio de produ\u00e7\u00e3o em que a agricultura familiar representa 80% de estabelecimentos rurais\u201d.<\/p>\n<\/div>\n<\/div>\n<\/div>\n<\/div>\n","protected":false},"excerpt":{"rendered":"<p>A Companhia de Desenvolvimento e A\u00e7\u00e3o Regional (CAR) est\u00e1 de bra\u00e7os dados com a\u00a0Organiza\u00e7\u00e3o das Na\u00e7\u00f5es Unidas para a Alimenta\u00e7\u00e3o e a Agricultura (FAO)\u00a0para a preserva\u00e7\u00e3o da Mata Atl\u00e2ntica. Para isso, a empresa participa da constru\u00e7\u00e3o e do planejamento do projeto GEF Cabruca. Nesta segunda-feira (08), representantes dessas institui\u00e7\u00f5es, da Comiss\u00e3o Executiva do Plano da [&hellip;]<\/p>\n","protected":false},"author":2,"featured_media":0,"comment_status":"open","ping_status":"open","sticky":false,"template":"","format":"standard","meta":{"_links_to":"","_links_to_target":""},"categories":[7,9,8,1],"tags":[],"_links":{"self":[{"href":"https:\/\/www.ilheusnoticias.net.br\/v1\/wp-json\/wp\/v2\/posts\/31825"}],"collection":[{"href":"https:\/\/www.ilheusnoticias.net.br\/v1\/wp-json\/wp\/v2\/posts"}],"about":[{"href":"https:\/\/www.ilheusnoticias.net.br\/v1\/wp-json\/wp\/v2\/types\/post"}],"author":[{"embeddable":true,"href":"https:\/\/www.ilheusnoticias.net.br\/v1\/wp-json\/wp\/v2\/users\/2"}],"replies":[{"embeddable":true,"href":"https:\/\/www.ilheusnoticias.net.br\/v1\/wp-json\/wp\/v2\/comments?post=31825"}],"version-history":[{"count":1,"href":"https:\/\/www.ilheusnoticias.net.br\/v1\/wp-json\/wp\/v2\/posts\/31825\/revisions"}],"predecessor-version":[{"id":31826,"href":"https:\/\/www.ilheusnoticias.net.br\/v1\/wp-json\/wp\/v2\/posts\/31825\/revisions\/31826"}],"wp:attachment":[{"href":"https:\/\/www.ilheusnoticias.net.br\/v1\/wp-json\/wp\/v2\/media?parent=31825"}],"wp:term":[{"taxonomy":"category","embeddable":true,"href":"https:\/\/www.ilheusnoticias.net.br\/v1\/wp-json\/wp\/v2\/categories?post=31825"},{"taxonomy":"post_tag","embeddable":true,"href":"https:\/\/www.ilheusnoticias.net.br\/v1\/wp-json\/wp\/v2\/tags?post=31825"}],"curies":[{"name":"wp","href":"https:\/\/api.w.org\/{rel}","templated":true}]}}