{"id":31823,"date":"2023-05-09T10:22:12","date_gmt":"2023-05-09T13:22:12","guid":{"rendered":"https:\/\/www.ilheusnoticias.net.br\/v1\/?p=31823"},"modified":"2023-05-09T10:22:12","modified_gmt":"2023-05-09T13:22:12","slug":"pandemia-nao-acabou-prefeitura-de-ilheus-reforca-importancia-da-vacinacao-contra-a-covid-19","status":"publish","type":"post","link":"https:\/\/www.ilheusnoticias.net.br\/v1\/2023\/05\/09\/pandemia-nao-acabou-prefeitura-de-ilheus-reforca-importancia-da-vacinacao-contra-a-covid-19\/","title":{"rendered":"Pandemia n\u00e3o acabou: Prefeitura de Ilh\u00e9us refor\u00e7a import\u00e2ncia da vacina\u00e7\u00e3o contra a Covid-19"},"content":{"rendered":"<div class=\"imagem thumbnail col-xs-12 col-sm-8 col-md-6 col-lg-6 imagem-materia\"><a class=\"fresco\" title=\"\" href=\"https:\/\/portalfacilarquivos.blob.core.windows.net\/uploads\/ILHEUS\/imgOrig\/%7BEDA1DCD0-E10A-AEC2-BB74-0D2B0E5BA1EE%7D.jpg\" data-fresco-caption=\"\"><img loading=\"lazy\" title=\"\" src=\"https:\/\/portalfacilarquivos.blob.core.windows.net\/uploads\/ILHEUS\/img\/%7BEDA1DCD0-E10A-AEC2-BB74-0D2B0E5BA1EE%7D\/%7BEDA1DCD0-E10A-AEC2-BB74-0D2B0E5BA1EE%7D_650X450.jpg\" alt=\"vacina\u00e7\u00e3o\" width=\"650\" height=\"450\" \/><\/a><\/p>\n<p class=\"bg-primary\">Com o an\u00fancio feito pela Organiza\u00e7\u00e3o Mundial da Sa\u00fade (OMS) sobre o fim da emerg\u00eancia internacional sanit\u00e1ria causada pela Covid-19, os \u00f3rg\u00e3os e entidades da \u00e1rea da sa\u00fade chamam a aten\u00e7\u00e3o da popula\u00e7\u00e3o para a import\u00e2ncia da vacina\u00e7\u00e3o contra a doen\u00e7a. Conforme a OMS, apesar de a emerg\u00eancia ter acabado, a amea\u00e7a ainda existe. Atualmente, o v\u00edrus mata uma pessoa a cada tr\u00eas minutos no mundo.<\/p>\n<\/div>\n<p>A Prefeitura de Ilh\u00e9us destaca que mant\u00e9m a estrat\u00e9gia de vacina\u00e7\u00e3o de todas as pessoas acima de 18 anos, com aplica\u00e7\u00e3o do imunizante bivalente da Pfizer. A recomenda\u00e7\u00e3o \u00e9 para quem recebeu ao menos duas doses de vacinas monovalentes como esquema prim\u00e1rio, respeitando o intervalo m\u00ednimo de quatros meses da \u00faltima dose recebida.<\/p>\n<p>A resposta imunol\u00f3gica frente \u00e0s novas variantes visa reduzir a probabilidade de desenvolvimento de formas graves da doen\u00e7a, principalmente em pessoas pertencentes aos grupos de risco.<\/p>\n<p>\u201cA pandemia n\u00e3o acabou. Precisamos seguir as orienta\u00e7\u00f5es e manter o esquema vacinal atualizado. Eu pe\u00e7o a todos que se vacinem. S\u00f3 assim poderemos reduzir o risco de contamina\u00e7\u00e3o e agravamento de casos da doen\u00e7a. Vacina \u00e9 vida\u201d, disse o prefeito M\u00e1rio Alexandre. O gestor frisou que a efic\u00e1cia das estrat\u00e9gias depende do comprometimento da popula\u00e7\u00e3o.<\/p>\n<p>A Secretaria de Sa\u00fade (Sesau) desenvolve a\u00e7\u00f5es pontuais a fim de garantir a aplica\u00e7\u00e3o do imunizante e ampliar a cobertura vacinal no munic\u00edpio, incluindo servi\u00e7os itinerantes para mobilizar o maior n\u00famero de pessoas. A vacina\u00e7\u00e3o est\u00e1 dispon\u00edvel nas unidades de sa\u00fade previamente informadas, conforme o hor\u00e1rio de funcionamento das salas de imuniza\u00e7\u00e3o.<\/p>\n<p><strong>Confira o cronograma da vacina\u00e7\u00e3o Covid-19 e Multivacina\u00e7\u00e3o<\/strong><\/p>\n<p>&nbsp;<\/p>\n<div class=\"table-responsive\">\n<table class=\"table table-bordered table-striped\">\n<tbody>\n<tr>\n<td>\n<p align=\"center\"><strong>UNIDADE<\/strong><\/p>\n<\/td>\n<td>\n<p align=\"center\"><strong>VACINA COVID-19 ADULTO<\/strong><\/p>\n<\/td>\n<td>\n<p align=\"center\"><strong>VACINA COVID-19 INFANTIL<\/strong><\/p>\n<\/td>\n<td>\n<p align=\"center\"><strong>MULTIVACINA\u00c7\u00c3O<\/strong><\/p>\n<\/td>\n<\/tr>\n<tr>\n<td>\n<p align=\"center\"><strong>UBS OLIVEN\u00c7A<\/strong><\/p>\n<\/td>\n<td>SEXTA \u2013 MANH\u00c3<\/td>\n<td>\n<p align=\"center\">\n<p align=\"center\">&#8212;-<\/p>\n<\/td>\n<td>TER\u00c7A, QUARTA E QUINTA \u2013 MANH\u00c3<\/p>\n<p>&nbsp;<\/td>\n<\/tr>\n<tr>\n<td>\n<p align=\"center\">\n<p align=\"center\"><strong>ESF NOSSA SENHORA DA VIT\u00d3RIA I, II E III<\/strong><\/p>\n<\/td>\n<td>&nbsp;<\/p>\n<p>TER\u00c7A E SEXTA \u2013 MANH\u00c3<\/td>\n<td>\n<p align=\"center\">\n<p align=\"center\">\n<p align=\"center\">&#8212;-<\/p>\n<\/td>\n<td>&nbsp;<\/p>\n<p>SEGUNDA E QUARTA \u2013 MANH\u00c3 E TARDE<\/p>\n<p>&nbsp;<\/p>\n<p>QUINTA \u2013 MANH\u00c3<\/p>\n<p>&nbsp;<\/p>\n<p>&nbsp;<\/td>\n<\/tr>\n<tr>\n<td>\n<p align=\"center\">\n<p align=\"center\">\n<p align=\"center\"><strong>ESF ILH\u00c9US II<\/strong><\/p>\n<p align=\"center\">\n<\/td>\n<td>\n<p align=\"center\">\n<p>SEGUNDA E SEXTA \u2013 MANH\u00c3<\/td>\n<td>\n<p align=\"center\">\n<p align=\"center\">&#8212;-<\/p>\n<\/td>\n<td>\n<p align=\"center\">\n<p align=\"center\">&#8212;<\/p>\n<\/td>\n<\/tr>\n<tr>\n<td>\n<p align=\"center\">\n<p align=\"center\">\n<p align=\"center\"><strong>UBS HERNANI S\u00c1<\/strong><\/p>\n<\/td>\n<td>&nbsp;<\/p>\n<p>SEGUNDA, TER\u00c7A E QUINTA \u2013 MANH\u00c3<\/p>\n<p>&nbsp;<\/td>\n<td>&nbsp;<\/p>\n<p>QUARTA \u2013 TARDE<\/p>\n<p>&nbsp;<\/p>\n<p>SEXTA \u2013 MANH\u00c3<\/p>\n<p align=\"center\">\n<\/td>\n<td>&nbsp;<\/p>\n<p>SEGUNDA A SEXTA \u2013 MANH\u00c3 E NOITE<\/td>\n<\/tr>\n<tr>\n<td>\n<p align=\"center\">\n<p align=\"center\"><strong>UBS SANTA DULCE DOS POBRES\u00a0(PRINCESA ISABEL)<\/strong><\/p>\n<p align=\"center\">\n<\/td>\n<td>&nbsp;<\/p>\n<p>SEGUNDA A SEXTA \u2013 MANH\u00c3<\/td>\n<td>\n<p align=\"center\">\n<\/td>\n<td>&nbsp;<\/p>\n<p>SEGUNDA A SEXTA \u2013 TARDE<\/td>\n<\/tr>\n<tr>\n<td>\n<p align=\"center\">\n<p align=\"center\">\n<p align=\"center\"><strong>CAE III<\/strong><\/p>\n<\/td>\n<td>&nbsp;<\/p>\n<p>SEGUNDA, TER\u00c7A, QUINTA E SEXTA \u2013 TARDE<\/p>\n<p>&nbsp;<\/td>\n<td>&nbsp;<\/p>\n<p>QUARTA \u2013 TARDE<\/p>\n<p>&nbsp;<\/p>\n<p>SEXTA \u2013 MANH\u00c3<\/td>\n<td>&nbsp;<\/p>\n<p>SEGUNDA, TER\u00c7A, QUINTA E SEXTA \u2013 TARDE<\/p>\n<p>&nbsp;<\/p>\n<p>&nbsp;<\/td>\n<\/tr>\n<tr>\n<td>\n<p align=\"center\">\n<p align=\"center\"><strong>UBS SARAH KUBITSCHEK<\/strong><\/p>\n<\/td>\n<td>&nbsp;<\/p>\n<p>TER\u00c7A E QUINTA \u2013 MANH\u00c3 E TARDE<\/p>\n<p>&nbsp;<\/td>\n<td>&nbsp;<\/p>\n<p>TER\u00c7A E QUINTA \u2013 MANH\u00c3 E TARDE<\/p>\n<p align=\"center\">\n<\/td>\n<td>&nbsp;<\/p>\n<p>SEGUNDA, QUARTA E SEXTA \u2013 MANH\u00c3 E TARDE<\/td>\n<\/tr>\n<tr>\n<td>\n<p align=\"center\">\n<p align=\"center\"><strong>UBS AVENIDA ESPERAN\u00c7A<\/strong><\/p>\n<\/td>\n<td>TER\u00c7A E QUINTA \u2013 MANH\u00c3<\/td>\n<td>\n<p align=\"center\">\n<p align=\"center\">&#8212;<\/p>\n<\/td>\n<td>SEGUNDA, QUARTA E SEXTA-\u00a0 MANH\u00c3<\/td>\n<\/tr>\n<tr>\n<td>\n<p align=\"center\">\n<p align=\"center\"><strong>ESF B<\/strong>A<strong>S<\/strong>\u00cd<strong>LIO I E II<\/strong><\/p>\n<\/td>\n<td>&nbsp;<\/p>\n<p>QUARTA \u2013 MANH\u00c3<\/td>\n<td>\n<p align=\"center\">&#8212;-<\/p>\n<\/td>\n<td>&nbsp;<\/p>\n<p>SEGUNDA, TER\u00c7A, QUINTA E SEXTA \u2013 MANH\u00c3 E TARDE<\/td>\n<\/tr>\n<tr>\n<td>&nbsp;<\/p>\n<p><strong>UBS EULER \u00c1ZARO<\/strong><\/p>\n<p>&nbsp;<\/td>\n<td>&nbsp;<\/p>\n<p>SEGUNDA, TER\u00c7A E QUINTA \u2013 MANH\u00c3<\/td>\n<td>&nbsp;<\/p>\n<p>SEGUNDA, TER\u00c7A E QUINTA \u2013 MANH\u00c3<\/td>\n<td>&nbsp;<\/p>\n<p>SEGUNDA, TER\u00c7A, QUINTA, E SEXTA \u2013 TARDE<\/p>\n<p>&nbsp;<\/p>\n<p>QUARTA \u2013 MANH\u00c3<\/p>\n<p align=\"center\">\n<\/td>\n<\/tr>\n<tr>\n<td>\n<p align=\"center\"><strong>UBS BANCO DA VIT\u00d3RIA<\/strong><\/p>\n<\/td>\n<td>SEGUNDA \u2013 MANH\u00c3<\/td>\n<td>\n<p align=\"center\">&#8212;-<\/p>\n<\/td>\n<td>TER\u00c7A, QUARTA, QUINTA E SEXTA \u2013 MANH\u00c3<\/p>\n<p>&nbsp;<\/td>\n<\/tr>\n<tr>\n<td>\n<p align=\"center\"><strong>ESF SALOBRINHO I E II<\/strong><\/p>\n<\/td>\n<td>SEGUNDA, TER\u00c7A, QUINTA E SEXTA \u2013 MANH\u00c3<\/td>\n<td>\n<p align=\"center\">&#8212;-<\/p>\n<\/td>\n<td>SEGUNDA, TER\u00c7A QUINTA E SEXTA \u2013 MANH\u00c3<\/p>\n<p>&nbsp;<\/td>\n<\/tr>\n<tr>\n<td>\n<p align=\"center\"><strong>UBS CONQUISTA<\/strong><\/p>\n<\/td>\n<td>SEGUNDA A SEXTA \u2013 MANHA E TARDE<\/td>\n<td>\n<p align=\"center\">&#8212;-<\/p>\n<\/td>\n<td>SEGUNDA A SEXTA \u2013 MANHA E TARDE<\/p>\n<p>&nbsp;<\/td>\n<\/tr>\n<tr>\n<td>\n<p align=\"center\">\n<p align=\"center\"><strong>ESF NELSON COSTA<\/strong><\/p>\n<\/td>\n<td>SEGUNDA, TER\u00c7A, QUARTA, QUINTA E SEXTA \u2013 MANH\u00c3<\/td>\n<td>\n<p align=\"center\">&#8212;<\/p>\n<\/td>\n<td>SEGUNDA, TER\u00c7A, QUARTA, QUINTA E SEXTA \u2013 MANH\u00c3<\/td>\n<\/tr>\n<\/tbody>\n<\/table>\n<\/div>\n","protected":false},"excerpt":{"rendered":"<p>Com o an\u00fancio feito pela Organiza\u00e7\u00e3o Mundial da Sa\u00fade (OMS) sobre o fim da emerg\u00eancia internacional sanit\u00e1ria causada pela Covid-19, os \u00f3rg\u00e3os e entidades da \u00e1rea da sa\u00fade chamam a aten\u00e7\u00e3o da popula\u00e7\u00e3o para a import\u00e2ncia da vacina\u00e7\u00e3o contra a doen\u00e7a. Conforme a OMS, apesar de a emerg\u00eancia ter acabado, a amea\u00e7a ainda existe. Atualmente, [&hellip;]<\/p>\n","protected":false},"author":2,"featured_media":0,"comment_status":"open","ping_status":"open","sticky":false,"template":"","format":"standard","meta":{"_links_to":"","_links_to_target":""},"categories":[7,9,8,1],"tags":[],"_links":{"self":[{"href":"https:\/\/www.ilheusnoticias.net.br\/v1\/wp-json\/wp\/v2\/posts\/31823"}],"collection":[{"href":"https:\/\/www.ilheusnoticias.net.br\/v1\/wp-json\/wp\/v2\/posts"}],"about":[{"href":"https:\/\/www.ilheusnoticias.net.br\/v1\/wp-json\/wp\/v2\/types\/post"}],"author":[{"embeddable":true,"href":"https:\/\/www.ilheusnoticias.net.br\/v1\/wp-json\/wp\/v2\/users\/2"}],"replies":[{"embeddable":true,"href":"https:\/\/www.ilheusnoticias.net.br\/v1\/wp-json\/wp\/v2\/comments?post=31823"}],"version-history":[{"count":1,"href":"https:\/\/www.ilheusnoticias.net.br\/v1\/wp-json\/wp\/v2\/posts\/31823\/revisions"}],"predecessor-version":[{"id":31824,"href":"https:\/\/www.ilheusnoticias.net.br\/v1\/wp-json\/wp\/v2\/posts\/31823\/revisions\/31824"}],"wp:attachment":[{"href":"https:\/\/www.ilheusnoticias.net.br\/v1\/wp-json\/wp\/v2\/media?parent=31823"}],"wp:term":[{"taxonomy":"category","embeddable":true,"href":"https:\/\/www.ilheusnoticias.net.br\/v1\/wp-json\/wp\/v2\/categories?post=31823"},{"taxonomy":"post_tag","embeddable":true,"href":"https:\/\/www.ilheusnoticias.net.br\/v1\/wp-json\/wp\/v2\/tags?post=31823"}],"curies":[{"name":"wp","href":"https:\/\/api.w.org\/{rel}","templated":true}]}}