{"id":31819,"date":"2023-05-08T11:59:36","date_gmt":"2023-05-08T14:59:36","guid":{"rendered":"https:\/\/www.ilheusnoticias.net.br\/v1\/?p=31819"},"modified":"2023-05-08T11:59:36","modified_gmt":"2023-05-08T14:59:36","slug":"coordenadora-de-posto-de-saude-que-teve-nome-usado-em-cartao-de-vacina-da-esposa-de-mauro-cid-nega-envolvimento-em-fraude-tenho-etica-profissional","status":"publish","type":"post","link":"https:\/\/www.ilheusnoticias.net.br\/v1\/2023\/05\/08\/coordenadora-de-posto-de-saude-que-teve-nome-usado-em-cartao-de-vacina-da-esposa-de-mauro-cid-nega-envolvimento-em-fraude-tenho-etica-profissional\/","title":{"rendered":"Coordenadora de posto de sa\u00fade que teve nome usado em cart\u00e3o de vacina da esposa de Mauro Cid nega envolvimento em fraude: &#8216;Tenho \u00e9tica profissional&#8217;"},"content":{"rendered":"<div class=\"row content-head non-featured \">\n<div class=\"title\" data-block-type=\"title\" data-block-id=\"0\">\n<h1 class=\"content-head__title\"><span style=\"font-size: 16px;\">Enfermeira conta que atuava em um local distinto do que Farley Vin\u00edcius de Alc\u00e2ntara, mas que j\u00e1 fez dois plant\u00f5es com ele. M\u00e9dico \u00e9 alvo da Pol\u00edcia Federal suspeito de ter cometido a fraude.<\/span><\/h1>\n<\/div>\n<\/div>\n<div class=\"content__signa-share\">\n<div class=\"content__signature\">\n<div class=\"content-publication-data\">\n<div class=\"content-publication-data__text\">\n<p class=\"content-publication-data__from\" title=\"Gabriela Mac\u00eado, g1 Goi\u00e1s\">Por Gabriela Mac\u00eado, g1 Goi\u00e1s<\/p>\n<p class=\"content-publication-data__updated\">\n<\/div>\n<\/div>\n<\/div>\n<\/div>\n<div class=\"mc-article-body\">\n<article>\n<div id=\"chunk-apudf\">\n<div class=\"row medium-uncollapsed content-media content-photo\" data-block-type=\"backstage-photo\" data-block-id=\"1\">\n<div class=\" mc-column  content-media__container\">\n<div class=\"content-media-container glb-skeleton-box\">\n<figure class=\"content-media-figure\"><img class=\"i-amphtml-fill-content i-amphtml-replaced-content\" src=\"https:\/\/s2.glbimg.com\/flpUcymskwvbCOBSJOOQUxW8GAg=\/0x0:1700x1065\/984x0\/smart\/filters:strip_icc()\/i.s3.glbimg.com\/v1\/AUTH_59edd422c0c84a879bd37670ae4f538a\/internal_photos\/bs\/2023\/0\/K\/zEmH59TqWR13n4zBANuw\/imagens-73-.png\" sizes=\"(max-width: 1707px) 648px, 100vw\" srcset=\"https:\/\/s2.glbimg.com\/cBeyK7J_EA6Wn0wuQYXQu59d_94=\/0x0:1700x1065\/1000x0\/smart\/filters:strip_icc()\/i.s3.glbimg.com\/v1\/AUTH_59edd422c0c84a879bd37670ae4f538a\/internal_photos\/bs\/2023\/0\/K\/zEmH59TqWR13n4zBANuw\/imagens-73-.png 1000w, https:\/\/s2.glbimg.com\/flpUcymskwvbCOBSJOOQUxW8GAg=\/0x0:1700x1065\/984x0\/smart\/filters:strip_icc()\/i.s3.glbimg.com\/v1\/AUTH_59edd422c0c84a879bd37670ae4f538a\/internal_photos\/bs\/2023\/0\/K\/zEmH59TqWR13n4zBANuw\/imagens-73-.png 984w, https:\/\/s2.glbimg.com\/25ZnCHMHlfGv1xf05-OLpdscL08=\/0x0:1700x1065\/640x0\/smart\/filters:strip_icc()\/i.s3.glbimg.com\/v1\/AUTH_59edd422c0c84a879bd37670ae4f538a\/internal_photos\/bs\/2023\/0\/K\/zEmH59TqWR13n4zBANuw\/imagens-73-.png 640w, https:\/\/s2.glbimg.com\/YlGNkKbZ4coVdh2q2SxDuxzkKgU=\/0x0:1700x1065\/600x0\/smart\/filters:strip_icc()\/i.s3.glbimg.com\/v1\/AUTH_59edd422c0c84a879bd37670ae4f538a\/internal_photos\/bs\/2023\/0\/K\/zEmH59TqWR13n4zBANuw\/imagens-73-.png 600w\" alt=\"Dzirr\u00ea de Almeida Gon\u00e7alves, enfermeira coordenadora de posto de sa\u00fade em Cabeceiras e cart\u00e3o de vacina com o nome da enfermeira \u2014 Foto: Arquivo pessoal\/Dzirr\u00ea de Almeida e Reprodu\u00e7\u00e3o\/Pol\u00edcia Federal\" \/><\/figure>\n<\/div>\n<p class=\"content-media__description  \">Dzirr\u00ea de Almeida Gon\u00e7alves, enfermeira coordenadora de posto de sa\u00fade em Cabeceiras e cart\u00e3o de vacina com o nome da enfermeira \u2014 Foto: Arquivo pessoal\/Dzirr\u00ea de Almeida e Reprodu\u00e7\u00e3o\/Pol\u00edcia Federa<\/p>\n<\/div>\n<\/div>\n<\/div>\n<div id=\"chunk-crpkr\">\n<div class=\"mc-column content-text active-extra-styles \" data-block-type=\"unstyled\" data-block-weight=\"74\" data-block-id=\"3\">\n<p class=\"content-text__container \" data-track-category=\"Link no Texto\" data-track-links=\"\">A enfermeira Dzirr\u00ea de Almeida Gon\u00e7alves, coordenadora de uma unidade de sa\u00fade de\u00a0<a class=\"\" href=\"https:\/\/g1.globo.com\/go\/goias\/cidade\/cabeceiras\/\">Cabeceiras<\/a>, no Entorno do Distrito Federal, foi uma das profissionais que teve o nome colocado no<a class=\"\" href=\"https:\/\/g1.globo.com\/df\/distrito-federal\/noticia\/2023\/05\/03\/ex-ajudante-de-ordens-de-bolsonaro-e-preso-pela-pf.ghtml\">\u00a0cart\u00e3o de vacina fraudado de Gabriela Santiago Cid<\/a>, esposa de Mauro Cid, ex-ajudante de ordens de Jair Bolsonaro. Al\u00e9m de negar ter envolvimento na fraude que o m\u00e9dico Farley Vin\u00edcius de Alc\u00e2ntara \u00e9 suspeito, Dzirr\u00ea contou estar abalada com toda a situa\u00e7\u00e3o envolvendo seu nome.<\/p>\n<\/div>\n<\/div>\n<div class=\"wall protected-content\">\n<div class=\"mc-column content-text active-extra-styles\" data-block-type=\"raw\" data-block-weight=\"37\" data-block-id=\"4\">\n<p class=\"content-text__container\">\n<blockquote class=\"content-blockquote theme-border-color-primary-before\"><p>&#8220;Trabalho h\u00e1 quase cinco anos na administra\u00e7\u00e3o do PSF e isso nunca aconteceu. Tenho uma \u00e9tica profissional, nunca vou fazer uma coisa dessa. N\u00e3o tenho nada a ver com isso, meu nome foi usado&#8221;, afirmou a coordenadora.<\/p><\/blockquote>\n<\/div>\n<div id=\"chunk-e3anu\">\n<div class=\"mc-column content-text active-extra-styles \" data-block-type=\"unstyled\" data-block-weight=\"55\" data-block-id=\"7\">\n<p class=\"content-text__container \" data-track-category=\"Link no Texto\" data-track-links=\"\">Dzirr\u00ea conta que, atualmente, trabalha na coordena\u00e7\u00e3o da chamada &#8216;Unidade B\u00e1sica de Sa\u00fade 3&#8217; na cidade. No entanto, em 2021, \u00e9poca em que aconteceram as fraudes, atuava no posto de sa\u00fade em que ocorriam as vacina\u00e7\u00f5es da Covid-19. J\u00e1 o m\u00e9dico, na ocasi\u00e3o, segundo a prefeitura, atuava como cl\u00ednico geral do hospital municipal da cidade.<\/p>\n<\/div>\n<\/div>\n<div id=\"chunk-4or3f\">\n<div class=\"mc-column content-text active-extra-styles \" data-block-type=\"unstyled\" data-block-weight=\"49\" data-block-id=\"8\">\n<p class=\"content-text__container \" data-track-category=\"Link no Texto\" data-track-links=\"\"><a class=\"\" href=\"https:\/\/g1.globo.com\/go\/goias\/noticia\/2023\/05\/04\/farley-vinicius-alencar-de-alcantara-quem-e-o-medico-alvo-da-pf-que-teria-fraudado-cartao-de-vacina-de-mulher-de-ex-ajudante-de-bolsonaro.ghtml\">Farley \u00e9 sobrinho do sargento do Ex\u00e9rcito Lu\u00eds Marcos dos Reis<\/a>, ex-integrante da equipe de Mauro Cid, que foi preso na quarta-feira (3), durante a opera\u00e7\u00e3o deflagrada pela Pol\u00edcia Federal. O\u00a0<a class=\"\" href=\"https:\/\/g1.globo.com\/go\/goias\/\"><strong>g1\u00a0<\/strong><\/a>n\u00e3o conseguiu localizar a defesa do m\u00e9dico para um posicionamento at\u00e9 a \u00faltima atualiza\u00e7\u00e3o desta reportagem.<\/p>\n<\/div>\n<\/div>\n<div class=\"mc-column content-text active-extra-styles\" data-block-type=\"raw\" data-block-weight=\"26\" data-block-id=\"9\">\n<blockquote class=\"content-blockquote theme-border-color-primary-before\"><p>&#8220;Selecionaram uma unidade de sa\u00fade para fazer as vacinas de Covid e era a que eu trabalhava. Eu sempre fui enfermeira coordenadora, n\u00e3o aplico vacinas&#8221;, pontuou.<\/p><\/blockquote>\n<\/div>\n<div class=\"mc-column content-text active-extra-styles\" data-block-type=\"raw\" data-block-weight=\"51\" data-block-id=\"11\">\n<p>&nbsp;<\/p>\n<\/div>\n<div id=\"chunk-16s1f\">\n<div class=\"mc-column content-text active-extra-styles \" data-block-type=\"unstyled\" data-block-weight=\"59\" data-block-id=\"12\">\n<p class=\"content-text__container \" data-track-category=\"Link no Texto\" data-track-links=\"\">A enfermeira coordenadora conta, inclusive, que como ela e o m\u00e9dico trabalhavam em locais distintos, n\u00e3o tinham contato no dia a dia. No entanto, ela explica ter conhecido ele profissionalmente e j\u00e1 ter atuado com ele em dois plant\u00f5es que ela realizou no hospital municipal. Segundo ela, na \u00e9poca, n\u00e3o suspeitou de nada quanto a conduta de Farley.<\/p>\n<\/div>\n<\/div>\n<div class=\"mc-column content-text active-extra-styles\" data-block-type=\"raw\" data-block-weight=\"27\" data-block-id=\"14\">\n<blockquote class=\"content-blockquote theme-border-color-primary-before\"><p>&#8220;Fiz uns dois plant\u00f5es com ele e conheci ele nesses plant\u00f5es, mas ele era um \u00f3timo profissional e muito reservado, era totalmente fora de suspeitas&#8221;, descreveu Dzirr\u00ea.<\/p><\/blockquote>\n<\/div>\n<div id=\"chunk-6h4tl\">\n<div class=\"mc-column content-text active-extra-styles \" data-block-type=\"unstyled\" data-block-weight=\"78\" data-block-id=\"15\">\n<p class=\"content-text__container \" data-track-category=\"Link no Texto\" data-track-links=\"\">De acordo com o prefeito da cidade, Everton Francisco, conhecido como Tuta, alguns profissionais de sa\u00fade ser\u00e3o ouvidos no\u00a0<a class=\"\" href=\"https:\/\/g1.globo.com\/go\/goias\/noticia\/2023\/05\/03\/prefeito-de-cabeceiras-diz-que-vai-abrir-investigacao-para-apurar-conduta-de-medico-que-teria-fraudado-cartao-de-vacina-de-mulher-de-ex-ajudante-de-bolsonaro.ghtml\">procedimento administrativo que foi aberto na prefeitura para investigar o caso<\/a> e saber se realmente houve a fraude por parte do m\u00e9dico e, se sim, descobrir se ele teve ajuda para cometer o crime. Entre esses profissionais a serem ouvidos est\u00e3o Dzirr\u00ea e a outra enfermeira que teve o nome citado no cart\u00e3o de vacina de Gabriela Cid.<\/p>\n<\/div>\n<\/div>\n<div class=\"mc-column content-text active-extra-styles\" data-block-type=\"raw\" data-block-weight=\"45\" data-block-id=\"16\">\n<blockquote class=\"content-blockquote theme-border-color-primary-before\"><p>&#8220;Acredito que ele tenha pego o cart\u00e3o de vacina de uma pessoa que realmente vacinou aqui na cidade, que realmente possa ter vacinado com a gente e ele tenha transcrevido isso para outro cart\u00e3o, mas n\u00e3o sei o que passou na cabe\u00e7a&#8221;, deduziu a coordenadora.<\/p><\/blockquote>\n<\/div>\n<div class=\"mc-column content-text active-extra-styles\" data-block-type=\"raw\" data-block-weight=\"38\" data-block-id=\"18\">\n<blockquote class=\"content-blockquote theme-border-color-primary-before\"><p>&#8220;Quando a gente v\u00ea nosso nome em uma situa\u00e7\u00e3o dessas, ficamos muito abaladas. Quero que [com a investiga\u00e7\u00e3o] se esclare\u00e7a tudo. Quero a verdade. Se ele teve ajuda de algu\u00e9m daqui, queremos que apare\u00e7a quem foi&#8221;, disse Dzirr\u00ea.<\/p><\/blockquote>\n<\/div>\n<div id=\"chunk-322kl\">\n<div class=\"row medium-uncollapsed content-media content-photo\" data-block-type=\"backstage-photo\" data-block-id=\"20\">\n<div class=\" mc-column  content-media__container\">\n<div class=\"content-media-container glb-skeleton-box\">\n<figure class=\"content-media-figure\"><img class=\"i-amphtml-fill-content i-amphtml-replaced-content\" src=\"https:\/\/s2.glbimg.com\/mWkmKTCR4ghEAXrA2DI2QYBvjvo=\/0x0:737x849\/984x0\/smart\/filters:strip_icc()\/i.s3.glbimg.com\/v1\/AUTH_59edd422c0c84a879bd37670ae4f538a\/internal_photos\/bs\/2023\/w\/x\/x78iyrSeWhqxDxAbmJLA\/carteira-vacinacao-esposa-cid.png\" sizes=\"(max-width: 1707px) 648px, 100vw\" srcset=\"https:\/\/s2.glbimg.com\/jinKJxP3XNmaU4C1XDY2q0VuAWU=\/0x0:737x849\/1000x0\/smart\/filters:strip_icc()\/i.s3.glbimg.com\/v1\/AUTH_59edd422c0c84a879bd37670ae4f538a\/internal_photos\/bs\/2023\/w\/x\/x78iyrSeWhqxDxAbmJLA\/carteira-vacinacao-esposa-cid.png 1000w, https:\/\/s2.glbimg.com\/mWkmKTCR4ghEAXrA2DI2QYBvjvo=\/0x0:737x849\/984x0\/smart\/filters:strip_icc()\/i.s3.glbimg.com\/v1\/AUTH_59edd422c0c84a879bd37670ae4f538a\/internal_photos\/bs\/2023\/w\/x\/x78iyrSeWhqxDxAbmJLA\/carteira-vacinacao-esposa-cid.png 984w, https:\/\/s2.glbimg.com\/mVYy7RpNXHw7agUwjIAA2Ct4B44=\/0x0:737x849\/640x0\/smart\/filters:strip_icc()\/i.s3.glbimg.com\/v1\/AUTH_59edd422c0c84a879bd37670ae4f538a\/internal_photos\/bs\/2023\/w\/x\/x78iyrSeWhqxDxAbmJLA\/carteira-vacinacao-esposa-cid.png 640w, https:\/\/s2.glbimg.com\/NRXa7O6obNJYd5de6wkdTcOBOko=\/0x0:737x849\/600x0\/smart\/filters:strip_icc()\/i.s3.glbimg.com\/v1\/AUTH_59edd422c0c84a879bd37670ae4f538a\/internal_photos\/bs\/2023\/w\/x\/x78iyrSeWhqxDxAbmJLA\/carteira-vacinacao-esposa-cid.png 600w\" alt=\"Carteira de vacina\u00e7\u00e3o da esposa do Coronel Cid preenchido com duas doses de vacinas contra a Covid \u2014 Foto: Reprodu\u00e7\u00e3o\" \/><\/figure>\n<\/div>\n<p class=\"content-media__description  \">Carteira de vacina\u00e7\u00e3o da esposa do Coronel Cid preenchido com duas doses de vacinas contra a Covid \u2014 Foto: Reprodu\u00e7\u00e3o<\/p>\n<\/div>\n<\/div>\n<\/div>\n<div class=\"mc-column content-text active-extra-styles\" data-block-type=\"raw\" data-block-weight=\"5\" data-block-id=\"21\">\n<p class=\"content-text__container\">\n<div class=\"content-intertitle\">\n<h2>Fraude em cart\u00e3o de vacina<\/h2>\n<\/div>\n<\/div>\n<div id=\"chunk-dlcse\">\n<div class=\"mc-column content-text active-extra-styles \" data-block-type=\"unstyled\" data-block-weight=\"70\" data-block-id=\"22\">\n<p class=\"content-text__container \" data-track-category=\"Link no Texto\" data-track-links=\"\">De acordo com a decis\u00e3o do ministro Alexandre de Moraes, do Supremo Tribunal Federal (STF), que autorizou a opera\u00e7\u00e3o deflagrada pela Pol\u00edcia Federal (PF), para a pr\u00e1tica da suposta fraude, Farley foi acionado por seu tio, Lu\u00eds Marcos dos Reis, ex-integrante da equipe de Mauro Cid, que tamb\u00e9m \u00e9 alvo da investiga\u00e7\u00e3o da Pol\u00edcia Federal. O m\u00e9dico foi acionado enquanto ainda prestava servi\u00e7os para a prefeitura de Cabeceiras, em 2021.<\/p>\n<\/div>\n<\/div>\n<div id=\"chunk-77ivr\">\n<div class=\"mc-column content-text active-extra-styles \" data-block-type=\"unstyled\" data-block-weight=\"35\" data-block-id=\"23\">\n<p class=\"content-text__container \" data-track-category=\"Link no Texto\" data-track-links=\"\">Na ocasi\u00e3o, o m\u00e9dico teria conseguido um cart\u00e3o de vacina\u00e7\u00e3o da Secretaria de Sa\u00fade do munic\u00edpio de Cabeceiras, que estaria preenchido com duas doses de vacina contra a Covid-19, com o nome de Gabriela Cid.<\/p>\n<\/div>\n<\/div>\n<\/div>\n<\/article>\n<\/div>\n","protected":false},"excerpt":{"rendered":"<p>Enfermeira conta que atuava em um local distinto do que Farley Vin\u00edcius de Alc\u00e2ntara, mas que j\u00e1 fez dois plant\u00f5es com ele. M\u00e9dico \u00e9 alvo da Pol\u00edcia Federal suspeito de ter cometido a fraude. Por Gabriela Mac\u00eado, g1 Goi\u00e1s Dzirr\u00ea de Almeida Gon\u00e7alves, enfermeira coordenadora de posto de sa\u00fade em Cabeceiras e cart\u00e3o de vacina [&hellip;]<\/p>\n","protected":false},"author":2,"featured_media":0,"comment_status":"open","ping_status":"open","sticky":false,"template":"","format":"standard","meta":{"_links_to":"","_links_to_target":""},"categories":[7,9,8,1],"tags":[],"_links":{"self":[{"href":"https:\/\/www.ilheusnoticias.net.br\/v1\/wp-json\/wp\/v2\/posts\/31819"}],"collection":[{"href":"https:\/\/www.ilheusnoticias.net.br\/v1\/wp-json\/wp\/v2\/posts"}],"about":[{"href":"https:\/\/www.ilheusnoticias.net.br\/v1\/wp-json\/wp\/v2\/types\/post"}],"author":[{"embeddable":true,"href":"https:\/\/www.ilheusnoticias.net.br\/v1\/wp-json\/wp\/v2\/users\/2"}],"replies":[{"embeddable":true,"href":"https:\/\/www.ilheusnoticias.net.br\/v1\/wp-json\/wp\/v2\/comments?post=31819"}],"version-history":[{"count":1,"href":"https:\/\/www.ilheusnoticias.net.br\/v1\/wp-json\/wp\/v2\/posts\/31819\/revisions"}],"predecessor-version":[{"id":31820,"href":"https:\/\/www.ilheusnoticias.net.br\/v1\/wp-json\/wp\/v2\/posts\/31819\/revisions\/31820"}],"wp:attachment":[{"href":"https:\/\/www.ilheusnoticias.net.br\/v1\/wp-json\/wp\/v2\/media?parent=31819"}],"wp:term":[{"taxonomy":"category","embeddable":true,"href":"https:\/\/www.ilheusnoticias.net.br\/v1\/wp-json\/wp\/v2\/categories?post=31819"},{"taxonomy":"post_tag","embeddable":true,"href":"https:\/\/www.ilheusnoticias.net.br\/v1\/wp-json\/wp\/v2\/tags?post=31819"}],"curies":[{"name":"wp","href":"https:\/\/api.w.org\/{rel}","templated":true}]}}