{"id":31813,"date":"2023-05-08T11:50:21","date_gmt":"2023-05-08T14:50:21","guid":{"rendered":"https:\/\/www.ilheusnoticias.net.br\/v1\/?p=31813"},"modified":"2023-05-08T11:52:40","modified_gmt":"2023-05-08T14:52:40","slug":"opo-sul-do-hospital-de-base-recebe-novo-aparelho-de-eletroencefalograma","status":"publish","type":"post","link":"https:\/\/www.ilheusnoticias.net.br\/v1\/2023\/05\/08\/opo-sul-do-hospital-de-base-recebe-novo-aparelho-de-eletroencefalograma\/","title":{"rendered":"OPO Sul do Hospital de Base recebe novo aparelho de Eletroencefalograma"},"content":{"rendered":"<div class=\"PostHeaderIcons metadata-icons\"><\/div>\n<div class=\"PostContent\">\n<p><img src=\"http:\/\/www.blogdothame.blog.br\/v1\/wp-content\/uploads\/2023\/05\/eletrobase-2-712x1024.jpeg\" \/><\/p>\n<p>&nbsp;<\/p>\n<p>A Organiza\u00e7\u00e3o de Procura de \u00d3rg\u00e3os \u2013 OPO Sul do Hospital de Base Lu\u00eds Eduardo Magalh\u00e3es recebeu nesta quinta-feira, dia 4, um novo aparelho de Eletroencefalograma, um notebook e uma impressora. A unidade hospitalar \u00e9 vinculada \u00e0 Funda\u00e7\u00e3o de Aten\u00e7\u00e3o \u00e0 Sa\u00fade de Itabuna (FASI).<\/p>\n<p><img src=\"http:\/\/www.blogdothame.blog.br\/v1\/wp-content\/uploads\/2023\/05\/eletrobase-1-300x215.jpeg\" \/><\/p>\n<div id=\"attachment_149914\" class=\"wp-caption alignright\">\n<p id=\"caption-attachment-149914\" class=\"wp-caption-text\">Presid. FASI, Roberto Pacheco Jr, Vladson Cruz, supervisor Administrativo-financeiro Eduardo Oliveira , coord. geral de enfermagem, e Silvana Batista, coord. da OPO Sul.<\/p>\n<\/div>\n<p>Os equipamentos resultaram de uma solicita\u00e7\u00e3o da OPO da unidade hospitalar junto \u00e0 Coordena\u00e7\u00e3o do Sistema Estadual de Transplantes (COSET), que integra a Secretaria da Sa\u00fade do Estado da Bahia (SESAB) para atender as demandas. Toda a intermedia\u00e7\u00e3o se deu atrav\u00e9s da Secretaria Municipal de Sa\u00fade.<\/p>\n<p>O aparelho de Eletroencefalograma tem por finalidade a realiza\u00e7\u00e3o do exame para o protocolo de morte encef\u00e1lica e, segundo a coordenadora da OPO SUL, Silvana Batista, ser\u00e1 de grande valia para a equipe, pois possibilita um diagn\u00f3stico mais r\u00e1pido para o paciente.<br \/>\n\u201cEmbora o Hospital de Base tamb\u00e9m realize exames complementares, o eletroencefalograma \u00e9 essencial para poder fechar o protocolo\u201d, diz.<\/p>\n<p>O diagn\u00f3stico da morte encef\u00e1lica, quando ocorre a completa e irrevers\u00edvel parada de todas as fun\u00e7\u00f5es do c\u00e9rebro, \u00e9 um direito do paciente e de sua fam\u00edlia, pois evita tratamentos ineficazes e oportuniza os familiares a optarem pela doa\u00e7\u00e3o de \u00f3rg\u00e3os.<\/p>\n<\/div>\n","protected":false},"excerpt":{"rendered":"<p>&nbsp; A Organiza\u00e7\u00e3o de Procura de \u00d3rg\u00e3os \u2013 OPO Sul do Hospital de Base Lu\u00eds Eduardo Magalh\u00e3es recebeu nesta quinta-feira, dia 4, um novo aparelho de Eletroencefalograma, um notebook e uma impressora. A unidade hospitalar \u00e9 vinculada \u00e0 Funda\u00e7\u00e3o de Aten\u00e7\u00e3o \u00e0 Sa\u00fade de Itabuna (FASI). Presid. FASI, Roberto Pacheco Jr, Vladson Cruz, supervisor Administrativo-financeiro [&hellip;]<\/p>\n","protected":false},"author":2,"featured_media":0,"comment_status":"open","ping_status":"open","sticky":false,"template":"","format":"standard","meta":{"_links_to":"","_links_to_target":""},"categories":[7,9,8,1],"tags":[],"_links":{"self":[{"href":"https:\/\/www.ilheusnoticias.net.br\/v1\/wp-json\/wp\/v2\/posts\/31813"}],"collection":[{"href":"https:\/\/www.ilheusnoticias.net.br\/v1\/wp-json\/wp\/v2\/posts"}],"about":[{"href":"https:\/\/www.ilheusnoticias.net.br\/v1\/wp-json\/wp\/v2\/types\/post"}],"author":[{"embeddable":true,"href":"https:\/\/www.ilheusnoticias.net.br\/v1\/wp-json\/wp\/v2\/users\/2"}],"replies":[{"embeddable":true,"href":"https:\/\/www.ilheusnoticias.net.br\/v1\/wp-json\/wp\/v2\/comments?post=31813"}],"version-history":[{"count":3,"href":"https:\/\/www.ilheusnoticias.net.br\/v1\/wp-json\/wp\/v2\/posts\/31813\/revisions"}],"predecessor-version":[{"id":31816,"href":"https:\/\/www.ilheusnoticias.net.br\/v1\/wp-json\/wp\/v2\/posts\/31813\/revisions\/31816"}],"wp:attachment":[{"href":"https:\/\/www.ilheusnoticias.net.br\/v1\/wp-json\/wp\/v2\/media?parent=31813"}],"wp:term":[{"taxonomy":"category","embeddable":true,"href":"https:\/\/www.ilheusnoticias.net.br\/v1\/wp-json\/wp\/v2\/categories?post=31813"},{"taxonomy":"post_tag","embeddable":true,"href":"https:\/\/www.ilheusnoticias.net.br\/v1\/wp-json\/wp\/v2\/tags?post=31813"}],"curies":[{"name":"wp","href":"https:\/\/api.w.org\/{rel}","templated":true}]}}