{"id":3180,"date":"2016-12-27T18:30:25","date_gmt":"2016-12-27T21:30:25","guid":{"rendered":"http:\/\/www.ilheusnoticias.net.br\/v1\/?p=3180"},"modified":"2016-12-27T18:30:25","modified_gmt":"2016-12-27T21:30:25","slug":"definido-local-e-horario-da-posse-dos-eleitos-em-ilheus","status":"publish","type":"post","link":"https:\/\/www.ilheusnoticias.net.br\/v1\/2016\/12\/27\/definido-local-e-horario-da-posse-dos-eleitos-em-ilheus\/","title":{"rendered":"Definido local e hor\u00e1rio da posse dos eleitos em Ilh\u00e9us"},"content":{"rendered":"<p><strong><\/strong><strong><\/strong><\/p>\n<div class=\"PostContent\">\n<div id=\"attachment_11018\" class=\"wp-caption aligncenter\"><img loading=\"lazy\" class=\"wp-image-11018\" src=\"http:\/\/www.fabiorobertonoticias.com.br\/v1\/wp-content\/uploads\/2016\/12\/1482845286108913.jpg\" sizes=\"(max-width: 552px) 100vw, 552px\" srcset=\"http:\/\/www.fabiorobertonoticias.com.br\/v1\/wp-content\/uploads\/2016\/12\/1482845286108913.jpg 880w, http:\/\/www.fabiorobertonoticias.com.br\/v1\/wp-content\/uploads\/2016\/12\/1482845286108913-300x276.jpg 300w, http:\/\/www.fabiorobertonoticias.com.br\/v1\/wp-content\/uploads\/2016\/12\/1482845286108913-768x707.jpg 768w\" alt=\"1482845286108913\" width=\"552\" height=\"508\" \/><\/p>\n<p class=\"wp-caption-text\">Mar\u00e3o e Nazal, prefeito e vice, respectivamente.<\/p>\n<\/div>\n<p>A posse do prefeito eleito M\u00e1rio Alexandre (PSD), e seu vice, Jos\u00e9 Nazal (REDE), e dos 19 vereadores eleitos em Ilh\u00e9us acontecer\u00e1 no pr\u00f3ximo domingo (01). Segundo informa\u00e7\u00f5es da equipe de governo, \u00e0s 16hs ser\u00e1 realizada a Sess\u00e3o Solene de Posse, no Centro de Conven\u00e7\u00f5es, na Avenida Soares Lopes, no mesmo local, ocorrer\u00e1 a elei\u00e7\u00e3o da escolha da Mesa Diretora, depois o presidente eleito da C\u00e2mara empossa o prefeito e vice, respectivamente. Em seguida, ocorrer\u00e1 a\u00a0transmiss\u00e3o de cargo na prefeitura, no Pal\u00e1cio Paranagu\u00e1, quando ser\u00e3o empossados os secret\u00e1rios.<\/p>\n<\/div>\n","protected":false},"excerpt":{"rendered":"<p>Mar\u00e3o e Nazal, prefeito e vice, respectivamente. A posse do prefeito eleito M\u00e1rio Alexandre (PSD), e seu vice, Jos\u00e9 Nazal (REDE), e dos 19 vereadores eleitos em Ilh\u00e9us acontecer\u00e1 no pr\u00f3ximo domingo (01). Segundo informa\u00e7\u00f5es da equipe de governo, \u00e0s 16hs ser\u00e1 realizada a Sess\u00e3o Solene de Posse, no Centro de Conven\u00e7\u00f5es, na Avenida Soares [&hellip;]<\/p>\n","protected":false},"author":2,"featured_media":0,"comment_status":"open","ping_status":"open","sticky":false,"template":"","format":"standard","meta":{"_links_to":"","_links_to_target":""},"categories":[9],"tags":[],"_links":{"self":[{"href":"https:\/\/www.ilheusnoticias.net.br\/v1\/wp-json\/wp\/v2\/posts\/3180"}],"collection":[{"href":"https:\/\/www.ilheusnoticias.net.br\/v1\/wp-json\/wp\/v2\/posts"}],"about":[{"href":"https:\/\/www.ilheusnoticias.net.br\/v1\/wp-json\/wp\/v2\/types\/post"}],"author":[{"embeddable":true,"href":"https:\/\/www.ilheusnoticias.net.br\/v1\/wp-json\/wp\/v2\/users\/2"}],"replies":[{"embeddable":true,"href":"https:\/\/www.ilheusnoticias.net.br\/v1\/wp-json\/wp\/v2\/comments?post=3180"}],"version-history":[{"count":1,"href":"https:\/\/www.ilheusnoticias.net.br\/v1\/wp-json\/wp\/v2\/posts\/3180\/revisions"}],"predecessor-version":[{"id":3181,"href":"https:\/\/www.ilheusnoticias.net.br\/v1\/wp-json\/wp\/v2\/posts\/3180\/revisions\/3181"}],"wp:attachment":[{"href":"https:\/\/www.ilheusnoticias.net.br\/v1\/wp-json\/wp\/v2\/media?parent=3180"}],"wp:term":[{"taxonomy":"category","embeddable":true,"href":"https:\/\/www.ilheusnoticias.net.br\/v1\/wp-json\/wp\/v2\/categories?post=3180"},{"taxonomy":"post_tag","embeddable":true,"href":"https:\/\/www.ilheusnoticias.net.br\/v1\/wp-json\/wp\/v2\/tags?post=3180"}],"curies":[{"name":"wp","href":"https:\/\/api.w.org\/{rel}","templated":true}]}}