{"id":31791,"date":"2023-05-06T11:44:38","date_gmt":"2023-05-06T14:44:38","guid":{"rendered":"https:\/\/www.ilheusnoticias.net.br\/v1\/?p=31791"},"modified":"2023-05-06T11:44:38","modified_gmt":"2023-05-06T14:44:38","slug":"homem-e-preso-em-salvador-suspeito-de-estuprar-filhas-de-4-e-8-anos","status":"publish","type":"post","link":"https:\/\/www.ilheusnoticias.net.br\/v1\/2023\/05\/06\/homem-e-preso-em-salvador-suspeito-de-estuprar-filhas-de-4-e-8-anos\/","title":{"rendered":"Homem \u00e9 preso em Salvador suspeito de estuprar filhas de 4 e 8 anos"},"content":{"rendered":"<div class=\"row content-head non-featured \">\n<div class=\"title\" data-block-type=\"title\" data-block-id=\"0\"><\/div>\n<div class=\"medium-centered subtitle\">\n<h2 class=\"content-head__subtitle\"><span style=\"font-size: 16px;\">Por g1 BA<\/span><img class=\"i-amphtml-fill-content i-amphtml-replaced-content\" style=\"font-size: 16px;\" src=\"https:\/\/s2.glbimg.com\/Wygoq50DoRyZSpNj-vtZzeh8HKs=\/0x0:1280x960\/984x0\/smart\/filters:strip_icc()\/i.s3.glbimg.com\/v1\/AUTH_59edd422c0c84a879bd37670ae4f538a\/internal_photos\/bs\/2019\/2\/F\/JBmVlBTT6nUCcHtmvGxA\/whatsapp-image-2019-10-15-at-16.01.48.jpeg\" sizes=\"(max-width: 1707px) 648px, 100vw\" srcset=\"https:\/\/s2.glbimg.com\/35rlHk1uFMpHMEOoiXh3SFHXEAk=\/0x0:1280x960\/1000x0\/smart\/filters:strip_icc()\/i.s3.glbimg.com\/v1\/AUTH_59edd422c0c84a879bd37670ae4f538a\/internal_photos\/bs\/2019\/2\/F\/JBmVlBTT6nUCcHtmvGxA\/whatsapp-image-2019-10-15-at-16.01.48.jpeg 1000w, https:\/\/s2.glbimg.com\/Wygoq50DoRyZSpNj-vtZzeh8HKs=\/0x0:1280x960\/984x0\/smart\/filters:strip_icc()\/i.s3.glbimg.com\/v1\/AUTH_59edd422c0c84a879bd37670ae4f538a\/internal_photos\/bs\/2019\/2\/F\/JBmVlBTT6nUCcHtmvGxA\/whatsapp-image-2019-10-15-at-16.01.48.jpeg 984w, https:\/\/s2.glbimg.com\/0RCpg_TVXjtklqSmGff1VHEWVDs=\/0x0:1280x960\/640x0\/smart\/filters:strip_icc()\/i.s3.glbimg.com\/v1\/AUTH_59edd422c0c84a879bd37670ae4f538a\/internal_photos\/bs\/2019\/2\/F\/JBmVlBTT6nUCcHtmvGxA\/whatsapp-image-2019-10-15-at-16.01.48.jpeg 640w, https:\/\/s2.glbimg.com\/BjPBREkhHB4pX-Xmsnpzft-1dtM=\/0x0:1280x960\/600x0\/smart\/filters:strip_icc()\/i.s3.glbimg.com\/v1\/AUTH_59edd422c0c84a879bd37670ae4f538a\/internal_photos\/bs\/2019\/2\/F\/JBmVlBTT6nUCcHtmvGxA\/whatsapp-image-2019-10-15-at-16.01.48.jpeg 600w\" alt=\"Caso \u00e9 investigado pela Dercca, em Salvador \u2014 Foto: Jo\u00e3o Souza\/G1\" \/><\/h2>\n<\/div>\n<\/div>\n<div class=\"mc-article-body\">\n<article>\n<div id=\"chunk-fbmcd\">\n<div class=\"row medium-uncollapsed content-media content-photo\" data-block-type=\"backstage-photo\" data-block-id=\"1\">\n<div class=\" mc-column  content-media__container\">\n<p class=\"content-media__description  \">Caso \u00e9 investigado pela Dercca, em Salvador \u2014 Foto: Jo\u00e3o Souza\/G1<\/p>\n<\/div>\n<\/div>\n<\/div>\n<div id=\"chunk-4dqpg\">\n<div class=\"mc-column content-text active-extra-styles \" data-block-type=\"unstyled\" data-block-weight=\"26\" data-block-id=\"3\">\n<p class=\"content-text__container \" data-track-category=\"Link no Texto\" data-track-links=\"\">Um homem de 45 anos foi preso, na noite de sexta-feira (5), em\u00a0<a class=\"\" href=\"https:\/\/g1.globo.com\/ba\/bahia\/cidade\/salvador\/\">Salvador<\/a>, por suspeita de estuprar as duas filhas, de quatro e oito anos.<\/p>\n<\/div>\n<\/div>\n<div class=\"wall protected-content\">\n<div id=\"chunk-3obnk\">\n<div class=\"mc-column content-text active-extra-styles \" data-block-type=\"unstyled\" data-block-weight=\"29\" data-block-id=\"4\">\n<p class=\"content-text__container \" data-track-category=\"Link no Texto\" data-track-links=\"\">O suspeito est\u00e1 preso na Delegacia Especializada de Repress\u00e3o a Crimes contra a Crian\u00e7a e Adolescente (Dercca), no bairro de Brotas. A unidade ser\u00e1 respons\u00e1vel por investigar o caso.<\/p>\n<\/div>\n<\/div>\n<div id=\"chunk-d69p1\">\n<div class=\"mc-column content-text active-extra-styles \" data-block-type=\"unstyled\" data-block-weight=\"27\" data-block-id=\"6\">\n<p class=\"content-text__container \" data-track-category=\"Link no Texto\" data-track-links=\"\">A pris\u00e3o foi feita por policiais militares, em flagrante, ap\u00f3s den\u00fancia. O homem, que n\u00e3o teve o nome divulgado, segue na unidade policial \u00e0 disposi\u00e7\u00e3o da Justi\u00e7a.<\/p>\n<\/div>\n<\/div>\n<\/div>\n<\/article>\n<\/div>\n","protected":false},"excerpt":{"rendered":"<p>Por g1 BA Caso \u00e9 investigado pela Dercca, em Salvador \u2014 Foto: Jo\u00e3o Souza\/G1 Um homem de 45 anos foi preso, na noite de sexta-feira (5), em\u00a0Salvador, por suspeita de estuprar as duas filhas, de quatro e oito anos. O suspeito est\u00e1 preso na Delegacia Especializada de Repress\u00e3o a Crimes contra a Crian\u00e7a e Adolescente [&hellip;]<\/p>\n","protected":false},"author":2,"featured_media":0,"comment_status":"open","ping_status":"open","sticky":false,"template":"","format":"standard","meta":{"_links_to":"","_links_to_target":""},"categories":[7,9,8,1],"tags":[],"_links":{"self":[{"href":"https:\/\/www.ilheusnoticias.net.br\/v1\/wp-json\/wp\/v2\/posts\/31791"}],"collection":[{"href":"https:\/\/www.ilheusnoticias.net.br\/v1\/wp-json\/wp\/v2\/posts"}],"about":[{"href":"https:\/\/www.ilheusnoticias.net.br\/v1\/wp-json\/wp\/v2\/types\/post"}],"author":[{"embeddable":true,"href":"https:\/\/www.ilheusnoticias.net.br\/v1\/wp-json\/wp\/v2\/users\/2"}],"replies":[{"embeddable":true,"href":"https:\/\/www.ilheusnoticias.net.br\/v1\/wp-json\/wp\/v2\/comments?post=31791"}],"version-history":[{"count":1,"href":"https:\/\/www.ilheusnoticias.net.br\/v1\/wp-json\/wp\/v2\/posts\/31791\/revisions"}],"predecessor-version":[{"id":31792,"href":"https:\/\/www.ilheusnoticias.net.br\/v1\/wp-json\/wp\/v2\/posts\/31791\/revisions\/31792"}],"wp:attachment":[{"href":"https:\/\/www.ilheusnoticias.net.br\/v1\/wp-json\/wp\/v2\/media?parent=31791"}],"wp:term":[{"taxonomy":"category","embeddable":true,"href":"https:\/\/www.ilheusnoticias.net.br\/v1\/wp-json\/wp\/v2\/categories?post=31791"},{"taxonomy":"post_tag","embeddable":true,"href":"https:\/\/www.ilheusnoticias.net.br\/v1\/wp-json\/wp\/v2\/tags?post=31791"}],"curies":[{"name":"wp","href":"https:\/\/api.w.org\/{rel}","templated":true}]}}