{"id":31787,"date":"2023-05-06T11:33:19","date_gmt":"2023-05-06T14:33:19","guid":{"rendered":"https:\/\/www.ilheusnoticias.net.br\/v1\/?p=31787"},"modified":"2023-05-06T11:33:19","modified_gmt":"2023-05-06T14:33:19","slug":"jeronimo-participa-do-encontro-com-catadores-e-catadoras-de-material-reciclavel-da-bahia","status":"publish","type":"post","link":"https:\/\/www.ilheusnoticias.net.br\/v1\/2023\/05\/06\/jeronimo-participa-do-encontro-com-catadores-e-catadoras-de-material-reciclavel-da-bahia\/","title":{"rendered":"Jer\u00f4nimo participa do Encontro com Catadores e Catadoras de Material Recicl\u00e1vel da Bahia"},"content":{"rendered":"<div class=\"PostHeaderIcons metadata-icons\"><img src=\"http:\/\/www.blogdothame.blog.br\/v1\/wp-content\/uploads\/2023\/05\/Jeronimo-2.jpeg\" \/><\/div>\n<div class=\"PostContent\">\n<p>O governador Jer\u00f4nimo Rodrigues participa, neste s\u00e1bado (6), \u00e0s 8h, do Encontro com Catadores e Catadoras de Material Recicl\u00e1vel da Bahia. O evento, que est\u00e1 acontecendo no Hotel Bahiamar, no Jardim de Alah, em Salvador, \u00e9 promovido pelo F\u00f3rum Lixo &amp; Cidadania, junto com o Movimento Nacional dos Catadores de Materiais Recicl\u00e1veis.<\/p>\n<p>Na oportunidade, ser\u00e3o discutidas as demandas de a\u00e7\u00f5es e pol\u00edticas p\u00fablicas voltadas para o fortalecimento e organiza\u00e7\u00e3o do trabalho dos catadores de materiais recicl\u00e1veis no estado.<\/p>\n<\/div>\n","protected":false},"excerpt":{"rendered":"<p>O governador Jer\u00f4nimo Rodrigues participa, neste s\u00e1bado (6), \u00e0s 8h, do Encontro com Catadores e Catadoras de Material Recicl\u00e1vel da Bahia. O evento, que est\u00e1 acontecendo no Hotel Bahiamar, no Jardim de Alah, em Salvador, \u00e9 promovido pelo F\u00f3rum Lixo &amp; Cidadania, junto com o Movimento Nacional dos Catadores de Materiais Recicl\u00e1veis. Na oportunidade, ser\u00e3o [&hellip;]<\/p>\n","protected":false},"author":2,"featured_media":0,"comment_status":"open","ping_status":"open","sticky":false,"template":"","format":"standard","meta":{"_links_to":"","_links_to_target":""},"categories":[7,9,8,1],"tags":[],"_links":{"self":[{"href":"https:\/\/www.ilheusnoticias.net.br\/v1\/wp-json\/wp\/v2\/posts\/31787"}],"collection":[{"href":"https:\/\/www.ilheusnoticias.net.br\/v1\/wp-json\/wp\/v2\/posts"}],"about":[{"href":"https:\/\/www.ilheusnoticias.net.br\/v1\/wp-json\/wp\/v2\/types\/post"}],"author":[{"embeddable":true,"href":"https:\/\/www.ilheusnoticias.net.br\/v1\/wp-json\/wp\/v2\/users\/2"}],"replies":[{"embeddable":true,"href":"https:\/\/www.ilheusnoticias.net.br\/v1\/wp-json\/wp\/v2\/comments?post=31787"}],"version-history":[{"count":1,"href":"https:\/\/www.ilheusnoticias.net.br\/v1\/wp-json\/wp\/v2\/posts\/31787\/revisions"}],"predecessor-version":[{"id":31788,"href":"https:\/\/www.ilheusnoticias.net.br\/v1\/wp-json\/wp\/v2\/posts\/31787\/revisions\/31788"}],"wp:attachment":[{"href":"https:\/\/www.ilheusnoticias.net.br\/v1\/wp-json\/wp\/v2\/media?parent=31787"}],"wp:term":[{"taxonomy":"category","embeddable":true,"href":"https:\/\/www.ilheusnoticias.net.br\/v1\/wp-json\/wp\/v2\/categories?post=31787"},{"taxonomy":"post_tag","embeddable":true,"href":"https:\/\/www.ilheusnoticias.net.br\/v1\/wp-json\/wp\/v2\/tags?post=31787"}],"curies":[{"name":"wp","href":"https:\/\/api.w.org\/{rel}","templated":true}]}}