{"id":31759,"date":"2023-05-04T16:20:22","date_gmt":"2023-05-04T19:20:22","guid":{"rendered":"https:\/\/www.ilheusnoticias.net.br\/v1\/?p=31759"},"modified":"2023-05-04T16:20:22","modified_gmt":"2023-05-04T19:20:22","slug":"stf-retoma-julgamento-que-pode-anular-decreto-de-indulto-a-deputado","status":"publish","type":"post","link":"https:\/\/www.ilheusnoticias.net.br\/v1\/2023\/05\/04\/stf-retoma-julgamento-que-pode-anular-decreto-de-indulto-a-deputado\/","title":{"rendered":"STF retoma julgamento que pode anular decreto de indulto a deputado"},"content":{"rendered":"<div class=\"col-lg-12 mb-3\">\n<div class=\"post-image\"><a href=\"https:\/\/agenciabrasil.ebc.com.br\/justica\/noticia\/2023-05\/stf-retoma-julgamento-que-pode-anular-decreto-de-indulto-deputado#\"><img loading=\"lazy\" id=\"media-253326\" class=\"rounded-lg shadow-sm w-100\" title=\"Pablo Valadares\/C\u00e2mara dos Deputados\" src=\"https:\/\/imagens.ebc.com.br\/dlOMBCInpcg-Ug_PR915ThbnGG4=\/1170x700\/smart\/https:\/\/agenciabrasil.ebc.com.br\/sites\/default\/files\/thumbnails\/image\/img20191211160511393.jpg?itok=ygZZeW9E\" alt=\"Deputado Daniel Silveira\" width=\"495\" height=\"296\" \/>\u00a9 Pablo Valadares\/C\u00e2mara dos Deputados<\/a><\/div>\n<\/div>\n<div class=\"col-lg-12 mb-3\">\n<div class=\"row\">\n<div class=\"col-10 offset-1 animated fadeInDown dealy-1100 alt-font text-center\"><a href=\"https:\/\/agenciabrasil.ebc.com.br\/justica\"><span class=\"badge badge-pill badge-primary\">Justi\u00e7a <\/span><\/a>Corte analisa 4 a\u00e7\u00f5es de partidos contra benef\u00edcio a Daniel Silveira<\/div>\n<\/div>\n<ul class=\"divider social-icons si-border round si-colored-bg-on-hover my-3\">\n<li style=\"list-style-type: none\">\n<ul class=\"divider social-icons si-border round si-colored-bg-on-hover my-3\">O Supremo Tribunal Federal (STF) retomou, nesta quinta-feira (4), o julgamento sobre a legalidade do indulto concedido no ano passado pelo ent\u00e3o presidente Jair Bolsonaro a Daniel Silveira, \u00e0 \u00e9poca era deputado federal pelo Rio de Janeiro. Desde a semana passada, s\u00e3o julgadas quatro a\u00e7\u00f5es protocoladas por partidos pol\u00edticos contra o benef\u00edcio.<\/ul>\n<\/li>\n<\/ul>\n<\/div>\n<div class=\"col-xl-7 offset-xl-1 col-lg-8 offset-lg-0 col-md-10 offset-md-1 mb-3\">\n<div class=\"post-item alt-font\">\n<div class=\"post-item-wrap\">\n<p>Na sess\u00e3o de ontem (3), a presidente da Corte e relatora dos processos, ministra Rosa Weber, votou pela anula\u00e7\u00e3o do decreto, por entender que o ato de Bolsonaro foi feito com desvio de finalidade. Para Rosa Weber, a medida revelou &#8220;faceta autorit\u00e1ria e descumpridora da Constitui\u00e7\u00e3o&#8221;.<\/p>\n<p>&#8220;O presidente da Rep\u00fablica editou decreto de indulto individual absolutamente desconectado do interesse p\u00fablico. A verdade \u00e9 que o fim almejado com a edi\u00e7\u00e3o do decreto de indulto foi beneficiar aliado pol\u00edtico de primeira hora, legitimamente condenado pelo STF&#8221;, afirmou a ministra.<\/p>\n<p>Na sess\u00e3o desta tarde, o julgamento, que est\u00e1 no terceiro dia, foi retomado com o voto do ministro Andr\u00e9 Mendon\u00e7a. Mais oito ministros devem votar.<\/p>\n<p>Em maio do ano passado, Bolsonaro assinou um decreto concedendo gra\u00e7a constitucional \u00e0 pena do ex-deputado federal Daniel Silveira (PTB-RJ), apoiador do ent\u00e3o presidente e integrante da sua base na C\u00e2mara dos Deputados.<\/p>\n<p>O decreto foi editado em 21 de abril, um dia ap\u00f3s o parlamentar ter sido condenado pelo Supremo a 8 anos e 9 meses de pris\u00e3o pelos crimes de tentativa de impedir o livre exerc\u00edcio dos poderes e coa\u00e7\u00e3o no curso do processo a que responde por ataques \u00e0 Corte.<\/p>\n<p>Em fevereiro, ap\u00f3s deixar o mandato parlamentar, Silveira foi preso por descumprir regras da deten\u00e7\u00e3o domiciliar e fazer novos ataques ao Supremo.<\/p>\n<\/div>\n<\/div>\n<\/div>\n","protected":false},"excerpt":{"rendered":"<p>\u00a9 Pablo Valadares\/C\u00e2mara dos Deputados Justi\u00e7a Corte analisa 4 a\u00e7\u00f5es de partidos contra benef\u00edcio a Daniel Silveira O Supremo Tribunal Federal (STF) retomou, nesta quinta-feira (4), o julgamento sobre a legalidade do indulto concedido no ano passado pelo ent\u00e3o presidente Jair Bolsonaro a Daniel Silveira, \u00e0 \u00e9poca era deputado federal pelo Rio de Janeiro. Desde [&hellip;]<\/p>\n","protected":false},"author":2,"featured_media":0,"comment_status":"open","ping_status":"open","sticky":false,"template":"","format":"standard","meta":{"_links_to":"","_links_to_target":""},"categories":[7,9,8,1],"tags":[],"_links":{"self":[{"href":"https:\/\/www.ilheusnoticias.net.br\/v1\/wp-json\/wp\/v2\/posts\/31759"}],"collection":[{"href":"https:\/\/www.ilheusnoticias.net.br\/v1\/wp-json\/wp\/v2\/posts"}],"about":[{"href":"https:\/\/www.ilheusnoticias.net.br\/v1\/wp-json\/wp\/v2\/types\/post"}],"author":[{"embeddable":true,"href":"https:\/\/www.ilheusnoticias.net.br\/v1\/wp-json\/wp\/v2\/users\/2"}],"replies":[{"embeddable":true,"href":"https:\/\/www.ilheusnoticias.net.br\/v1\/wp-json\/wp\/v2\/comments?post=31759"}],"version-history":[{"count":1,"href":"https:\/\/www.ilheusnoticias.net.br\/v1\/wp-json\/wp\/v2\/posts\/31759\/revisions"}],"predecessor-version":[{"id":31760,"href":"https:\/\/www.ilheusnoticias.net.br\/v1\/wp-json\/wp\/v2\/posts\/31759\/revisions\/31760"}],"wp:attachment":[{"href":"https:\/\/www.ilheusnoticias.net.br\/v1\/wp-json\/wp\/v2\/media?parent=31759"}],"wp:term":[{"taxonomy":"category","embeddable":true,"href":"https:\/\/www.ilheusnoticias.net.br\/v1\/wp-json\/wp\/v2\/categories?post=31759"},{"taxonomy":"post_tag","embeddable":true,"href":"https:\/\/www.ilheusnoticias.net.br\/v1\/wp-json\/wp\/v2\/tags?post=31759"}],"curies":[{"name":"wp","href":"https:\/\/api.w.org\/{rel}","templated":true}]}}