{"id":31755,"date":"2023-05-04T16:16:22","date_gmt":"2023-05-04T19:16:22","guid":{"rendered":"https:\/\/www.ilheusnoticias.net.br\/v1\/?p=31755"},"modified":"2023-05-04T16:16:22","modified_gmt":"2023-05-04T19:16:22","slug":"ilheus-promove-dia-d-de-vacinacao-contra-influenza-e-covid-19-neste-sabado-6-veja-locais","status":"publish","type":"post","link":"https:\/\/www.ilheusnoticias.net.br\/v1\/2023\/05\/04\/ilheus-promove-dia-d-de-vacinacao-contra-influenza-e-covid-19-neste-sabado-6-veja-locais\/","title":{"rendered":"Ilh\u00e9us promove Dia D de vacina\u00e7\u00e3o contra Influenza e Covid-19 neste s\u00e1bado (6); veja locais"},"content":{"rendered":"<div class=\"imagem thumbnail col-xs-12 col-sm-8 col-md-6 col-lg-6 imagem-materia\"><a class=\"fresco\" title=\"\" href=\"https:\/\/portalfacilarquivos.blob.core.windows.net\/uploads\/ILHEUS\/imgOrig\/%7B60548DDD-55E7-7E0D-DD18-485C55AE8EA7%7D.jpg\" data-fresco-caption=\"\"><img loading=\"lazy\" title=\"\" src=\"https:\/\/portalfacilarquivos.blob.core.windows.net\/uploads\/ILHEUS\/img\/%7B60548DDD-55E7-7E0D-DD18-485C55AE8EA7%7D\/%7B60548DDD-55E7-7E0D-DD18-485C55AE8EA7%7D_650X450.jpg\" alt=\"vacina\u00e7\u00e3o\" width=\"650\" height=\"450\" \/><\/a><\/p>\n<p class=\"bg-primary\">A Prefeitura de Ilh\u00e9us realiza neste s\u00e1bado (6), o Dia D da campanha de vacina\u00e7\u00e3o contra a Influenza e Covid-19. O objetivo da a\u00e7\u00e3o \u00e9 reduzir as taxas de infec\u00e7\u00f5es pelos v\u00edrus com a amplia\u00e7\u00e3o da cobertura vacinal no munic\u00edpio. O servi\u00e7o estar\u00e1 dispon\u00edvel das 8h \u00e0s 17h, nas unidades de sa\u00fade previamente informadas.<\/p>\n<\/div>\n<p>A Secretaria de Sa\u00fade (Sesau) explica que a atualiza\u00e7\u00e3o da situa\u00e7\u00e3o vacinal \u00e9 fundamental para evitar a ocorr\u00eancia de doen\u00e7as preven\u00edveis por vacina, reduzindo as complica\u00e7\u00f5es, as interna\u00e7\u00f5es e a mortalidade decorrentes das infec\u00e7\u00f5es pelos v\u00edrus.<\/p>\n<p>\u00c9 importante a apresenta\u00e7\u00e3o do cart\u00e3o de vacina\u00e7\u00e3o, cart\u00e3o do SUS e RG ou certid\u00e3o de nascimento (para crian\u00e7as).<\/p>\n<p><strong>P\u00fablico-alvo &#8211;<\/strong>\u00a0Na campanha contra a Influenza, devem ser imunizados idosos com 60 anos ou mais; crian\u00e7as de 6 meses a menores de 6 anos de idade (5 anos, 11 meses e 29 dias); gestantes e pu\u00e9rperas; povos ind\u00edgenas; trabalhadores da sa\u00fade; professores das escolas p\u00fablicas e privadas; pessoas com comorbidades; pessoas com defici\u00eancia permanente; profissionais das for\u00e7as de seguran\u00e7a e salvamento; for\u00e7as armadas; caminhoneiros; trabalhadores de transporte coletivo rodovi\u00e1rio de passageiros urbano e de longo curso; trabalhadores portu\u00e1rios; funcion\u00e1rios do sistema prisional; adolescentes e jovens de 12 a 21 anos de idade sob medidas socioeducativas; popula\u00e7\u00e3o privada de liberdade.<\/p>\n<p>A vacina bivalente contra a Covid-19 estar\u00e1 dispon\u00edvel para todas as pessoas com 18 anos ou mais, al\u00e9m de pessoas com comorbidades a partir dos 12 anos, que tenham tomado pelo menos duas doses h\u00e1 no m\u00ednimo quatro meses.<\/p>\n<p><strong>Servi\u00e7o<\/strong><\/p>\n<p><strong>O qu\u00ea?<\/strong>\u00a0Dia D da\u00a0campanha de vacina\u00e7\u00e3o contra a Influenza e\u00a0Covid-19<\/p>\n<p><strong>Quando?<\/strong>\u00a06 de maio de 2023 (s\u00e1bado), das 8h \u00e0s 17h<\/p>\n<p><strong>Pontos de imuniza\u00e7\u00e3o<\/strong><\/p>\n<p>&#8211; UBS OLIVEN\u00c7A;<\/p>\n<p>&#8211; ESF NOSSA SENHORA DA VIT\u00d3RIA I, II E III;<\/p>\n<p>&#8211; UBS HERNANI S\u00c1;<\/p>\n<p>&#8211; UBS SANTA DULCE DOS POBRES (PRINCESA ISABEL);<\/p>\n<p>&#8211; CAE III UBS;<\/p>\n<p>&#8211; SARAH KUBITSCHEK;<\/p>\n<p>&#8211; UBS AVENIDA ESPERAN\u00c7A;<\/p>\n<p>&#8211; ESF BAS\u00cdLIO I E II;<\/p>\n<p><span style=\"color: #000000; font-family: tahoma, geneva, sans-serif;\">&#8211; UBS IGUAPE;<\/span><\/p>\n<p>&#8211; UBS EULER \u00c1ZARO;<\/p>\n<p>&#8211; UBS BANCO DA VIT\u00d3RIA;<\/p>\n<p>&#8211; ESF SALOBRINHO I E II;<\/p>\n<p>&#8211; UBS CONQUISTA;<\/p>\n<p>&#8211; ESF NELSON COSTA<\/p>\n","protected":false},"excerpt":{"rendered":"<p>A Prefeitura de Ilh\u00e9us realiza neste s\u00e1bado (6), o Dia D da campanha de vacina\u00e7\u00e3o contra a Influenza e Covid-19. O objetivo da a\u00e7\u00e3o \u00e9 reduzir as taxas de infec\u00e7\u00f5es pelos v\u00edrus com a amplia\u00e7\u00e3o da cobertura vacinal no munic\u00edpio. O servi\u00e7o estar\u00e1 dispon\u00edvel das 8h \u00e0s 17h, nas unidades de sa\u00fade previamente informadas. A [&hellip;]<\/p>\n","protected":false},"author":2,"featured_media":0,"comment_status":"open","ping_status":"open","sticky":false,"template":"","format":"standard","meta":{"_links_to":"","_links_to_target":""},"categories":[7,9,8,1],"tags":[],"_links":{"self":[{"href":"https:\/\/www.ilheusnoticias.net.br\/v1\/wp-json\/wp\/v2\/posts\/31755"}],"collection":[{"href":"https:\/\/www.ilheusnoticias.net.br\/v1\/wp-json\/wp\/v2\/posts"}],"about":[{"href":"https:\/\/www.ilheusnoticias.net.br\/v1\/wp-json\/wp\/v2\/types\/post"}],"author":[{"embeddable":true,"href":"https:\/\/www.ilheusnoticias.net.br\/v1\/wp-json\/wp\/v2\/users\/2"}],"replies":[{"embeddable":true,"href":"https:\/\/www.ilheusnoticias.net.br\/v1\/wp-json\/wp\/v2\/comments?post=31755"}],"version-history":[{"count":1,"href":"https:\/\/www.ilheusnoticias.net.br\/v1\/wp-json\/wp\/v2\/posts\/31755\/revisions"}],"predecessor-version":[{"id":31756,"href":"https:\/\/www.ilheusnoticias.net.br\/v1\/wp-json\/wp\/v2\/posts\/31755\/revisions\/31756"}],"wp:attachment":[{"href":"https:\/\/www.ilheusnoticias.net.br\/v1\/wp-json\/wp\/v2\/media?parent=31755"}],"wp:term":[{"taxonomy":"category","embeddable":true,"href":"https:\/\/www.ilheusnoticias.net.br\/v1\/wp-json\/wp\/v2\/categories?post=31755"},{"taxonomy":"post_tag","embeddable":true,"href":"https:\/\/www.ilheusnoticias.net.br\/v1\/wp-json\/wp\/v2\/tags?post=31755"}],"curies":[{"name":"wp","href":"https:\/\/api.w.org\/{rel}","templated":true}]}}