{"id":31753,"date":"2023-05-04T16:15:07","date_gmt":"2023-05-04T19:15:07","guid":{"rendered":"https:\/\/www.ilheusnoticias.net.br\/v1\/?p=31753"},"modified":"2023-05-04T16:15:07","modified_gmt":"2023-05-04T19:15:07","slug":"inscricoes-para-eleicao-do-conselho-tutelar-de-ilheus-sao-prorrogadas-ate-8-de-maio","status":"publish","type":"post","link":"https:\/\/www.ilheusnoticias.net.br\/v1\/2023\/05\/04\/inscricoes-para-eleicao-do-conselho-tutelar-de-ilheus-sao-prorrogadas-ate-8-de-maio\/","title":{"rendered":"Inscri\u00e7\u00f5es para elei\u00e7\u00e3o do Conselho Tutelar de Ilh\u00e9us s\u00e3o prorrogadas at\u00e9 8 de maio"},"content":{"rendered":"<div class=\"imagem thumbnail col-xs-12 col-sm-8 col-md-6 col-lg-6 imagem-materia\"><a class=\"fresco\" title=\"\" href=\"https:\/\/portalfacilarquivos.blob.core.windows.net\/uploads\/ILHEUS\/imgOrig\/%7B1E0AEB22-5E5E-C40D-8BDB-5ECCA88B4AAC%7D.jpg\" data-fresco-caption=\"\"><img loading=\"lazy\" title=\"\" src=\"https:\/\/portalfacilarquivos.blob.core.windows.net\/uploads\/ILHEUS\/img\/%7B1E0AEB22-5E5E-C40D-8BDB-5ECCA88B4AAC%7D\/%7B1E0AEB22-5E5E-C40D-8BDB-5ECCA88B4AAC%7D_650X450.jpg\" alt=\"Conselheiro Tutelar; elei\u00e7\u00e3o; sps\" width=\"650\" height=\"450\" \/><\/a><\/p>\n<p class=\"bg-primary\">O Conselho Municipal dos Direitos da Crian\u00e7a e do Adolescente (CMDCA) prorrogou o prazo de inscri\u00e7\u00f5es para o processo de escolha de novos membros do Conselho Tutelar de Ilh\u00e9us. As inscri\u00e7\u00f5es s\u00e3o gratuitas e podem ser realizadas at\u00e9 a pr\u00f3xima segunda-feira, 8 de maio, na sede do CMDCA, das 8h \u00e0s 13h, na rua Quatorze de Agosto, n\u00ba 250, ao lado da Subse\u00e7\u00e3o da OAB, no bairro Boa Vista.<\/p>\n<\/div>\n<p>S\u00e3o 15 vagas para a fun\u00e7\u00e3o p\u00fablica, sendo cinco em cada conselho para cumprimento do mandato durante quatro anos. Cinco membros do Conselho Norte, cinco membros para o Conselho Sul e cinco membros do Conselho Centro Oeste.<\/p>\n<p>O membro do Conselho Tutelar \u00e9 detentor de mandato eletivo, n\u00e3o incluindo na categoria de servidor p\u00fablico em sentido estrito, n\u00e3o gerando v\u00ednculo empregat\u00edcio com o Poder P\u00fablico Municipal, seja de maneira estatut\u00e1ria ou celetista.<\/p>\n<p>O exerc\u00edcio efetivo da fun\u00e7\u00e3o de membro do Conselho Tutelar constituir\u00e1 servi\u00e7o p\u00fablico relevante e estabelecer\u00e1 presun\u00e7\u00e3o de idoneidade moral.<\/p>\n<p><strong>Etapas do processo &#8211;<\/strong>\u00a0O processo de escolha do conselheiro tutelar seguir\u00e1 as seguintes etapas:<\/p>\n<p>Inscri\u00e7\u00e3o e an\u00e1lise para registros das candidaturas;<\/p>\n<p>Aplica\u00e7\u00e3o de prova de conhecimentos de car\u00e1ter eliminat\u00f3rio;<\/p>\n<p>Apresenta\u00e7\u00e3o dos candidatos habilitados, em sess\u00e3o p\u00fablica, aberta a toda a comunidade e amplamente divulgada;<\/p>\n<p>Sufr\u00e1gio universal e direto, pelo visto facultativo, uninominal e secreto dos eleitores do munic\u00edpio de Ilh\u00e9us, cujo domic\u00edlio tenha sido fixado dentro do prazo de 90 dias anteriores ao pleito.<\/p>\n<p>Para mais informa\u00e7\u00f5es, os interessados podem acessar o\u00a0<strong><a href=\"https:\/\/www.ilheus.ba.gov.br\/abrir_arquivo.aspx?cdLocal=2&amp;arquivo={AC88DBDA-EAAC-1DD1-1BCE-A7EBB2AA64ED}.pdf\" target=\"_blank\" rel=\"noopener\">e<\/a><a href=\"https:\/\/www.ilheus.ba.gov.br\/abrir_arquivo.aspx?cdLocal=2&amp;arquivo={AC88DBDA-EAAC-1DD1-1BCE-A7EBB2AA64ED}.pdf\">dital completo no Di\u00e1rio Oficial<\/a><\/strong>, no site da Prefeitura de Ilh\u00e9us.<\/p>\n","protected":false},"excerpt":{"rendered":"<p>O Conselho Municipal dos Direitos da Crian\u00e7a e do Adolescente (CMDCA) prorrogou o prazo de inscri\u00e7\u00f5es para o processo de escolha de novos membros do Conselho Tutelar de Ilh\u00e9us. As inscri\u00e7\u00f5es s\u00e3o gratuitas e podem ser realizadas at\u00e9 a pr\u00f3xima segunda-feira, 8 de maio, na sede do CMDCA, das 8h \u00e0s 13h, na rua Quatorze [&hellip;]<\/p>\n","protected":false},"author":2,"featured_media":0,"comment_status":"open","ping_status":"open","sticky":false,"template":"","format":"standard","meta":{"_links_to":"","_links_to_target":""},"categories":[7,9,8,1],"tags":[],"_links":{"self":[{"href":"https:\/\/www.ilheusnoticias.net.br\/v1\/wp-json\/wp\/v2\/posts\/31753"}],"collection":[{"href":"https:\/\/www.ilheusnoticias.net.br\/v1\/wp-json\/wp\/v2\/posts"}],"about":[{"href":"https:\/\/www.ilheusnoticias.net.br\/v1\/wp-json\/wp\/v2\/types\/post"}],"author":[{"embeddable":true,"href":"https:\/\/www.ilheusnoticias.net.br\/v1\/wp-json\/wp\/v2\/users\/2"}],"replies":[{"embeddable":true,"href":"https:\/\/www.ilheusnoticias.net.br\/v1\/wp-json\/wp\/v2\/comments?post=31753"}],"version-history":[{"count":1,"href":"https:\/\/www.ilheusnoticias.net.br\/v1\/wp-json\/wp\/v2\/posts\/31753\/revisions"}],"predecessor-version":[{"id":31754,"href":"https:\/\/www.ilheusnoticias.net.br\/v1\/wp-json\/wp\/v2\/posts\/31753\/revisions\/31754"}],"wp:attachment":[{"href":"https:\/\/www.ilheusnoticias.net.br\/v1\/wp-json\/wp\/v2\/media?parent=31753"}],"wp:term":[{"taxonomy":"category","embeddable":true,"href":"https:\/\/www.ilheusnoticias.net.br\/v1\/wp-json\/wp\/v2\/categories?post=31753"},{"taxonomy":"post_tag","embeddable":true,"href":"https:\/\/www.ilheusnoticias.net.br\/v1\/wp-json\/wp\/v2\/tags?post=31753"}],"curies":[{"name":"wp","href":"https:\/\/api.w.org\/{rel}","templated":true}]}}