{"id":31749,"date":"2023-05-03T13:01:32","date_gmt":"2023-05-03T16:01:32","guid":{"rendered":"https:\/\/www.ilheusnoticias.net.br\/v1\/?p=31749"},"modified":"2023-05-03T13:01:32","modified_gmt":"2023-05-03T16:01:32","slug":"cartoes-de-vacina-de-bolsonaro-e-da-filha-forma-falsificados-apontas-investigacao","status":"publish","type":"post","link":"https:\/\/www.ilheusnoticias.net.br\/v1\/2023\/05\/03\/cartoes-de-vacina-de-bolsonaro-e-da-filha-forma-falsificados-apontas-investigacao\/","title":{"rendered":"Cart\u00f5es de vacina de Bolsonaro e da filha forma falsificados, apontas investiga\u00e7\u00e3o"},"content":{"rendered":"<div class=\"row content-head non-featured \">\n<div class=\"title\" data-block-type=\"title\" data-block-id=\"0\">\n<h1 class=\"content-head__title\"><span style=\"font-size: 16px;\">Policiais prenderam seis suspeitos ao todo e apreenderam celulares de Jair Bolsonaro e Michelle, segundo apurou a GloboNews. H\u00e1 ainda 16 mandados de busca; suspeita \u00e9 de que grupo tenha agido para fraudar cart\u00f5es de vacina\u00e7\u00e3o de Bolsonaro, familiares e ajudantes<\/span><\/h1>\n<\/div>\n<\/div>\n<div class=\"content__signa-share\">\n<div class=\"content__share-bar content__share-bar--cloned\" data-position=\"upper\"><\/div>\n<\/div>\n<div class=\"mc-article-body\">\n<article>\n<div id=\"chunk-fs1rv\">\n<div class=\"bs-video-block mc-column  content-media content-video\" data-block-type=\"backstage-video\" data-block-id=\"1\">\n<div class=\"content-media__container\">\n<div class=\"content-video__bigger-player-description-fixer\">\n<article class=\"content-video\">\n<section class=\"content-video__video-container\">\n<div class=\"content-video__video\">\n<div class=\"content-video__placeholder\" data-video-id=\"11585142\" data-video-has-viewport-play=\"True\"><img class=\"content-video__placeholder__thumb\" title=\"PF faz buscas na casa de Bolsonaro e prende ex-ajudante Mauro Cid\" src=\"https:\/\/s03.video.glbimg.com\/x240\/11585142.jpg\" alt=\"PF faz buscas na casa de Bolsonaro e prende ex-ajudante Mauro Cid\" \/><button class=\"media-control-button media-control-element\" data-fullscreen=\"\"><\/button><\/div>\n<div class=\"content-video__placeholder\" data-video-id=\"11585142\" data-video-has-viewport-play=\"True\">PF faz buscas na casa de Bolsonaro e prende ex-ajudante Mauro Cid<\/div>\n<div id=\"wp3-player-2\" class=\"clappr-player video-rec-after-end--enabled clappr-detach--is-detached clappr-detach--is-detached__visible\" tabindex=\"9999\" data-player=\"\">\n<div class=\"dfp-ad-overlay dfp-ad-overlay--poster-mode\">\n<div><\/div>\n<\/div>\n<\/div>\n<\/div>\n<\/section>\n<\/article>\n<\/div>\n<\/div>\n<\/div>\n<\/div>\n<div id=\"chunk-bqlj6\">\n<div class=\"mc-column content-text active-extra-styles \" data-block-type=\"unstyled\" data-block-weight=\"36\" data-block-id=\"3\">\n<p class=\"content-text__container \" data-track-category=\"Link no Texto\" data-track-links=\"\">A\u00a0<a class=\"\" href=\"https:\/\/g1.globo.com\/tudo-sobre\/policia-federal\/\">Pol\u00edcia Federal<\/a>\u00a0faz buscas na manh\u00e3 desta quarta-feira (3) na casa do ex-presidente\u00a0<a class=\"\" href=\"https:\/\/g1.globo.com\/politica\/politico\/jair-bolsonaro\/\">Jair Bolsonaro<\/a>\u00a0em\u00a0<a class=\"\" href=\"https:\/\/g1.globo.com\/df\/distrito-federal\/cidade\/brasilia\/\">Bras\u00edlia<\/a>. Os policiais tamb\u00e9m prenderam o ex-ajudante de ordens de Bolsonaro, tenente-coronel\u00a0<strong>Mauro Cid Barbosa<\/strong>, e outros cinco suspeitos.<\/p>\n<\/div>\n<\/div>\n<div class=\"wall protected-content\">\n<div id=\"chunk-52o8d\">\n<div class=\"mc-column content-text active-extra-styles \" data-block-type=\"unstyled\" data-block-weight=\"32\" data-block-id=\"4\">\n<p class=\"content-text__container \" data-track-category=\"Link no Texto\" data-track-links=\"\"><strong><span class=\"highlight highlighted\">Jair Bolsonaro n\u00e3o foi alvo de mandado de pris\u00e3o.\u00a0<\/span><\/strong>A Pol\u00edcia Federal chegou a agendar um depoimento do pol\u00edtico para as 10h desta quarta, mas a\u00a0<a class=\"\" href=\"https:\/\/g1.globo.com\/politica\/noticia\/2023\/05\/03\/bolsonaro-se-recusa-a-prestar-depoimento-a-pf-sobre-suposta-fraude-no-cartao-de-vacina.ghtml\">defesa informou que ele n\u00e3o compareceria<\/a>.<\/p>\n<\/div>\n<\/div>\n<div id=\"chunk-87vca\">\n<div class=\"mc-column content-text active-extra-styles \" data-block-type=\"unstyled\" data-block-weight=\"22\" data-block-id=\"6\">\n<p class=\"content-text__container \" data-track-category=\"Link no Texto\" data-track-links=\"\">A opera\u00e7\u00e3o foi autorizada pelo ministro Alexandre de Moraes dentro do inqu\u00e9rito das &#8220;mil\u00edcias digitais&#8221; que j\u00e1 tramita no Supremo Tribunal Federal.<\/p>\n<\/div>\n<\/div>\n<div id=\"chunk-5odrv\">\n<div class=\"mc-column content-text active-extra-styles \" data-block-type=\"unstyled\" data-block-weight=\"60\" data-block-id=\"7\">\n<p class=\"content-text__container \" data-track-category=\"Link no Texto\" data-track-links=\"\">A TV Globo apurou que a fraude nos cart\u00f5es de vacina\u00e7\u00e3o do Bolsonaro e da filha de 12 anos aconteceu em 21 de dezembro passado, pouco antes de viajarem para os EUA (no pen\u00faltimo dia de mandato). Ap\u00f3s ser lan\u00e7ado no ConecteSUS, \u00e9 poss\u00edvel gerar um comprovante de imuniza\u00e7\u00e3o. Os dados foram retirados do sistema em 27 do mesmo m\u00eas.<\/p>\n<\/div>\n<\/div>\n<div id=\"chunk-dtpn4\">\n<div class=\"mc-column content-text active-extra-styles \" data-block-type=\"unstyled\" data-block-weight=\"37\" data-block-id=\"9\">\n<p class=\"content-text__container \" data-track-category=\"Link no Texto\" data-track-links=\"\">Policiais chegaram nas primeiras horas da manh\u00e3 ao condom\u00ednio onde o ex-presidente mora desde que voltou ao Brasil, em mar\u00e7o. Por volta das 9h20, j\u00e1 n\u00e3o havia carros da Pol\u00edcia Federal em frente \u00e0 casa de Bolsonaro.<\/p>\n<\/div>\n<\/div>\n<div id=\"chunk-17bdl\">\n<div class=\"content-ads content-ads--reveal\" data-block-type=\"ads\" data-block-id=\"14\"><\/div>\n<\/div>\n<div id=\"chunk-21lrg\">\n<div class=\"bs-video-block mc-column  content-media content-video\" data-block-type=\"backstage-video\" data-block-id=\"15\">\n<div class=\"content-media__container\">\n<div class=\"content-video__bigger-player-description-fixer\">\n<article class=\"content-video\">\n<section class=\"content-video__video-container\">\n<div class=\"content-video__video\">\n<div class=\"content-video__placeholder\" data-video-id=\"11585332\" data-video-has-viewport-play=\"True\"><img class=\"content-video__placeholder__thumb\" title=\"PF confirma que carteira de vacina\u00e7\u00e3o de Bolsonaro foi adulterada\" src=\"https:\/\/s01.video.glbimg.com\/x240\/11585332.jpg\" alt=\"PF confirma que carteira de vacina\u00e7\u00e3o de Bolsonaro foi adulterada\" \/><\/div>\n<\/div>\n<\/section>\n<\/article>\n<\/div>\n<p class=\"content-media__description\">PF confirma que carteira de vacina\u00e7\u00e3o de Bolsonaro foi adulterada<\/p>\n<\/div>\n<\/div>\n<\/div>\n<div class=\"mc-column content-text active-extra-styles\" data-block-type=\"raw\" data-block-weight=\"5\" data-block-id=\"17\">\n<div class=\"content-intertitle\">\n<h2>Qual o motivo da opera\u00e7\u00e3o?<\/h2>\n<\/div>\n<\/div>\n<div id=\"chunk-3t6cl\">\n<div class=\"mc-column content-text active-extra-styles \" data-block-type=\"unstyled\" data-block-weight=\"21\" data-block-id=\"18\">\n<p class=\"content-text__container \" data-track-category=\"Link no Texto\" data-track-links=\"\">A PF investiga um grupo suspeito de\u00a0<strong><span class=\"highlight highlighted\">inserir dados falsos de vacina\u00e7\u00e3o contra a\u00a0<\/span><\/strong><a class=\"\" href=\"http:\/\/g1.globo.com\/coronavirus\"><strong><span class=\"highlight highlighted\">Covid-19<\/span><\/strong><\/a><strong><span class=\"highlight highlighted\">\u00a0nos sistemas do\u00a0<\/span><\/strong><a class=\"\" href=\"https:\/\/g1.globo.com\/tudo-sobre\/ministerio-da-saude\/\"><strong><span class=\"highlight highlighted\">Minist\u00e9rio da Sa\u00fade<\/span><\/strong><\/a>.<\/p>\n<\/div>\n<\/div>\n<div id=\"chunk-b3nae\">\n<div class=\"mc-column content-text active-extra-styles \" data-block-type=\"unstyled\" data-block-weight=\"45\" data-block-id=\"19\">\n<p class=\"content-text__container \" data-track-category=\"Link no Texto\" data-track-links=\"\">&#8220;Com isso, tais pessoas puderam emitir os respectivos certificados de vacina\u00e7\u00e3o e utiliz\u00e1-los para burlarem as restri\u00e7\u00f5es sanit\u00e1rias vigentes imposta pelos poderes p\u00fablicos (Brasil e\u00a0<a class=\"\" href=\"https:\/\/g1.globo.com\/tudo-sobre\/estados-unidos\/\">Estados Unidos<\/a>) destinadas a impedir a propaga\u00e7\u00e3o de doen\u00e7a contagiosa, no caso, a pandemia de Covid&#8221;, diz a Pol\u00edcia Federal<\/p>\n<\/div>\n<\/div>\n<div class=\"mc-column content-text active-extra-styles\" data-block-type=\"raw\" data-block-weight=\"4\" data-block-id=\"21\">\n<div class=\"content-intertitle\">\n<h2>Quais dados foram forjados?<\/h2>\n<\/div>\n<\/div>\n<div id=\"chunk-5g62v\">\n<div class=\"mc-column content-text active-extra-styles \" data-block-type=\"unstyled\" data-block-weight=\"15\" data-block-id=\"22\">\n<p class=\"content-text__container \" data-track-category=\"Link no Texto\" data-track-links=\"\">A TV Globo e a GloboNews apuraram que teriam sido forjados os certificados de vacina\u00e7\u00e3o:<\/p>\n<\/div>\n<\/div>\n<div class=\"mc-column content-text active-extra-styles\" data-block-type=\"raw\" data-block-weight=\"26\" data-block-id=\"23\">\n<ul class=\"content-unordered-list\">\n<li>do hoje ex-presidente Jair Bolsonaro;<\/li>\n<li>da filha de Bolsonaro, hoje com 12 anos;<\/li>\n<li>do ex-ajudante de ordens Mauro Cid Barbosa, da mulher e da filha dele.<\/li>\n<\/ul>\n<\/div>\n<div id=\"chunk-5ispv\">\n<div class=\"mc-column content-text active-extra-styles \" data-block-type=\"unstyled\" data-block-weight=\"26\" data-block-id=\"25\">\n<p class=\"content-text__container \" data-track-category=\"Link no Texto\" data-track-links=\"\">Essa suposta falsifica\u00e7\u00e3o teria o objetivo de garantir a entrada de Bolsonaro, familiares e auxiliares pr\u00f3ximos nos Estados Unidos, burlando a regra de vacina\u00e7\u00e3o obrigat\u00f3ria.<\/p>\n<\/div>\n<\/div>\n<div id=\"chunk-ihjs\">\n<div class=\"mc-column content-text active-extra-styles \" data-block-type=\"unstyled\" data-block-weight=\"16\" data-block-id=\"26\">\n<p class=\"content-text__container \" data-track-category=\"Link no Texto\" data-track-links=\"\">A PF ainda investiga a situa\u00e7\u00e3o de outros membros da comitiva, como a ex-primeira-dama Michelle Bolsonaro.<\/p>\n<\/div>\n<\/div>\n<div class=\"mc-column content-text active-extra-styles\" data-block-type=\"raw\" data-block-weight=\"7\" data-block-id=\"28\">\n<div class=\"content-intertitle\">\n<h2>Quais dados constam na carteira de Bolsonaro?<\/h2>\n<\/div>\n<\/div>\n<div id=\"chunk-fobp9\">\n<div class=\"mc-column content-text active-extra-styles \" data-block-type=\"unstyled\" data-block-weight=\"44\" data-block-id=\"29\">\n<p class=\"content-text__container \" data-track-category=\"Link no Texto\" data-track-links=\"\">Segundo apurou a TV Globo, os sistemas do Minist\u00e9rio da Sa\u00fade indicam que duas doses de vacinas contra Covid teriam sido aplicadas em Jair Bolsonaro. Nesta quarta, ap\u00f3s a opera\u00e7\u00e3o da PF, o pr\u00f3prio ex-presidente negou que ele e a filha tenham se imunizado.<\/p>\n<\/div>\n<\/div>\n<div id=\"chunk-crked\">\n<div class=\"mc-column content-text active-extra-styles \" data-block-type=\"unstyled\" data-block-weight=\"16\" data-block-id=\"30\">\n<p class=\"content-text__container \" data-track-category=\"Link no Texto\" data-track-links=\"\">No sistema da Rede Nacional de Dados em Sa\u00fade, no entanto, constam duas doses da Pfizer:<\/p>\n<\/div>\n<\/div>\n<div class=\"mc-column content-text active-extra-styles\" data-block-type=\"raw\" data-block-weight=\"34\" data-block-id=\"32\">\n<ul class=\"content-unordered-list\">\n<li>a primeira, supostamente aplicada em 13 de agosto de 2022 no Centro Municipal de Sa\u00fade de Duque de Caxias (RJ);<\/li>\n<li>a segunda, supostamente aplicada no dia 14 de outubro, no mesmo estabelecimento de sa\u00fade.<\/li>\n<\/ul>\n<p>&nbsp;<\/p>\n<\/div>\n<div id=\"chunk-8ps85\">\n<div class=\"mc-column content-text active-extra-styles \" data-block-type=\"unstyled\" data-block-weight=\"35\" data-block-id=\"33\">\n<p class=\"content-text__container \" data-track-category=\"Link no Texto\" data-track-links=\"\">Os dados, segundo os investigadores, foram inseridos no Sistema de Informa\u00e7\u00f5es do Programa Nacional de Imuniza\u00e7\u00f5es apenas em 21 de dezembro, pelo secret\u00e1rio municipal de Governo de Duque de Caxias, Jo\u00e3o Carlos de Sousa Brecha.<\/p>\n<\/div>\n<\/div>\n<div id=\"chunk-fhjgp\">\n<div class=\"mc-column content-text active-extra-styles \" data-block-type=\"unstyled\" data-block-weight=\"28\" data-block-id=\"34\">\n<p class=\"content-text__container \" data-track-category=\"Link no Texto\" data-track-links=\"\">Uma semana depois, no dia 27 de dezembro do ano passado, as informa\u00e7\u00f5es foram exclu\u00eddas do sistema por Claudia Helena Acosta Rodrigues da Silva, sob alega\u00e7\u00e3o de &#8220;erro&#8221;.<\/p>\n<\/div>\n<\/div>\n<div class=\"mc-column content-text active-extra-styles\" data-block-type=\"raw\" data-block-weight=\"6\" data-block-id=\"37\">\n<div class=\"content-intertitle\">\n<h2>Quem s\u00e3o os alvos da opera\u00e7\u00e3o?<\/h2>\n<\/div>\n<\/div>\n<div id=\"chunk-dnsih\">\n<div class=\"mc-column content-text active-extra-styles \" data-block-type=\"unstyled\" data-block-weight=\"18\" data-block-id=\"38\">\n<p class=\"content-text__container \" data-track-category=\"Link no Texto\" data-track-links=\"\"><strong><span class=\"highlight highlighted\">At\u00e9 as 7h, todas as pris\u00f5es j\u00e1 tinham sido cumpridas<\/span><\/strong>. A TV Globo apurou os seis presos s\u00e3o:<\/p>\n<\/div>\n<\/div>\n<div class=\"mc-column content-text active-extra-styles\" data-block-type=\"raw\" data-block-weight=\"71\" data-block-id=\"39\">\n<ul class=\"content-unordered-list\">\n<li>o coronel\u00a0<strong>Mauro Cid Barbosa,<\/strong>\u00a0ex-ajudante de ordens de Jair Bolsonaro;<\/li>\n<li>o sargento\u00a0<strong>Luis Marcos dos Reis<\/strong>, que era da equipe de Mauro Cid;<\/li>\n<li>o ex-major do Ex\u00e9rcito\u00a0<strong>Ailton Gon\u00e7alves Moraes Barros<\/strong>;<\/li>\n<li>o policial militar\u00a0<strong>Max Guilherme<\/strong>, que atuou na seguran\u00e7a presidencial;<\/li>\n<li>o militar do Ex\u00e9rcito\u00a0<strong>S\u00e9rgio Cordeiro<\/strong>, que tamb\u00e9m atuava na prote\u00e7\u00e3o pessoal de Bolsonaro;<\/li>\n<li>o secret\u00e1rio municipal de Governo de Duque de Caxias (RJ),\u00a0<strong>Jo\u00e3o Carlos de Sousa Brecha<\/strong>.<\/li>\n<\/ul>\n<\/div>\n<div id=\"chunk-cktkp\">\n<div class=\"mc-column content-text active-extra-styles \" data-block-type=\"unstyled\" data-block-weight=\"23\" data-block-id=\"40\">\n<p class=\"content-text__container \" data-track-category=\"Link no Texto\" data-track-links=\"\">Os agentes cumprem 16 mandados de busca e apreens\u00e3o e seis mandados de pris\u00e3o preventiva, em Bras\u00edlia e no\u00a0<a class=\"\" href=\"https:\/\/g1.globo.com\/rj\/rio-de-janeiro\/cidade\/rio-de-janeiro\/\">Rio de Janeiro<\/a>.<\/p>\n<\/div>\n<\/div>\n<div id=\"chunk-akbeh\">\n<div class=\"mc-column content-text active-extra-styles \" data-block-type=\"unstyled\" data-block-weight=\"9\" data-block-id=\"43\">\n<p class=\"content-text__container \" data-track-category=\"Link no Texto\" data-track-links=\"\">H\u00e1, ainda,\u00a0<strong><span class=\"highlight highlighted\">16 mandados de busca e apreens\u00e3o contra<\/span><\/strong><span class=\"highlight highlighted\">:<\/span><\/p>\n<\/div>\n<\/div>\n<div class=\"mc-column content-text active-extra-styles\" data-block-type=\"raw\" data-block-weight=\"60\" data-block-id=\"44\">\n<ol class=\"content-ordered-list theme-ordered-list-color-primary\">\n<li>Jair Bolsonaro;<\/li>\n<li>Mauro Barbosa Cid;<\/li>\n<li>Gabriela Santiago Ribeiro Cid;<\/li>\n<li>Luis Marcos dos Reis;<\/li>\n<li>Farley Vinicius Alcantara;<\/li>\n<li>Eduardo Crespo Alves;<\/li>\n<li>Ailton Gon\u00e7alves Moraes Barros;<\/li>\n<li>Jo\u00e3o Carlos de Sousa Brecha;<\/li>\n<li>Max Guilherme Machado de Moura;<\/li>\n<li>Sergio Rocha Cordeiro;<\/li>\n<li>Marcelo Costa C\u00e2mara;<\/li>\n<li>Claudia Helena Acosta Rodrigues da Silva;<\/li>\n<li>Marcelo Fernandes de Holanda;<\/li>\n<li>Marcello Moraes Siciliano;<\/li>\n<li>Camila Paulino Alves Soares;<\/li>\n<li>Guttemberg Reis de Oliveira.<\/li>\n<\/ol>\n<\/div>\n<div id=\"chunk-14m34\">\n<div class=\"bs-video-block mc-column  content-media content-video\" data-block-type=\"backstage-video\" data-block-id=\"46\">\n<div class=\"content-media__container\">\n<div class=\"content-video__bigger-player-description-fixer\">\n<article class=\"content-video\">\n<section class=\"content-video__video-container\">\n<div class=\"content-video__video\">\n<div class=\"content-video__placeholder\" data-video-id=\"11585421\" data-video-has-viewport-play=\"True\"><img class=\"content-video__placeholder__thumb\" title=\"V\u00eddeo mostra agentes da PF na casa de Bolsonaro\" src=\"https:\/\/s02.video.glbimg.com\/x240\/11585421.jpg\" alt=\"V\u00eddeo mostra agentes da PF na casa de Bolsonaro\" \/><\/div>\n<\/div>\n<\/section>\n<\/article>\n<\/div>\n<\/div>\n<\/div>\n<\/div>\n<div class=\"mc-column content-text active-extra-styles\" data-block-type=\"raw\" data-block-weight=\"5\" data-block-id=\"48\">\n<div class=\"content-intertitle\">\n<h2>Como funcionava o suposto esquema?<\/h2>\n<\/div>\n<\/div>\n<div id=\"chunk-bhiv5\">\n<div class=\"mc-column content-text active-extra-styles \" data-block-type=\"unstyled\" data-block-weight=\"37\" data-block-id=\"49\">\n<p class=\"content-text__container \" data-track-category=\"Link no Texto\" data-track-links=\"\">A inclus\u00e3o dos dados falsos aconteceu em dezembro do ano passado. As pessoas beneficiadas conseguiram emitir certificados de vacina\u00e7\u00e3o e usar para burlar restri\u00e7\u00f5es sanit\u00e1rias impostas pelos governos do Brasil e dos Estados Unidos, segundo os investigadores.<\/p>\n<\/div>\n<\/div>\n<div id=\"chunk-1be7c\">\n<div class=\"mc-column content-text active-extra-styles \" data-block-type=\"unstyled\" data-block-weight=\"33\" data-block-id=\"50\">\n<p class=\"content-text__container \" data-track-category=\"Link no Texto\" data-track-links=\"\">Segundo apurou a TV Globo, Mauro Cid teria determinado que um sargento da Ajud\u00e2ncia de Ordens da Presid\u00eancia da Rep\u00fablica, Luis Marcos dos Reis, inclu\u00edsse dados forjados nos sistemas do Minist\u00e9rio da Sa\u00fade.<\/p>\n<\/div>\n<\/div>\n<div id=\"chunk-2qdbj\">\n<div class=\"mc-column content-text active-extra-styles \" data-block-type=\"unstyled\" data-block-weight=\"39\" data-block-id=\"51\">\n<p class=\"content-text__container \" data-track-category=\"Link no Texto\" data-track-links=\"\">A inser\u00e7\u00e3o de dados falsos teve de ser refeita, em outra oportunidade. Isso porque, na primeira tentativa, o grupo inseriu no sistema lotes que tinham ido para outras cidades \u2013 e n\u00e3o para Bras\u00edlia, como a fraude tentava apontar.<\/p>\n<\/div>\n<\/div>\n<div id=\"chunk-7avjk\">\n<div class=\"mc-column content-text active-extra-styles \" data-block-type=\"unstyled\" data-block-weight=\"17\" data-block-id=\"52\">\n<p class=\"content-text__container \" data-track-category=\"Link no Texto\" data-track-links=\"\">Nessa segunda tentativa, segundo os investigadores, os envolvidos deixaram rastros que facilitaram a apura\u00e7\u00e3o dos supostos crimes.<\/p>\n<\/div>\n<\/div>\n<div id=\"chunk-6ku6c\">\n<div class=\"mc-column content-text active-extra-styles \" data-block-type=\"unstyled\" data-block-weight=\"33\" data-block-id=\"53\">\n<p class=\"content-text__container \" data-track-category=\"Link no Texto\" data-track-links=\"\">Segundo a Pol\u00edcia Federal,\u00a0<span class=\"highlight highlighted\">o ajudante de ordens Mauro Cid Barbosa era quem controlava o cadastro de Jair Bolsonaro no ConecteSUS<\/span>. Os acessos \u00e0 plataforma foram feitos por um computador atribu\u00eddo a Cid.<\/p>\n<\/div>\n<\/div>\n<div id=\"chunk-39ciq\">\n<div class=\"mc-column content-text active-extra-styles \" data-block-type=\"unstyled\" data-block-weight=\"32\" data-block-id=\"54\">\n<p class=\"content-text__container \" data-track-category=\"Link no Texto\" data-track-links=\"\">Al\u00e9m dos ind\u00edcios no pr\u00f3prio sistema do Minist\u00e9rio da Sa\u00fade, a investiga\u00e7\u00e3o obteve trocas de mensagens entre os envolvidos que confirmaram a fraude \u2013 a quebra do sigilo foi autorizada pela Justi\u00e7a.<\/p>\n<\/div>\n<\/div>\n<div id=\"chunk-a7cn9\">\n<div class=\"mc-column content-text active-extra-styles \" data-block-type=\"unstyled\" data-block-weight=\"33\" data-block-id=\"55\">\n<p class=\"content-text__container \" data-track-category=\"Link no Texto\" data-track-links=\"\">A Pol\u00edcia Federal afirma que o objetivo do grupo seria &#8220;manter coeso o elemento identit\u00e1rio em rela\u00e7\u00e3o a suas pautas ideol\u00f3gicas&#8221; e &#8220;sustentar o discurso voltado aos ataques \u00e0 vacina\u00e7\u00e3o contra a Covid-19&#8221;.<\/p>\n<\/div>\n<\/div>\n<\/div>\n<\/article>\n<\/div>\n","protected":false},"excerpt":{"rendered":"<p>Policiais prenderam seis suspeitos ao todo e apreenderam celulares de Jair Bolsonaro e Michelle, segundo apurou a GloboNews. H\u00e1 ainda 16 mandados de busca; suspeita \u00e9 de que grupo tenha agido para fraudar cart\u00f5es de vacina\u00e7\u00e3o de Bolsonaro, familiares e ajudantes PF faz buscas na casa de Bolsonaro e prende ex-ajudante Mauro Cid A\u00a0Pol\u00edcia Federal\u00a0faz [&hellip;]<\/p>\n","protected":false},"author":2,"featured_media":0,"comment_status":"open","ping_status":"open","sticky":false,"template":"","format":"standard","meta":{"_links_to":"","_links_to_target":""},"categories":[7,9,8,1],"tags":[],"_links":{"self":[{"href":"https:\/\/www.ilheusnoticias.net.br\/v1\/wp-json\/wp\/v2\/posts\/31749"}],"collection":[{"href":"https:\/\/www.ilheusnoticias.net.br\/v1\/wp-json\/wp\/v2\/posts"}],"about":[{"href":"https:\/\/www.ilheusnoticias.net.br\/v1\/wp-json\/wp\/v2\/types\/post"}],"author":[{"embeddable":true,"href":"https:\/\/www.ilheusnoticias.net.br\/v1\/wp-json\/wp\/v2\/users\/2"}],"replies":[{"embeddable":true,"href":"https:\/\/www.ilheusnoticias.net.br\/v1\/wp-json\/wp\/v2\/comments?post=31749"}],"version-history":[{"count":1,"href":"https:\/\/www.ilheusnoticias.net.br\/v1\/wp-json\/wp\/v2\/posts\/31749\/revisions"}],"predecessor-version":[{"id":31750,"href":"https:\/\/www.ilheusnoticias.net.br\/v1\/wp-json\/wp\/v2\/posts\/31749\/revisions\/31750"}],"wp:attachment":[{"href":"https:\/\/www.ilheusnoticias.net.br\/v1\/wp-json\/wp\/v2\/media?parent=31749"}],"wp:term":[{"taxonomy":"category","embeddable":true,"href":"https:\/\/www.ilheusnoticias.net.br\/v1\/wp-json\/wp\/v2\/categories?post=31749"},{"taxonomy":"post_tag","embeddable":true,"href":"https:\/\/www.ilheusnoticias.net.br\/v1\/wp-json\/wp\/v2\/tags?post=31749"}],"curies":[{"name":"wp","href":"https:\/\/api.w.org\/{rel}","templated":true}]}}