{"id":31747,"date":"2023-05-03T12:54:35","date_gmt":"2023-05-03T15:54:35","guid":{"rendered":"https:\/\/www.ilheusnoticias.net.br\/v1\/?p=31747"},"modified":"2023-05-03T12:54:35","modified_gmt":"2023-05-03T15:54:35","slug":"jeronimo-quer-ampliar-investimentos-em-energias-renovaveis","status":"publish","type":"post","link":"https:\/\/www.ilheusnoticias.net.br\/v1\/2023\/05\/03\/jeronimo-quer-ampliar-investimentos-em-energias-renovaveis\/","title":{"rendered":"Jer\u00f4nimo quer ampliar investimentos em energias renov\u00e1veis"},"content":{"rendered":"<div class=\"Post\">\n<div class=\"Post-body\">\n<div class=\"Post-inner article\">\n<div class=\"PostFooterIcons metadata-icons\"><\/div>\n<\/div>\n<\/div>\n<\/div>\n<div class=\"Post\">\n<div class=\"Post-body\">\n<div class=\"Post-inner article\">\n<div class=\"PostHeaderIcons metadata-icons\"><\/div>\n<div class=\"PostContent\">\n<p><img loading=\"lazy\" class=\"\" src=\"http:\/\/www.blogdothame.blog.br\/v1\/wp-content\/uploads\/2023\/05\/jer-eolica.jpg\" width=\"509\" height=\"254\" \/><\/p>\n<p>Para debater a amplia\u00e7\u00e3o dos investimentos em energias renov\u00e1veis na Bahia, o governador Jer\u00f4nimo Rodrigues (PT) se reuniu nesta ter\u00e7a (2) com representantes de empresas que fazem parte da Associa\u00e7\u00e3o Brasileira de Energia E\u00f3lica (ABEE\u00f3lica). Durante o encontro, foi criado um grupo de trabalho (GT) que inclui os empres\u00e1rios, as a Casa Civil e as secretarias de Desenvolvimento Econ\u00f4mico (SDE), Meio Ambiente (Sema), Infraestrutura (Seinfra) e de Desenvolvimento Rural (SDR).<\/p>\n<p>Segundo o titular da Casa Civil, Afonso Florence, a Bahia experimentou a implanta\u00e7\u00e3o e a expans\u00e3o expressiva da produ\u00e7\u00e3o de energia e\u00f3lica e de energia solar. \u201cO governador Jer\u00f4nimo determinou a implanta\u00e7\u00e3o deste grupo de trabalho, reunindo o governo e o setor privado, para diligenciarmos provid\u00eancias para garantir celeridade processual, seguran\u00e7a jur\u00eddica, sustentabilidade ambiental e ampliar ainda mais rapidamente os parques de energia e\u00f3lica e de energia solar\u201d, explicou.<\/p>\n<p>Para o diretor t\u00e9cnico da ABEE\u00f3lica, Sandro Yamamoto, a instala\u00e7\u00e3o do GT representa um marco. \u201cAumentamos o di\u00e1logo do setor e\u00f3lico com o Estado para termos uma seguran\u00e7a jur\u00eddica, para que os empreendimentos sejam viabilizados. No momento em que temos uma previsibilidade, uma seguran\u00e7a jur\u00eddica, os empres\u00e1rios tomam a decis\u00e3o de fazer investimentos e, com isso, geramos emprego e renda para a popula\u00e7\u00e3o, aquecemos a economia, aumentamos o \u00edndice de desenvolvimento humano\u201d, afirmou.<\/p>\n<\/div>\n<\/div>\n<\/div>\n<\/div>\n","protected":false},"excerpt":{"rendered":"<p>Para debater a amplia\u00e7\u00e3o dos investimentos em energias renov\u00e1veis na Bahia, o governador Jer\u00f4nimo Rodrigues (PT) se reuniu nesta ter\u00e7a (2) com representantes de empresas que fazem parte da Associa\u00e7\u00e3o Brasileira de Energia E\u00f3lica (ABEE\u00f3lica). Durante o encontro, foi criado um grupo de trabalho (GT) que inclui os empres\u00e1rios, as a Casa Civil e as [&hellip;]<\/p>\n","protected":false},"author":2,"featured_media":0,"comment_status":"open","ping_status":"open","sticky":false,"template":"","format":"standard","meta":{"_links_to":"","_links_to_target":""},"categories":[7,9,8,1],"tags":[],"_links":{"self":[{"href":"https:\/\/www.ilheusnoticias.net.br\/v1\/wp-json\/wp\/v2\/posts\/31747"}],"collection":[{"href":"https:\/\/www.ilheusnoticias.net.br\/v1\/wp-json\/wp\/v2\/posts"}],"about":[{"href":"https:\/\/www.ilheusnoticias.net.br\/v1\/wp-json\/wp\/v2\/types\/post"}],"author":[{"embeddable":true,"href":"https:\/\/www.ilheusnoticias.net.br\/v1\/wp-json\/wp\/v2\/users\/2"}],"replies":[{"embeddable":true,"href":"https:\/\/www.ilheusnoticias.net.br\/v1\/wp-json\/wp\/v2\/comments?post=31747"}],"version-history":[{"count":1,"href":"https:\/\/www.ilheusnoticias.net.br\/v1\/wp-json\/wp\/v2\/posts\/31747\/revisions"}],"predecessor-version":[{"id":31748,"href":"https:\/\/www.ilheusnoticias.net.br\/v1\/wp-json\/wp\/v2\/posts\/31747\/revisions\/31748"}],"wp:attachment":[{"href":"https:\/\/www.ilheusnoticias.net.br\/v1\/wp-json\/wp\/v2\/media?parent=31747"}],"wp:term":[{"taxonomy":"category","embeddable":true,"href":"https:\/\/www.ilheusnoticias.net.br\/v1\/wp-json\/wp\/v2\/categories?post=31747"},{"taxonomy":"post_tag","embeddable":true,"href":"https:\/\/www.ilheusnoticias.net.br\/v1\/wp-json\/wp\/v2\/tags?post=31747"}],"curies":[{"name":"wp","href":"https:\/\/api.w.org\/{rel}","templated":true}]}}