{"id":31743,"date":"2023-05-03T12:50:49","date_gmt":"2023-05-03T15:50:49","guid":{"rendered":"https:\/\/www.ilheusnoticias.net.br\/v1\/?p=31743"},"modified":"2023-05-03T12:50:49","modified_gmt":"2023-05-03T15:50:49","slug":"hospital-regional-costa-do-cacau-recebe-novos-medicos-do-programa-de-residencia-medica","status":"publish","type":"post","link":"https:\/\/www.ilheusnoticias.net.br\/v1\/2023\/05\/03\/hospital-regional-costa-do-cacau-recebe-novos-medicos-do-programa-de-residencia-medica\/","title":{"rendered":"Hospital Regional Costa do Cacau recebe novos m\u00e9dicos do Programa de Resid\u00eancia M\u00e9dica"},"content":{"rendered":"<div class=\"PostHeaderIcons metadata-icons\"><\/div>\n<div class=\"PostContent\">\n<p><img loading=\"lazy\" class=\"\" src=\"http:\/\/www.blogdothame.blog.br\/v1\/wp-content\/uploads\/2023\/05\/Novos-medicos-residentes-HRCC-2-1024x576.jpeg\" width=\"440\" height=\"247\" \/><\/p>\n<p>&nbsp;<\/p>\n<p>A Comiss\u00e3o de Resid\u00eancia M\u00e9dica (COREME) do Hospital Regional Costa do Cacau (HRCC), em Ilh\u00e9us, recepcionou a chegada de novos m\u00e9dicos residentes na unidade hospitalar.<\/p>\n<p>Na ocasi\u00e3o, foi realizada a tradicional e simb\u00f3lica entrega dos jalecos pelas m\u00e3os da m\u00e9dica pneumologista Ros\u00e2ngela Melo, coordenadora da COREME e do m\u00e9dico Emmanuel Conrado Sousa, coordenador do Programa de Cirurgia Geral.<\/p>\n<p>Os rec\u00e9m-integrados ao Programa de Cirurgia Geral, com dura\u00e7\u00e3o de tr\u00eas anos, s\u00e3o Juliana de Sales Landim e Mar\u00edlia Mariotti de Santana. Para o Programa de Cl\u00ednica M\u00e9dica, com dura\u00e7\u00e3o de dois anos, chegaram Ana Margarethe dos Santos e Bianca Carolina da Silva Medeiros. Na Medicina Intensiva, com dura\u00e7\u00e3o de tr\u00eas anos, foi admitido David Gomes de Freitas Sales.<\/p>\n<\/div>\n","protected":false},"excerpt":{"rendered":"<p>&nbsp; A Comiss\u00e3o de Resid\u00eancia M\u00e9dica (COREME) do Hospital Regional Costa do Cacau (HRCC), em Ilh\u00e9us, recepcionou a chegada de novos m\u00e9dicos residentes na unidade hospitalar. Na ocasi\u00e3o, foi realizada a tradicional e simb\u00f3lica entrega dos jalecos pelas m\u00e3os da m\u00e9dica pneumologista Ros\u00e2ngela Melo, coordenadora da COREME e do m\u00e9dico Emmanuel Conrado Sousa, coordenador do [&hellip;]<\/p>\n","protected":false},"author":2,"featured_media":0,"comment_status":"open","ping_status":"open","sticky":false,"template":"","format":"standard","meta":{"_links_to":"","_links_to_target":""},"categories":[7,9,8,1],"tags":[],"_links":{"self":[{"href":"https:\/\/www.ilheusnoticias.net.br\/v1\/wp-json\/wp\/v2\/posts\/31743"}],"collection":[{"href":"https:\/\/www.ilheusnoticias.net.br\/v1\/wp-json\/wp\/v2\/posts"}],"about":[{"href":"https:\/\/www.ilheusnoticias.net.br\/v1\/wp-json\/wp\/v2\/types\/post"}],"author":[{"embeddable":true,"href":"https:\/\/www.ilheusnoticias.net.br\/v1\/wp-json\/wp\/v2\/users\/2"}],"replies":[{"embeddable":true,"href":"https:\/\/www.ilheusnoticias.net.br\/v1\/wp-json\/wp\/v2\/comments?post=31743"}],"version-history":[{"count":1,"href":"https:\/\/www.ilheusnoticias.net.br\/v1\/wp-json\/wp\/v2\/posts\/31743\/revisions"}],"predecessor-version":[{"id":31744,"href":"https:\/\/www.ilheusnoticias.net.br\/v1\/wp-json\/wp\/v2\/posts\/31743\/revisions\/31744"}],"wp:attachment":[{"href":"https:\/\/www.ilheusnoticias.net.br\/v1\/wp-json\/wp\/v2\/media?parent=31743"}],"wp:term":[{"taxonomy":"category","embeddable":true,"href":"https:\/\/www.ilheusnoticias.net.br\/v1\/wp-json\/wp\/v2\/categories?post=31743"},{"taxonomy":"post_tag","embeddable":true,"href":"https:\/\/www.ilheusnoticias.net.br\/v1\/wp-json\/wp\/v2\/tags?post=31743"}],"curies":[{"name":"wp","href":"https:\/\/api.w.org\/{rel}","templated":true}]}}