{"id":31741,"date":"2023-05-03T12:48:08","date_gmt":"2023-05-03T15:48:08","guid":{"rendered":"https:\/\/www.ilheusnoticias.net.br\/v1\/?p=31741"},"modified":"2023-05-03T12:48:08","modified_gmt":"2023-05-03T15:48:08","slug":"mario-alexandre-garante-mais-melhorias-na-educacao-em-parceria-com-o-governo-do-estado","status":"publish","type":"post","link":"https:\/\/www.ilheusnoticias.net.br\/v1\/2023\/05\/03\/mario-alexandre-garante-mais-melhorias-na-educacao-em-parceria-com-o-governo-do-estado\/","title":{"rendered":"M\u00e1rio Alexandre garante mais melhorias na Educa\u00e7\u00e3o em parceria com o Governo do Estado"},"content":{"rendered":"<div class=\"imagem thumbnail col-xs-12 col-sm-8 col-md-6 col-lg-6 imagem-materia\"><a class=\"fresco\" title=\"\" href=\"https:\/\/portalfacilarquivos.blob.core.windows.net\/uploads\/ILHEUS\/imgOrig\/%7B2A0DE1DA-644B-BD0A-4ADB-EB70E47BE388%7D.jpg\" data-fresco-caption=\"\"><img loading=\"lazy\" title=\"\" src=\"https:\/\/portalfacilarquivos.blob.core.windows.net\/uploads\/ILHEUS\/img\/%7B2A0DE1DA-644B-BD0A-4ADB-EB70E47BE388%7D\/%7B2A0DE1DA-644B-BD0A-4ADB-EB70E47BE388%7D_650X450.jpg\" alt=\"reuni\u00e3o; sec ba; educa\u00e7ao\" width=\"650\" height=\"450\" \/><\/a><\/div>\n<p>Durante reuni\u00e3o na Secretaria da Educa\u00e7\u00e3o do Estado da Bahia (SEC BA), o prefeito M\u00e1rio Alexandre abordou demandas com foco na melhoria da estrutura educacional de Ilh\u00e9us. Acompanhado da deputada estadual Soane Galv\u00e3o e da secret\u00e1ria municipal de Educa\u00e7\u00e3o, Eliane Oliveira, o gestor cumpriu agenda na capital baiana na \u00faltima ter\u00e7a-feira (2).<\/p>\n<p>Na ocasi\u00e3o, o chefe do executivo dialogou com a titular da SEC BA, Ad\u00e9lia Pinheiro, sobre a\u00e7\u00f5es para assegurar a qualidade do ensino ofertado \u00e0s crian\u00e7as e aos adolescentes matriculados na rede p\u00fablica, destacando a import\u00e2ncia da parceria entre o Governo do Estado e o Munic\u00edpio.<\/p>\n<p>\u201cDiscutimos sobre a necessidade de obras emergenciais no Col\u00e9gio de Tempo Integral do CSU, que sofreu alguns danos devido \u00e0s fortes chuvas em nosso munic\u00edpio. Tamb\u00e9m solicitamos celeridade na entrega do Centro Estadual Nelson Schaun, para que os nossos alunos possam desfrutar de todo um aparato educacional, esportivo e de lazer. Agrade\u00e7o ao nosso governador Jer\u00f4nimo e ao nosso vice-governador Geraldo J\u00fanior, que t\u00eam realizado um trabalho de excel\u00eancia em todo o estado\u201d.<\/p>\n<div class=\"imagem thumbnail col-xs-12 col-sm-8 col-md-6 col-lg-6 imagem-materia\"><a class=\"fresco\" title=\"\" href=\"https:\/\/portalfacilarquivos.blob.core.windows.net\/uploads\/ILHEUS\/imgOrig\/%7BE1DAAC38-BBE3-B8C1-3BEE-63C047BCD636%7D.jpg\" data-fresco-caption=\"\"><img loading=\"lazy\" title=\"\" src=\"https:\/\/portalfacilarquivos.blob.core.windows.net\/uploads\/ILHEUS\/img\/%7BE1DAAC38-BBE3-B8C1-3BEE-63C047BCD636%7D\/%7BE1DAAC38-BBE3-B8C1-3BEE-63C047BCD636%7D_650X450.jpg\" alt=\"reuni\u00e3o; sec ba; educa\u00e7ao\" width=\"650\" height=\"450\" \/><\/a><\/p>\n<p class=\"bg-primary\">A pauta tamb\u00e9m girou em torno da formaliza\u00e7\u00e3o de conv\u00eanios, repasse das verbas do Programa Estadual do Transporte Escolar no Estado da Bahia (PETE\/BA), processo de municipaliza\u00e7\u00e3o de alguns estabelecimentos de ensino, em atendimento \u00e0s normas da Lei de Diretrizes e Bases da Educa\u00e7\u00e3o (LDB), estrat\u00e9gias voltadas ao enfrentamento da viol\u00eancia nas escolas, entre outros assuntos.<\/p>\n<\/div>\n<p>\u201cFoi um encontro muito enriquecedor, que certamente ir\u00e1 nos garantir avan\u00e7os importantes para o desenvolvimento de uma educa\u00e7\u00e3o p\u00fablica inclusiva e de qualidade\u201d, acrescentou Soane Galv\u00e3o.<\/p>\n<p>Junto \u00e0 equipe da Z\u00eanite Gr\u00e1fica, a parlamentar apresentou a Cole\u00e7\u00e3o Supera Mais, que possui uma proposta inovadora direcionada ao ensino das disciplinas de Portugu\u00eas e Matem\u00e1tica para a juventude baiana.<\/p>\n","protected":false},"excerpt":{"rendered":"<p>Durante reuni\u00e3o na Secretaria da Educa\u00e7\u00e3o do Estado da Bahia (SEC BA), o prefeito M\u00e1rio Alexandre abordou demandas com foco na melhoria da estrutura educacional de Ilh\u00e9us. Acompanhado da deputada estadual Soane Galv\u00e3o e da secret\u00e1ria municipal de Educa\u00e7\u00e3o, Eliane Oliveira, o gestor cumpriu agenda na capital baiana na \u00faltima ter\u00e7a-feira (2). Na ocasi\u00e3o, o [&hellip;]<\/p>\n","protected":false},"author":2,"featured_media":0,"comment_status":"open","ping_status":"open","sticky":false,"template":"","format":"standard","meta":{"_links_to":"","_links_to_target":""},"categories":[7,9,8,1],"tags":[],"_links":{"self":[{"href":"https:\/\/www.ilheusnoticias.net.br\/v1\/wp-json\/wp\/v2\/posts\/31741"}],"collection":[{"href":"https:\/\/www.ilheusnoticias.net.br\/v1\/wp-json\/wp\/v2\/posts"}],"about":[{"href":"https:\/\/www.ilheusnoticias.net.br\/v1\/wp-json\/wp\/v2\/types\/post"}],"author":[{"embeddable":true,"href":"https:\/\/www.ilheusnoticias.net.br\/v1\/wp-json\/wp\/v2\/users\/2"}],"replies":[{"embeddable":true,"href":"https:\/\/www.ilheusnoticias.net.br\/v1\/wp-json\/wp\/v2\/comments?post=31741"}],"version-history":[{"count":1,"href":"https:\/\/www.ilheusnoticias.net.br\/v1\/wp-json\/wp\/v2\/posts\/31741\/revisions"}],"predecessor-version":[{"id":31742,"href":"https:\/\/www.ilheusnoticias.net.br\/v1\/wp-json\/wp\/v2\/posts\/31741\/revisions\/31742"}],"wp:attachment":[{"href":"https:\/\/www.ilheusnoticias.net.br\/v1\/wp-json\/wp\/v2\/media?parent=31741"}],"wp:term":[{"taxonomy":"category","embeddable":true,"href":"https:\/\/www.ilheusnoticias.net.br\/v1\/wp-json\/wp\/v2\/categories?post=31741"},{"taxonomy":"post_tag","embeddable":true,"href":"https:\/\/www.ilheusnoticias.net.br\/v1\/wp-json\/wp\/v2\/tags?post=31741"}],"curies":[{"name":"wp","href":"https:\/\/api.w.org\/{rel}","templated":true}]}}