{"id":31737,"date":"2023-05-02T09:01:36","date_gmt":"2023-05-02T12:01:36","guid":{"rendered":"https:\/\/www.ilheusnoticias.net.br\/v1\/?p=31737"},"modified":"2023-05-02T09:01:36","modified_gmt":"2023-05-02T12:01:36","slug":"sinebahia-divulga-vagas-de-emprego-oferecidas-em-ilheus-nesta-terca-feira-veja-lista-completa","status":"publish","type":"post","link":"https:\/\/www.ilheusnoticias.net.br\/v1\/2023\/05\/02\/sinebahia-divulga-vagas-de-emprego-oferecidas-em-ilheus-nesta-terca-feira-veja-lista-completa\/","title":{"rendered":"SineBahia divulga vagas de emprego oferecidas em Ilh\u00e9us nesta ter\u00e7a-feira; veja lista completa"},"content":{"rendered":"<div class=\"row content-head non-featured \">\n<div class=\"title\" data-block-type=\"title\" data-block-id=\"0\"><\/div>\n<div class=\"medium-centered subtitle\">\n<h2 class=\"content-head__subtitle\"><span style=\"font-size: 16px;\">P<\/span><img class=\"i-amphtml-fill-content i-amphtml-replaced-content\" style=\"font-size: 16px;\" src=\"https:\/\/s2.glbimg.com\/zwymtxiGfbmcPU3_l5MVWIrT5Ew=\/0x0:6144x3456\/984x0\/smart\/filters:strip_icc()\/i.s3.glbimg.com\/v1\/AUTH_59edd422c0c84a879bd37670ae4f538a\/internal_photos\/bs\/2023\/q\/p\/aKHvjZRyeZ7qVZffZuCQ\/pexels-artem-podrez-7048424.jpg\" sizes=\"(max-width: 1707px) 648px, 100vw\" srcset=\"https:\/\/s2.glbimg.com\/zqAu-uPWrUyX2LpVT9jhnUpZaHU=\/0x0:6144x3456\/1000x0\/smart\/filters:strip_icc()\/i.s3.glbimg.com\/v1\/AUTH_59edd422c0c84a879bd37670ae4f538a\/internal_photos\/bs\/2023\/q\/p\/aKHvjZRyeZ7qVZffZuCQ\/pexels-artem-podrez-7048424.jpg 1000w, https:\/\/s2.glbimg.com\/zwymtxiGfbmcPU3_l5MVWIrT5Ew=\/0x0:6144x3456\/984x0\/smart\/filters:strip_icc()\/i.s3.glbimg.com\/v1\/AUTH_59edd422c0c84a879bd37670ae4f538a\/internal_photos\/bs\/2023\/q\/p\/aKHvjZRyeZ7qVZffZuCQ\/pexels-artem-podrez-7048424.jpg 984w, https:\/\/s2.glbimg.com\/cAcSmEMi4ow7MBlAE6kI7nQalgI=\/0x0:6144x3456\/640x0\/smart\/filters:strip_icc()\/i.s3.glbimg.com\/v1\/AUTH_59edd422c0c84a879bd37670ae4f538a\/internal_photos\/bs\/2023\/q\/p\/aKHvjZRyeZ7qVZffZuCQ\/pexels-artem-podrez-7048424.jpg 640w, https:\/\/s2.glbimg.com\/VAXkwjQBq1PbVIwoC_n05puFcoI=\/0x0:6144x3456\/600x0\/smart\/filters:strip_icc()\/i.s3.glbimg.com\/v1\/AUTH_59edd422c0c84a879bd37670ae4f538a\/internal_photos\/bs\/2023\/q\/p\/aKHvjZRyeZ7qVZffZuCQ\/pexels-artem-podrez-7048424.jpg 600w\" alt=\"SineBahia tem vagas de emprego para analista ambiental em llh\u00e9us nesta ter\u00e7a-feira (2). \u2014 Foto: Pexels\" \/><\/h2>\n<\/div>\n<\/div>\n<div class=\"mc-article-body\">\n<article>\n<div id=\"chunk-183mc\">\n<div class=\"row medium-uncollapsed content-media content-photo\" data-block-type=\"backstage-photo\" data-block-id=\"1\">\n<div class=\" mc-column  content-media__container\">\n<p class=\"content-media__description  \">SineBahia tem vagas de emprego para analista ambiental em llh\u00e9us nesta ter\u00e7a-feira (2). \u2014 Foto: Pexel<\/p>\n<\/div>\n<\/div>\n<\/div>\n<div id=\"chunk-bk710\">\n<div class=\"mc-column content-text active-extra-styles \" data-block-type=\"unstyled\" data-block-weight=\"24\" data-block-id=\"3\">\n<p class=\"content-text__container \" data-track-category=\"Link no Texto\" data-track-links=\"\">O SineBahia, \u00f3rg\u00e3o estadual de intermedia\u00e7\u00e3o de m\u00e3o-de-obra, divulgou oportunidades de emprego e est\u00e1gio oferecidas nesta ter\u00e7a-feira (2) em\u00a0<a class=\"\" href=\"https:\/\/g1.globo.com\/ba\/bahia\/cidade\/ilheus\/\">Ilh\u00e9us<\/a>, no sul do estado.<\/p>\n<\/div>\n<\/div>\n<div class=\"wall protected-content\">\n<div id=\"chunk-1tt52\">\n<div class=\"mc-column content-text active-extra-styles \" data-block-type=\"unstyled\" data-block-weight=\"20\" data-block-id=\"4\">\n<p class=\"content-text__container \" data-track-category=\"Link no Texto\" data-track-links=\"\"><span class=\"highlight highlighted\">H\u00e1 vagas para analista ambiental, motorista carreteiro, nutricionista e muito mais.<\/span>\u00a0<strong><em>[Confira lista de vagas completa no final da mat\u00e9ria]<\/em><\/strong><\/p>\n<\/div>\n<\/div>\n<div id=\"chunk-d8cpp\">\n<div class=\"mc-column content-text active-extra-styles \" data-block-type=\"unstyled\" data-block-weight=\"27\" data-block-id=\"5\">\n<p class=\"content-text__container \" data-track-category=\"Link no Texto\" data-track-links=\"\">Os interessados devem buscar atendimento em uma das unidades do \u00f3rg\u00e3o. N\u00e3o \u00e9 preciso agendar e as senhas ser\u00e3o distribu\u00eddas conforme disponibilidade e por ordem de chegada.<\/p>\n<\/div>\n<\/div>\n<div id=\"chunk-1tv0v\">\n<div class=\"mc-column content-text active-extra-styles \" data-block-type=\"unstyled\" data-block-weight=\"29\" data-block-id=\"6\">\n<p class=\"content-text__container \" data-track-category=\"Link no Texto\" data-track-links=\"\">Todos devem levar carteira de trabalho f\u00edsica ou digital, RG, CPF, comprovante de resid\u00eancia, escolaridade e de vacina\u00e7\u00e3o contra a Covid-19, al\u00e9m dos documentos espec\u00edficos pedidos por cada vaga.<\/p>\n<\/div>\n<\/div>\n<div id=\"chunk-aks0o\">\n<div class=\"content-ads content-ads--reveal\" data-block-type=\"ads\" data-block-id=\"7\"><\/div>\n<\/div>\n<div id=\"chunk-bbolj\">\n<div class=\"mc-column content-text active-extra-styles \" data-block-type=\"unstyled\" data-block-weight=\"23\" data-block-id=\"8\">\n<p class=\"content-text__container \" data-track-category=\"Link no Texto\" data-track-links=\"\">Ainda de acordo com o SineBahia, est\u00e3o listadas apenas algumas das vagas dispon\u00edveis e elas s\u00e3o sujeitas ao limite de encaminhamentos. Confira abaixo:<\/p>\n<\/div>\n<\/div>\n<div class=\"mc-column content-text active-extra-styles\" data-block-type=\"raw\" data-block-weight=\"3\" data-block-id=\"9\">\n<p class=\"content-text__container\">\n<div class=\"content-intertitle\">\n<h2>Vagas para Ilh\u00e9us<\/h2>\n<\/div>\n<p>&nbsp;<\/p>\n<\/div>\n<div id=\"chunk-6i1a3\">\n<div class=\"mc-column content-text active-extra-styles \" data-block-type=\"unstyled\" data-block-weight=\"5\" data-block-id=\"10\">\n<p class=\"content-text__container \" data-track-category=\"Link no Texto\" data-track-links=\"\"><strong>GAR\u00c7OM<\/strong><br \/>\nEnsino fundamental<br \/>\nExperi\u00eancia na fun\u00e7\u00e3o<br \/>\n1 VAGA<\/p>\n<\/div>\n<\/div>\n<div id=\"chunk-1j635\">\n<div class=\"mc-column content-text active-extra-styles \" data-block-type=\"unstyled\" data-block-weight=\"11\" data-block-id=\"11\">\n<p class=\"content-text__container \" data-track-category=\"Link no Texto\" data-track-links=\"\"><strong>VENDEDOR INTERNO<\/strong><br \/>\nEnsino m\u00e9dio<br \/>\nExperi\u00eancia em carteira<br \/>\nPossuir habilidade com Pacote Office<br \/>\n1 VAGA<\/p>\n<\/div>\n<\/div>\n<div id=\"chunk-bgqha\">\n<div class=\"mc-column content-text active-extra-styles \" data-block-type=\"unstyled\" data-block-weight=\"21\" data-block-id=\"12\">\n<p class=\"content-text__container \" data-track-category=\"Link no Texto\" data-track-links=\"\"><strong>ANALISTA AMBIENTAL &#8211; MEIO BI\u00d3TICO<\/strong><br \/>\nEnsino superior em Biologia, Engenharia Florestal ou Veterin\u00e1ria<br \/>\nExperi\u00eancia comprovada em carteira de trabalho e CNH &#8216;B&#8217;<br \/>\n12 VAGAS<\/p>\n<\/div>\n<\/div>\n<div id=\"chunk-3d93f\">\n<div class=\"mc-column content-text active-extra-styles \" data-block-type=\"unstyled\" data-block-weight=\"8\" data-block-id=\"13\">\n<p class=\"content-text__container \" data-track-category=\"Link no Texto\" data-track-links=\"\"><strong>AUXILIAR DE CAMPO\/AMBIENTAL<br \/>\n<\/strong>Ensino fundamental<br \/>\nExperi\u00eancia na fun\u00e7\u00e3o<br \/>\n12 VAGAS<\/p>\n<\/div>\n<\/div>\n<div id=\"chunk-8tao7\">\n<div class=\"mc-column content-text active-extra-styles \" data-block-type=\"unstyled\" data-block-weight=\"17\" data-block-id=\"14\">\n<p class=\"content-text__container \" data-track-category=\"Link no Texto\" data-track-links=\"\"><strong>T\u00c9CNICO AMBIENTAL<br \/>\n<\/strong>Ensino m\u00e9dio t\u00e9cnico Ambiental, Meio Ambiente, Agr\u00edcola ou Florestal<br \/>\nExperi\u00eancia comprovada em carteira e CNH &#8216;B&#8217;<br \/>\n3 VAGAS<\/p>\n<\/div>\n<\/div>\n<div id=\"chunk-5ph8r\">\n<div class=\"mc-column content-text active-extra-styles \" data-block-type=\"unstyled\" data-block-weight=\"13\" data-block-id=\"15\">\n<p class=\"content-text__container \" data-track-category=\"Link no Texto\" data-track-links=\"\"><strong>MOTORISTA CARRETEIRO<br \/>\n<\/strong>Ensino m\u00e9dio<br \/>\nExperi\u00eancia na fun\u00e7\u00e3o em Servi\u00e7os Gerais e CNH &#8216;E&#8217;<br \/>\n1 VAGA<\/p>\n<\/div>\n<\/div>\n<div id=\"chunk-1hmte\">\n<div class=\"mc-column content-text active-extra-styles \" data-block-type=\"unstyled\" data-block-weight=\"9\" data-block-id=\"16\">\n<p class=\"content-text__container \" data-track-category=\"Link no Texto\" data-track-links=\"\"><strong>MOTORISTA ENTREGADOR<\/strong><br \/>\nEnsino m\u00e9dio<br \/>\nExperi\u00eancia na fun\u00e7\u00e3o<br \/>\nPossuir CNH \u201cD\u201d<br \/>\n1 VAGA<\/p>\n<\/div>\n<\/div>\n<div id=\"chunk-6h68m\">\n<div class=\"mc-column content-text active-extra-styles \" data-block-type=\"unstyled\" data-block-weight=\"6\" data-block-id=\"17\">\n<p class=\"content-text__container \" data-track-category=\"Link no Texto\" data-track-links=\"\"><strong>COZINHEIRO<br \/>\n<\/strong>Ensino fundamental<br \/>\nExperi\u00eancia na fun\u00e7\u00e3o<br \/>\n1 VAGA<\/p>\n<\/div>\n<\/div>\n<div id=\"chunk-fb70u\">\n<div class=\"mc-column content-text active-extra-styles \" data-block-type=\"unstyled\" data-block-weight=\"7\" data-block-id=\"18\">\n<p class=\"content-text__container \" data-track-category=\"Link no Texto\" data-track-links=\"\"><strong>AUXILIAR DE COZINHA<br \/>\n<\/strong>Ensino fundamental<br \/>\nExperi\u00eancia na fun\u00e7\u00e3o<br \/>\n1 VAGA<\/p>\n<\/div>\n<\/div>\n<div id=\"chunk-51lqi\">\n<div class=\"mc-column content-text active-extra-styles \" data-block-type=\"unstyled\" data-block-weight=\"14\" data-block-id=\"19\">\n<p class=\"content-text__container \" data-track-category=\"Link no Texto\" data-track-links=\"\"><strong>NUTRICIONISTA<br \/>\n<\/strong>Ensino superior<br \/>\nExperi\u00eancia comprovada em carteira de trabalho, em unidade de alimenta\u00e7\u00e3o<br \/>\n1 VAGA<\/p>\n<\/div>\n<\/div>\n<div id=\"chunk-8phqq\">\n<div class=\"mc-column content-text active-extra-styles \" data-block-type=\"unstyled\" data-block-weight=\"18\" data-block-id=\"20\">\n<p class=\"content-text__container \" data-track-category=\"Link no Texto\" data-track-links=\"\"><strong>ANALISTA CONT\u00c1BIL<br \/>\n<\/strong>Ensino superior em andamento, a partir do 4\u00b0 semestre<br \/>\nExperi\u00eancia comprovada em carteira de trabalho<br \/>\n1 VAGA<\/p>\n<\/div>\n<\/div>\n<div id=\"chunk-aqjh0\">\n<div class=\"mc-column content-text active-extra-styles \" data-block-type=\"unstyled\" data-block-weight=\"19\" data-block-id=\"21\">\n<p class=\"content-text__container \" data-track-category=\"Link no Texto\" data-track-links=\"\"><strong>VENDEDOR<br \/>\n<\/strong>Ensino m\u00e9dio<br \/>\nExperi\u00eancia comprovada em carteira de trabalho e conhecimento com Excel, Canva e redes sociais<br \/>\n1 VAGA<\/p>\n<\/div>\n<\/div>\n<div id=\"chunk-6qlv4\">\n<div class=\"mc-column content-text active-extra-styles \" data-block-type=\"unstyled\" data-block-weight=\"21\" data-block-id=\"22\">\n<p class=\"content-text__container \" data-track-category=\"Link no Texto\" data-track-links=\"\"><strong>INSTRUTOR DE TR\u00c2NSITO<br \/>\n<\/strong>Ensino m\u00e9dio<br \/>\nExperi\u00eancia comprovada em carteira de trabalho e curso de instrutor de tr\u00e2nsito<br \/>\n1 VAGA<\/p>\n<\/div>\n<\/div>\n<div id=\"chunk-79sdd\">\n<div class=\"mc-column content-text active-extra-styles \" data-block-type=\"unstyled\" data-block-weight=\"7\" data-block-id=\"23\">\n<p class=\"content-text__container \" data-track-category=\"Link no Texto\" data-track-links=\"\"><strong>GAR\u00c7OM DE CABANA<br \/>\n<\/strong>Ensino m\u00e9dio<br \/>\nExperi\u00eancia na fun\u00e7\u00e3o<br \/>\n1 VAGA<\/p>\n<\/div>\n<\/div>\n<div id=\"chunk-q141\">\n<div class=\"content-ads content-ads--reveal\" data-block-type=\"ads\" data-block-id=\"24\"><\/div>\n<\/div>\n<div id=\"chunk-c09ul\">\n<div class=\"mc-column content-text active-extra-styles \" data-block-type=\"unstyled\" data-block-weight=\"9\" data-block-id=\"25\">\n<p class=\"content-text__container \" data-track-category=\"Link no Texto\" data-track-links=\"\"><strong>COZINHEIRO DE CABANA<br \/>\n<\/strong>Ensino fundamental<br \/>\nExperi\u00eancia na fun\u00e7\u00e3o<br \/>\n1 VAGA<\/p>\n<\/div>\n<\/div>\n<\/div>\n<\/article>\n<\/div>\n","protected":false},"excerpt":{"rendered":"<p>P SineBahia tem vagas de emprego para analista ambiental em llh\u00e9us nesta ter\u00e7a-feira (2). \u2014 Foto: Pexel O SineBahia, \u00f3rg\u00e3o estadual de intermedia\u00e7\u00e3o de m\u00e3o-de-obra, divulgou oportunidades de emprego e est\u00e1gio oferecidas nesta ter\u00e7a-feira (2) em\u00a0Ilh\u00e9us, no sul do estado. H\u00e1 vagas para analista ambiental, motorista carreteiro, nutricionista e muito mais.\u00a0[Confira lista de vagas completa [&hellip;]<\/p>\n","protected":false},"author":2,"featured_media":0,"comment_status":"open","ping_status":"open","sticky":false,"template":"","format":"standard","meta":{"_links_to":"","_links_to_target":""},"categories":[7,9,8,1],"tags":[],"_links":{"self":[{"href":"https:\/\/www.ilheusnoticias.net.br\/v1\/wp-json\/wp\/v2\/posts\/31737"}],"collection":[{"href":"https:\/\/www.ilheusnoticias.net.br\/v1\/wp-json\/wp\/v2\/posts"}],"about":[{"href":"https:\/\/www.ilheusnoticias.net.br\/v1\/wp-json\/wp\/v2\/types\/post"}],"author":[{"embeddable":true,"href":"https:\/\/www.ilheusnoticias.net.br\/v1\/wp-json\/wp\/v2\/users\/2"}],"replies":[{"embeddable":true,"href":"https:\/\/www.ilheusnoticias.net.br\/v1\/wp-json\/wp\/v2\/comments?post=31737"}],"version-history":[{"count":1,"href":"https:\/\/www.ilheusnoticias.net.br\/v1\/wp-json\/wp\/v2\/posts\/31737\/revisions"}],"predecessor-version":[{"id":31738,"href":"https:\/\/www.ilheusnoticias.net.br\/v1\/wp-json\/wp\/v2\/posts\/31737\/revisions\/31738"}],"wp:attachment":[{"href":"https:\/\/www.ilheusnoticias.net.br\/v1\/wp-json\/wp\/v2\/media?parent=31737"}],"wp:term":[{"taxonomy":"category","embeddable":true,"href":"https:\/\/www.ilheusnoticias.net.br\/v1\/wp-json\/wp\/v2\/categories?post=31737"},{"taxonomy":"post_tag","embeddable":true,"href":"https:\/\/www.ilheusnoticias.net.br\/v1\/wp-json\/wp\/v2\/tags?post=31737"}],"curies":[{"name":"wp","href":"https:\/\/api.w.org\/{rel}","templated":true}]}}