{"id":31735,"date":"2023-05-02T08:57:08","date_gmt":"2023-05-02T11:57:08","guid":{"rendered":"https:\/\/www.ilheusnoticias.net.br\/v1\/?p=31735"},"modified":"2023-05-02T08:57:08","modified_gmt":"2023-05-02T11:57:08","slug":"mulher-morre-em-acidente-aqui-sul-da-bahia-marido-e-filhos-ficam-feridos","status":"publish","type":"post","link":"https:\/\/www.ilheusnoticias.net.br\/v1\/2023\/05\/02\/mulher-morre-em-acidente-aqui-sul-da-bahia-marido-e-filhos-ficam-feridos\/","title":{"rendered":"Mulher morre em acidente aqui sul da Bahia; marido e filhos ficam feridos"},"content":{"rendered":"<div class=\"row content-head non-featured \">\n<div class=\"title\" data-block-type=\"title\" data-block-id=\"0\"><\/div>\n<\/div>\n<div class=\"content__signa-share\">\n<div class=\"content__signature\">\n<div class=\"content-publication-data\">\n<div class=\"content-publication-data__text\">\n<p class=\"content-publication-data__updated\"><img class=\"content-video__placeholder__thumb\" title=\"Mulher morre em acidente na BA-489\" src=\"https:\/\/s01.video.glbimg.com\/x240\/11581436.jpg\" alt=\"Mulher morre em acidente na BA-489\" \/><\/p>\n<\/div>\n<\/div>\n<\/div>\n<\/div>\n<div class=\"mc-article-body\">\n<article>\n<div id=\"chunk-q2j6\">\n<div class=\"bs-video-block mc-column  content-media content-video\" data-block-type=\"backstage-video\" data-block-id=\"1\">\n<div class=\"content-media__container\">\n<div class=\"content-video__bigger-player-description-fixer\">\n<article class=\"content-video\">\n<section class=\"content-video__video-container\">\n<div class=\"content-video__video\">\n<div id=\"wp3-player-2\" class=\"clappr-player\" tabindex=\"9999\" data-player=\"\">\n<div class=\"dfp-ad-overlay dfp-ad-overlay--poster-mode\">\n<div>Mulher morre em acidente na BA-489<\/div>\n<\/div>\n<\/div>\n<\/div>\n<\/section>\n<\/article>\n<\/div>\n<\/div>\n<\/div>\n<\/div>\n<div id=\"chunk-65jhg\">\n<div class=\"mc-column content-text active-extra-styles \" data-block-type=\"unstyled\" data-block-weight=\"29\" data-block-id=\"3\">\n<p class=\"content-text__container \" data-track-category=\"Link no Texto\" data-track-links=\"\">Uma mulher, de 25 anos, morreu em um acidente nesta segunda-feira (1\u00ba), na BA-489, distrito de Guarani, entre os munic\u00edpios de\u00a0<a class=\"\" href=\"https:\/\/g1.globo.com\/ba\/bahia\/cidade\/prado\/\">Prado<\/a>\u00a0e\u00a0<a class=\"\" href=\"https:\/\/g1.globo.com\/ba\/bahia\/cidade\/itamaraju\/\">Itamaraju<\/a>, no sul da Bahia.<\/p>\n<\/div>\n<\/div>\n<div class=\"wall protected-content\">\n<div class=\"mc-column content-text active-extra-styles\" data-block-type=\"raw\" data-block-weight=\"32\" data-block-id=\"4\">\n<p>Segundo a Pol\u00edcia Civil da cidade, a v\u00edtima, identificada como Fl\u00e1via Santos de Souza, estava no carro com o marido &#8211; que dirigia o ve\u00edculo &#8211; e os dois filhos. Os tr\u00eas tiveram ferimentos leves e as idades n\u00e3o foram reveladas.<\/p>\n<\/div>\n<div id=\"chunk-cdf4p\">\n<div class=\"mc-column content-text active-extra-styles \" data-block-type=\"unstyled\" data-block-weight=\"32\" data-block-id=\"7\">\n<p class=\"content-text__container \" data-track-category=\"Link no Texto\" data-track-links=\"\">O carro em que a fam\u00edlia estava saiu da pista e caiu em uma \u00e1rea alagada, depois que um pneu estourou. N\u00e3o h\u00e1 detalhes sobre o que causou o dano no pneu.<\/p>\n<\/div>\n<\/div>\n<div id=\"chunk-ds6i9\">\n<div class=\"mc-column content-text active-extra-styles \" data-block-type=\"unstyled\" data-block-weight=\"33\" data-block-id=\"8\">\n<p class=\"content-text__container \" data-track-category=\"Link no Texto\" data-track-links=\"\">Os feridos foram encaminhados para o Hospital Municipal de Itamaraju, mas n\u00e3o h\u00e1 informa\u00e7\u00f5es sobre o estado de sa\u00fade deles. A data e local do sepultamento de Fl\u00e1via Santos n\u00e3o foram divulgados.<\/p>\n<\/div>\n<\/div>\n<div id=\"chunk-7bk6p\">\n<div class=\"row medium-uncollapsed content-media content-photo\" data-block-type=\"backstage-photo\" data-block-id=\"9\">\n<div class=\" mc-column  content-media__container\">\n<div class=\"content-media-container glb-skeleton-box\">\n<figure class=\"content-media-figure\"><img class=\"i-amphtml-fill-content i-amphtml-replaced-content\" src=\"https:\/\/s2.glbimg.com\/EFnS6VMD2c3F075jRlix6jZK__c=\/0x0:1700x1065\/984x0\/smart\/filters:strip_icc()\/i.s3.glbimg.com\/v1\/AUTH_59edd422c0c84a879bd37670ae4f538a\/internal_photos\/bs\/2023\/v\/L\/YpUA0aRieKWLOogtOBaQ\/novo-projeto-2023-05-01t201755.035.png\" sizes=\"(max-width: 1707px) 648px, 100vw\" srcset=\"https:\/\/s2.glbimg.com\/UcybjKCXWgpOS0Cf6ga7u5iVCQU=\/0x0:1700x1065\/1000x0\/smart\/filters:strip_icc()\/i.s3.glbimg.com\/v1\/AUTH_59edd422c0c84a879bd37670ae4f538a\/internal_photos\/bs\/2023\/v\/L\/YpUA0aRieKWLOogtOBaQ\/novo-projeto-2023-05-01t201755.035.png 1000w, https:\/\/s2.glbimg.com\/EFnS6VMD2c3F075jRlix6jZK__c=\/0x0:1700x1065\/984x0\/smart\/filters:strip_icc()\/i.s3.glbimg.com\/v1\/AUTH_59edd422c0c84a879bd37670ae4f538a\/internal_photos\/bs\/2023\/v\/L\/YpUA0aRieKWLOogtOBaQ\/novo-projeto-2023-05-01t201755.035.png 984w, https:\/\/s2.glbimg.com\/LEMYXhr9dSkgDa0aNeLHLTpdT1Q=\/0x0:1700x1065\/640x0\/smart\/filters:strip_icc()\/i.s3.glbimg.com\/v1\/AUTH_59edd422c0c84a879bd37670ae4f538a\/internal_photos\/bs\/2023\/v\/L\/YpUA0aRieKWLOogtOBaQ\/novo-projeto-2023-05-01t201755.035.png 640w, https:\/\/s2.glbimg.com\/XHyAc6jsuWk36hlWwlU4kNRATRM=\/0x0:1700x1065\/600x0\/smart\/filters:strip_icc()\/i.s3.glbimg.com\/v1\/AUTH_59edd422c0c84a879bd37670ae4f538a\/internal_photos\/bs\/2023\/v\/L\/YpUA0aRieKWLOogtOBaQ\/novo-projeto-2023-05-01t201755.035.png 600w\" alt=\"Ve\u00edculo saiu da pista e caiu em parte alagada  \u2014 Foto: TV Santa Cruz\" \/><\/figure>\n<\/div>\n<p class=\"content-media__description  \">Ve\u00edculo saiu da pista e caiu em parte alagada \u2014 Foto: TV Santa Cruz<\/p>\n<\/div>\n<\/div>\n<\/div>\n<\/div>\n<\/article>\n<\/div>\n","protected":false},"excerpt":{"rendered":"<p>Mulher morre em acidente na BA-489 Uma mulher, de 25 anos, morreu em um acidente nesta segunda-feira (1\u00ba), na BA-489, distrito de Guarani, entre os munic\u00edpios de\u00a0Prado\u00a0e\u00a0Itamaraju, no sul da Bahia. Segundo a Pol\u00edcia Civil da cidade, a v\u00edtima, identificada como Fl\u00e1via Santos de Souza, estava no carro com o marido &#8211; que dirigia o [&hellip;]<\/p>\n","protected":false},"author":2,"featured_media":0,"comment_status":"open","ping_status":"open","sticky":false,"template":"","format":"standard","meta":{"_links_to":"","_links_to_target":""},"categories":[7,9,8,1],"tags":[],"_links":{"self":[{"href":"https:\/\/www.ilheusnoticias.net.br\/v1\/wp-json\/wp\/v2\/posts\/31735"}],"collection":[{"href":"https:\/\/www.ilheusnoticias.net.br\/v1\/wp-json\/wp\/v2\/posts"}],"about":[{"href":"https:\/\/www.ilheusnoticias.net.br\/v1\/wp-json\/wp\/v2\/types\/post"}],"author":[{"embeddable":true,"href":"https:\/\/www.ilheusnoticias.net.br\/v1\/wp-json\/wp\/v2\/users\/2"}],"replies":[{"embeddable":true,"href":"https:\/\/www.ilheusnoticias.net.br\/v1\/wp-json\/wp\/v2\/comments?post=31735"}],"version-history":[{"count":1,"href":"https:\/\/www.ilheusnoticias.net.br\/v1\/wp-json\/wp\/v2\/posts\/31735\/revisions"}],"predecessor-version":[{"id":31736,"href":"https:\/\/www.ilheusnoticias.net.br\/v1\/wp-json\/wp\/v2\/posts\/31735\/revisions\/31736"}],"wp:attachment":[{"href":"https:\/\/www.ilheusnoticias.net.br\/v1\/wp-json\/wp\/v2\/media?parent=31735"}],"wp:term":[{"taxonomy":"category","embeddable":true,"href":"https:\/\/www.ilheusnoticias.net.br\/v1\/wp-json\/wp\/v2\/categories?post=31735"},{"taxonomy":"post_tag","embeddable":true,"href":"https:\/\/www.ilheusnoticias.net.br\/v1\/wp-json\/wp\/v2\/tags?post=31735"}],"curies":[{"name":"wp","href":"https:\/\/api.w.org\/{rel}","templated":true}]}}