{"id":31733,"date":"2023-05-02T08:53:55","date_gmt":"2023-05-02T11:53:55","guid":{"rendered":"https:\/\/www.ilheusnoticias.net.br\/v1\/?p=31733"},"modified":"2023-05-02T08:53:55","modified_gmt":"2023-05-02T11:53:55","slug":"imposto-de-renda-101-milhoes-estarao-isentos-em-2024-dizem-auditores-da-receita-total-fica-abaixo-do-estimado-pelo-governo","status":"publish","type":"post","link":"https:\/\/www.ilheusnoticias.net.br\/v1\/2023\/05\/02\/imposto-de-renda-101-milhoes-estarao-isentos-em-2024-dizem-auditores-da-receita-total-fica-abaixo-do-estimado-pelo-governo\/","title":{"rendered":"Imposto de Renda: 10,1 milh\u00f5es estar\u00e3o isentos em 2024, dizem auditores da Receita; total fica abaixo do estimado pelo governo"},"content":{"rendered":"<div class=\"row content-head non-featured \">\n<div class=\"title\" data-block-type=\"title\" data-block-id=\"0\"><\/div>\n<\/div>\n<div class=\"mc-article-body\">\n<article>\n<div id=\"chunk-4ooqi\">\n<div class=\"row medium-uncollapsed content-media content-photo\" data-block-type=\"backstage-photo\" data-block-id=\"1\">\n<div class=\" mc-column  content-media__container\">\n<div class=\"content-media-container glb-skeleton-box\">\n<figure class=\"content-media-figure\"><img class=\"i-amphtml-fill-content i-amphtml-replaced-content\" src=\"https:\/\/s2.glbimg.com\/79xj_jEQrMEJviouRWfiGg-ODfE=\/0x0:5772x3760\/984x0\/smart\/filters:strip_icc()\/i.s3.glbimg.com\/v1\/AUTH_59edd422c0c84a879bd37670ae4f538a\/internal_photos\/bs\/2023\/z\/x\/7VYBvATCSWxWv6EBbQaw\/6.jpg\" sizes=\"(max-width: 1707px) 648px, 100vw\" srcset=\"https:\/\/s2.glbimg.com\/xamafW6MLVlbQyO-4YFT2tsuE34=\/0x0:5772x3760\/1000x0\/smart\/filters:strip_icc()\/i.s3.glbimg.com\/v1\/AUTH_59edd422c0c84a879bd37670ae4f538a\/internal_photos\/bs\/2023\/z\/x\/7VYBvATCSWxWv6EBbQaw\/6.jpg 1000w, https:\/\/s2.glbimg.com\/79xj_jEQrMEJviouRWfiGg-ODfE=\/0x0:5772x3760\/984x0\/smart\/filters:strip_icc()\/i.s3.glbimg.com\/v1\/AUTH_59edd422c0c84a879bd37670ae4f538a\/internal_photos\/bs\/2023\/z\/x\/7VYBvATCSWxWv6EBbQaw\/6.jpg 984w, https:\/\/s2.glbimg.com\/8Ftg9IHbm2QW_zdN10tmlFL4e_Y=\/0x0:5772x3760\/640x0\/smart\/filters:strip_icc()\/i.s3.glbimg.com\/v1\/AUTH_59edd422c0c84a879bd37670ae4f538a\/internal_photos\/bs\/2023\/z\/x\/7VYBvATCSWxWv6EBbQaw\/6.jpg 640w, https:\/\/s2.glbimg.com\/1YXnRDySbRyg9hdbyonOavyQBno=\/0x0:5772x3760\/600x0\/smart\/filters:strip_icc()\/i.s3.glbimg.com\/v1\/AUTH_59edd422c0c84a879bd37670ae4f538a\/internal_photos\/bs\/2023\/z\/x\/7VYBvATCSWxWv6EBbQaw\/6.jpg 600w\" alt=\"Imposto de Renda 2023: prazo para declara\u00e7\u00e3o vai de 15 de mar\u00e7o a 31 de maio. \u2014 Foto: Marcos Serra\/ g1\" \/><\/figure>\n<\/div>\n<p class=\"content-media__description  \">Imposto de Renda 2023: prazo para declara\u00e7\u00e3o vai de 15 de mar\u00e7o a 31 de maio. \u2014 Foto: Marcos Serra\/ g1<\/p>\n<\/div>\n<\/div>\n<\/div>\n<div id=\"chunk-41ogq\">\n<div class=\"mc-column mc-side-item__container\" data-block-type=\"ads\" data-block-id=\"2\">\n<div class=\"mc-side-item mc-side-item--right content-ads content-ads--side-ad\"><\/div>\n<\/div>\n<\/div>\n<div id=\"chunk-38tel\">\n<div class=\"mc-column content-text active-extra-styles \" data-block-type=\"unstyled\" data-block-weight=\"57\" data-block-id=\"3\">\n<p class=\"content-text__container \" data-track-category=\"Link no Texto\" data-track-links=\"\">Com a\u00a0<a class=\"\" href=\"https:\/\/g1.globo.com\/politica\/noticia\/2023\/05\/01\/governo-publica-mp-que-eleva-para-r-2640-a-faixa-de-isencao-do-imposto-de-renda-de-pessoa-fisica.ghtml\">Medida Provis\u00f3ria (MP) que amplia da faixa de isen\u00e7\u00e3o do Imposto de Renda<\/a>,\u00a0<strong>10,1 milh\u00f5es\u00a0<\/strong>de pessoas devem ficar isentas na declara\u00e7\u00e3o de 2024, segundo a Associa\u00e7\u00e3o Nacional dos Auditores Fiscais da\u00a0<a class=\"\" href=\"https:\/\/g1.globo.com\/tudo-sobre\/receita-federal\/\">Receita Federal<\/a>\u00a0do Brasil (Unafisco). S\u00e3o\u00a0<strong>3,6 milh\u00f5es a menos<\/strong>\u00a0em rela\u00e7\u00e3o ao total de\u00a0<strong>13,7 milh\u00f5es<\/strong>\u00a0de isentos estimados pela\u00a0<a class=\"\" href=\"https:\/\/g1.globo.com\/tudo-sobre\/receita-federal\/\">Receita Federal<\/a>.<\/p>\n<\/div>\n<\/div>\n<div class=\"wall protected-content\">\n<div id=\"chunk-b46l1\">\n<div class=\"mc-column content-text active-extra-styles \" data-block-type=\"unstyled\" data-block-weight=\"67\" data-block-id=\"4\">\n<p class=\"content-text__container \" data-track-category=\"Link no Texto\" data-track-links=\"\">Os c\u00e1lculos da Unafisco foram feitos com base na MP publicada no domingo (30), que altera, a partir desta segunda (1\u00ba), a\u00a0<strong>faixa de isen\u00e7\u00e3o de R$ 1.903,98 para R$ 2.112, al\u00e9m de incluir um desconto mensal de R$ 528 na fonte\u00a0<\/strong><a class=\"\" href=\"https:\/\/g1.globo.com\/economia\/noticia\/2023\/05\/01\/imposto-de-renda-veja-como-fica-a-nova-tabela-de-descontos-com-o-aumento-da-faixa-de-isencao.ghtml\">(entenda a mudan\u00e7a e veja como ficou a tabela)<\/a>. A medida precisa ser aprovada pelo\u00a0<a class=\"\" href=\"https:\/\/g1.globo.com\/tudo-sobre\/congresso-nacional\/\">Congresso Nacional<\/a> em at\u00e9 120 dias para n\u00e3o perder validade.<\/p>\n<\/div>\n<\/div>\n<div id=\"chunk-93gk3\">\n<div class=\"mc-column content-text active-extra-styles \" data-block-type=\"unstyled\" data-block-weight=\"64\" data-block-id=\"6\">\n<p class=\"content-text__container \" data-track-category=\"Link no Texto\" data-track-links=\"\">De acordo com os auditores, a MP deve aumentar o n\u00famero de isentos dos atuais\u00a0<strong>8.843.459 para 10.182.415<\/strong>,<strong>\u00a0<\/strong>uma alta de 15%. At\u00e9 ent\u00e3o, a tabela vigente do IR \u2013 que n\u00e3o era corrigida desde 2015 \u2013, exclu\u00eda do pagamento do imposto aqueles que recebiam at\u00e9\u00a0<strong>R$ 1.903,98\u00a0<\/strong>por m\u00eas, o equivalente a quase um sal\u00e1rio m\u00ednimo e meio. O pa\u00eds tem\u00a0<strong>39.739.161\u00a0<\/strong>declarantes.<\/p>\n<\/div>\n<\/div>\n<div id=\"chunk-3dtvh\">\n<div class=\"mc-column content-text active-extra-styles \" data-block-type=\"unstyled\" data-block-weight=\"47\" data-block-id=\"7\">\n<p class=\"content-text__container \" data-track-category=\"Link no Texto\" data-track-links=\"\">A\u00a0<a class=\"\" href=\"https:\/\/g1.globo.com\/tudo-sobre\/receita-federal\/\">Receita Federal<\/a>\u00a0j\u00e1 havia divulgado, em fevereiro deste ano, que\u00a0<a class=\"\" href=\"https:\/\/g1.globo.com\/economia\/noticia\/2023\/02\/17\/a-partir-de-maio-137-milhoes-de-pessoas-deixarao-de-pagar-ir-informa-receita-federal.ghtml\">a mudan\u00e7a proposta iria ampliar para 13,7 milh\u00f5es o total de pessoas isentas do IR<\/a>.\u00a0<strong>Questionado pelo\u00a0<\/strong><a class=\"\" href=\"https:\/\/g1.globo.com\/\"><strong>g1<\/strong><\/a><strong> nesta segunda (ap\u00f3s a publica\u00e7\u00e3o da MP), o \u00f3rg\u00e3o ainda n\u00e3o se posicionou sobre a diferen\u00e7a nos n\u00fameros.<\/strong><\/p>\n<\/div>\n<\/div>\n<div class=\"mc-column content-text active-extra-styles\" data-block-type=\"raw\" data-block-weight=\"3\" data-block-id=\"8\">\n<div class=\"content-intertitle\">\n<h2><strong>Proje\u00e7\u00e3o &#8216;muito alta&#8217;<\/strong><\/h2>\n<\/div>\n<\/div>\n<div id=\"chunk-d3d78\">\n<div class=\"mc-column content-text active-extra-styles \" data-block-type=\"unstyled\" data-block-weight=\"28\" data-block-id=\"9\">\n<p class=\"content-text__container \" data-track-category=\"Link no Texto\" data-track-links=\"\">Para o presidente da Unafisco, Mauro Silva, n\u00e3o h\u00e1 margem para chegar a esse n\u00famero de isentos, e a proje\u00e7\u00e3o de 13,7 milh\u00f5es do governo \u00e9 &#8220;muito alta&#8221;.<\/p>\n<\/div>\n<\/div>\n<div id=\"chunk-r7rc\">\n<div class=\"mc-column content-text active-extra-styles \" data-block-type=\"unstyled\" data-block-weight=\"22\" data-block-id=\"10\">\n<p class=\"content-text__container \" data-track-category=\"Link no Texto\" data-track-links=\"\">&#8220;Voc\u00ea n\u00e3o consegue esse tanto de pessoas para dois sal\u00e1rios m\u00ednimos. N\u00e3o atinge esse total. Ent\u00e3o, houve algum problema no c\u00e1lculo&#8221;, afirma.<\/p>\n<\/div>\n<\/div>\n<div id=\"chunk-d9e5k\">\n<div class=\"mc-column content-text active-extra-styles \" data-block-type=\"unstyled\" data-block-weight=\"40\" data-block-id=\"11\">\n<p class=\"content-text__container \" data-track-category=\"Link no Texto\" data-track-links=\"\">O auditor diz que, mesmo somando o n\u00famero de declarantes por faixa de renda de at\u00e9 tr\u00eas sal\u00e1rios m\u00ednimos (parcela que j\u00e1 est\u00e1 enquadrada na tributa\u00e7\u00e3o), o total de declarantes dentro dessas faixas n\u00e3o chega \u00e0s estimativas do governo federal.<\/p>\n<\/div>\n<\/div>\n<div id=\"chunk-b3eui\">\n<div class=\"mc-column content-text active-extra-styles \" data-block-type=\"unstyled\" data-block-weight=\"14\" data-block-id=\"13\">\n<p class=\"content-text__container \" data-track-category=\"Link no Texto\" data-track-links=\"\">As faixas de declarantes, j\u00e1 considerando a proje\u00e7\u00e3o para 2024, s\u00e3o, segundo a Unafisco:<\/p>\n<\/div>\n<\/div>\n<div class=\"mc-column content-text active-extra-styles\" data-block-type=\"raw\" data-block-weight=\"35\" data-block-id=\"14\">\n<ul class=\"content-unordered-list\">\n<li>at\u00e9 meio sal\u00e1rio m\u00ednimo:\u00a0<strong>2.015.227\u00a0<\/strong>de pessoas<\/li>\n<li>de meio at\u00e9 1 sal\u00e1rio m\u00ednimo:\u00a0<strong>726.553\u00a0<\/strong>pessoas<\/li>\n<li>de 1 a 2 sal\u00e1rios m\u00ednimos:\u00a0<strong>3.461.093\u00a0<\/strong>de pessoas<\/li>\n<li>de 2 a 3 sal\u00e1rios m\u00ednimos:\u00a0<strong>6.299.564\u00a0<\/strong>de pessoas<\/li>\n<li>total:<strong>\u00a012.502.437<\/strong><\/li>\n<\/ul>\n<\/div>\n<div id=\"chunk-fohbm\">\n<div class=\"mc-column content-text active-extra-styles \" data-block-type=\"unstyled\" data-block-weight=\"39\" data-block-id=\"15\">\n<p class=\"content-text__container \" data-track-category=\"Link no Texto\" data-track-links=\"\">&#8220;At\u00e9 tr\u00eas sal\u00e1rios m\u00ednimos, voc\u00ea n\u00e3o chega a 13 milh\u00f5es de declarantes. Imagine, ent\u00e3o, considerando apenas os isentos. N\u00e3o tem a menor chance. A n\u00e3o ser que ocorra um aumento exponencial, e n\u00e3o linear, no n\u00famero de declarantes&#8221;, diz.<\/p>\n<\/div>\n<\/div>\n<div class=\"mc-column content-text active-extra-styles\" data-block-type=\"raw\" data-block-weight=\"3\" data-block-id=\"16\">\n<div class=\"content-intertitle\">\n<h2>Mudan\u00e7a na isen\u00e7\u00e3o<\/h2>\n<\/div>\n<\/div>\n<div id=\"chunk-bddpi\">\n<div class=\"mc-column content-text active-extra-styles \" data-block-type=\"unstyled\" data-block-weight=\"66\" data-block-id=\"17\">\n<p class=\"content-text__container \" data-track-category=\"Link no Texto\" data-track-links=\"\">Mauro Silva tamb\u00e9m afirma que o aumento da faixa de isen\u00e7\u00e3o de\u00a0<strong>R$ 1.903,98 para R$ 2.112\u00a0<\/strong>\u00e9 &#8220;muito baixo&#8221;. Ele pondera que o desconto mensal de R$ 528 na fonte \u2013 e que eleva o total a dois sal\u00e1rios m\u00ednimos \u2013, conforme a MP, \u00e9 algo que j\u00e1 existia na declara\u00e7\u00e3o anual. A diferen\u00e7a, diz ele, \u00e9 que o valor passa a ser descontado mensalmente.<\/p>\n<\/div>\n<\/div>\n<div class=\"mc-column content-text active-extra-styles\" data-block-type=\"raw\" data-block-weight=\"44\" data-block-id=\"18\">\n<blockquote class=\"content-blockquote theme-border-color-primary-before\"><p>&#8220;Eles permitiram algo que j\u00e1 existia. Aquela dedu\u00e7\u00e3o j\u00e1 era prevista, mas seria feita s\u00f3 na declara\u00e7\u00e3o anual. Agora, passa a ser feita mensalmente. Ent\u00e3o, quando voc\u00ea analisa o ano todo, n\u00e3o houve grandes modifica\u00e7\u00f5es. A \u00fanica movimenta\u00e7\u00e3o foi o aumento para R$ 2.112.&#8221;<\/p><\/blockquote>\n<\/div>\n<div id=\"chunk-4m5m9\">\n<div class=\"mc-column content-text active-extra-styles \" data-block-type=\"unstyled\" data-block-weight=\"49\" data-block-id=\"20\">\n<p class=\"content-text__container \" data-track-category=\"Link no Texto\" data-track-links=\"\">&#8220;N\u00e3o adianta achar que daria 13 milh\u00f5es de pessoas citando os dois sal\u00e1rios m\u00ednimos. Fizeram um estratagema [uma manobra] que chega a dois sal\u00e1rios m\u00ednimos o bruto. Mas, na base de c\u00e1lculo, n\u00e3o. Ent\u00e3o, n\u00e3o atinge 13 milh\u00f5es de pessoas. Eu contesto de forma bem incisiva esse n\u00famero&#8221;, conclui.<\/p>\n<\/div>\n<\/div>\n<div id=\"chunk-5uu06\">\n<div class=\"mc-column content-text active-extra-styles \" data-block-type=\"unstyled\" data-block-weight=\"48\" data-block-id=\"21\">\n<p class=\"content-text__container \" data-track-category=\"Link no Texto\" data-track-links=\"\">Em entrevista \u00e0\u00a0<strong>TV Globo<\/strong>\u00a0na segunda quinzena de fevereiro, o secret\u00e1rio da\u00a0<a class=\"\" href=\"https:\/\/g1.globo.com\/tudo-sobre\/receita-federal\/\">Receita Federal<\/a>, Robinson Barreirinhas,\u00a0<a class=\"\" href=\"https:\/\/g1.globo.com\/economia\/noticia\/2023\/02\/17\/a-partir-de-maio-137-milhoes-de-pessoas-deixarao-de-pagar-ir-informa-receita-federal.ghtml\">havia explicado que a faixa de isen\u00e7\u00e3o seria ampliada para R$ 2.112 a partir de maio<\/a>, e que quem ganha at\u00e9 R$ 2.640 n\u00e3o pagaria IR a partir do mesmo m\u00eas.<\/p>\n<\/div>\n<\/div>\n<div class=\"mc-column content-text active-extra-styles\" data-block-type=\"raw\" data-block-weight=\"1\" data-block-id=\"22\">\n<div class=\"content-intertitle\">\n<h2>Defasagem<\/h2>\n<\/div>\n<\/div>\n<div id=\"chunk-2chom\">\n<div class=\"mc-column content-text active-extra-styles \" data-block-type=\"unstyled\" data-block-weight=\"62\" data-block-id=\"23\">\n<p class=\"content-text__container \" data-track-category=\"Link no Texto\" data-track-links=\"\">Dados da Unafisco tamb\u00e9m mostram que, at\u00e9 fevereiro, a defasagem acumulada na tabela do Imposto de Renda chegava a\u00a0<strong>151,49%<\/strong>.<strong>\u00a0<\/strong>A taxa \u00e9 a diferen\u00e7a entre os\u00a0<strong>R$ 1,9 mil<\/strong>\u00a0da faixa de isen\u00e7\u00e3o e\u00a0<strong>R$ 4.788,40\u00a0<\/strong>\u2013 valor mensal que seria o teto da faixa de isen\u00e7\u00e3o caso a tabela fosse corrigida pela infla\u00e7\u00e3o desde 1996, segundo os auditores da Receita.<\/p>\n<\/div>\n<\/div>\n<div id=\"chunk-7lahp\">\n<div class=\"show-flourish-embed-block\">\n<div class=\"show-flourish-embed-block__container show-flourish-embed-block__container--visualization\" data-flourish-embed=\"\" data-flourish-content-type=\"visualization\">\n<div class=\"flourish-embed flourish-embed--visualization flourish-background\" data-src=\"visualisation\/13608195?1246963\" data-width=\"100%\"><iframe title=\"Interactive or visual content\" src=\"https:\/\/flo.uri.sh\/visualisation\/13608195\/embed?auto=1\" frameborder=\"0\" scrolling=\"no\" sandbox=\"allow-same-origin allow-forms allow-scripts allow-downloads allow-popups allow-popups-to-escape-sandbox allow-top-navigation-by-user-activation\" data-mce-fragment=\"1\"><\/iframe><\/div>\n<\/div>\n<\/div>\n<\/div>\n<div id=\"chunk-7k63\">\n<div class=\"content-ads content-ads--reveal\" data-block-type=\"ads\" data-block-id=\"24\"><\/div>\n<\/div>\n<div class=\"mc-column content-text active-extra-styles\" data-block-type=\"raw\" data-block-weight=\"4\" data-block-id=\"25\">\n<div class=\"content-intertitle\">\n<h2>Impactos para o contribuinte<\/h2>\n<\/div>\n<\/div>\n<div id=\"chunk-chpno\">\n<div class=\"mc-column content-text active-extra-styles \" data-block-type=\"unstyled\" data-block-weight=\"53\" data-block-id=\"26\">\n<p class=\"content-text__container \" data-track-category=\"Link no Texto\" data-track-links=\"\">Ainda de acordo com os auditores, apenas no governo do ex-presidente\u00a0<a class=\"\" href=\"https:\/\/g1.globo.com\/politica\/politico\/jair-bolsonaro\/\">Jair Bolsonaro<\/a>\u00a0(<a class=\"\" href=\"https:\/\/g1.globo.com\/politica\/partido\/pl\/\">PL<\/a>), a defasagem acumulada\u00a0<strong>foi de<\/strong>\u00a0<strong>31,49%<\/strong>. A corre\u00e7\u00e3o havia sido uma das\u00a0<a class=\"\" href=\"https:\/\/g1.globo.com\/politica\/eleicoes\/2018\/noticia\/2018\/09\/24\/bolsonaro-diz-que-se-eleito-nao-havera-espaco-para-indicacoes-politicas-nos-ministerios.ghtml\">promessas de campanha de Bolsonaro em 2018<\/a>, e se repetiu na corrida eleitoral de 2022. O tema tamb\u00e9m foi explorado por\u00a0<a class=\"\" href=\"https:\/\/g1.globo.com\/politica\/politico\/lula\/\">Lula<\/a>\u00a0(<a class=\"\" href=\"https:\/\/g1.globo.com\/politica\/partido\/pt\/\">PT<\/a>) na disputa pela Presid\u00eancia.<\/p>\n<\/div>\n<\/div>\n<div id=\"chunk-4edhl\">\n<div class=\"mc-column content-text active-extra-styles \" data-block-type=\"unstyled\" data-block-weight=\"33\" data-block-id=\"27\">\n<p class=\"content-text__container \" data-track-category=\"Link no Texto\" data-track-links=\"\">J\u00e1 eleito presidente,\u00a0<a class=\"\" href=\"https:\/\/g1.globo.com\/politica\/noticia\/2023\/01\/18\/lula-defende-isentar-do-imposto-de-renda-quem-ganha-ate-r-5-mil.ghtml\">Lula voltou a defender a isen\u00e7\u00e3o do Imposto de Renda para quem ganha at\u00e9\u00a0<strong>R$ 5 mil<\/strong><\/a>, em entrevista \u00e0 apresentadora da\u00a0<strong>GloboNews<\/strong>\u00a0e colunista do\u00a0<a class=\"\" href=\"http:\/\/www.g1.com.br\/\" target=\"_blank\" rel=\"noopener\"><strong>g1<\/strong>\u00a0<\/a>Natuza Nery.<\/p>\n<\/div>\n<\/div>\n<div id=\"chunk-9tmpj\">\n<div class=\"mc-column content-text active-extra-styles \" data-block-type=\"unstyled\" data-block-weight=\"38\" data-block-id=\"28\">\n<p class=\"content-text__container \" data-track-category=\"Link no Texto\" data-track-links=\"\">Mauro Silva, da Unafisco, j\u00e1 havia definido como &#8220;frustrante&#8221; a proposta da MP de altera\u00e7\u00e3o da faixa de isen\u00e7\u00e3o para R$ 2.112. Isso porque, segundo ele, n\u00e3o rep\u00f5e nem a infla\u00e7\u00e3o e s\u00f3 considera a faixa de isen\u00e7\u00e3o.<\/p>\n<\/div>\n<\/div>\n<div class=\"mc-column content-text active-extra-styles\" data-block-type=\"raw\" data-block-weight=\"48\" data-block-id=\"29\">\n<p class=\"content-text__container\">\n<blockquote class=\"content-blockquote theme-border-color-primary-before\"><p>&#8220;\u00c9 muito pouco. O governo\u00a0<a class=\"\" href=\"https:\/\/g1.globo.com\/politica\/politico\/lula\/\">Lula<\/a>\u00a0come\u00e7a cometendo o mesmo erro dos \u00faltimos governos&#8221;, diz. &#8220;Quem continua pagando fortemente as pol\u00edticas p\u00fablicas \u00e9 a classe m\u00e9dia, que ganha cinco sal\u00e1rios m\u00ednimos. Dos 39 milh\u00f5es de declarantes para o ano que vem, bem mais da metade est\u00e1 nessa faixa.&#8221;<\/p><\/blockquote>\n<p>&nbsp;<\/p>\n<\/div>\n<div id=\"chunk-4tj3r\">\n<div class=\"mc-column content-text active-extra-styles \" data-block-type=\"unstyled\" data-block-weight=\"32\" data-block-id=\"30\">\n<p class=\"content-text__container \" data-track-category=\"Link no Texto\" data-track-links=\"\">De acordo com os c\u00e1lculos de Mauro Silva, a mudan\u00e7a proposta para a faixa de isen\u00e7\u00e3o deve beneficiar em\u00a0<strong>R$ 15,60<\/strong> cada pagante do IR. &#8220;\u00c9 um p\u00e3o na chapa&#8221;, exemplifica.<\/p>\n<\/div>\n<\/div>\n<div id=\"chunk-27q7n\">\n<div class=\"mc-column content-text active-extra-styles \" data-block-type=\"unstyled\" data-block-weight=\"45\" data-block-id=\"32\">\n<p class=\"content-text__container \" data-track-category=\"Link no Texto\" data-track-links=\"\">Trata-se de um c\u00e1lculo que considera a sistem\u00e1tica de funcionamento da tabela do IR \u2013 e que se reflete na parcela a deduzir. Mauro explica que a mudan\u00e7a proposta, mesmo sendo apenas na faixa de isen\u00e7\u00e3o, causa um efeito cascata, atingindo igualmente todas as faixas.<\/p>\n<\/div>\n<\/div>\n<div class=\"mc-column content-text active-extra-styles\" data-block-type=\"raw\" data-block-weight=\"10\" data-block-id=\"33\">\n<p>&nbsp;<\/p>\n<\/div>\n<div id=\"chunk-dc1mm\">\n<div class=\"row medium-uncollapsed content-media content-photo\" data-block-type=\"backstage-photo\" data-block-id=\"34\">\n<div class=\" mc-column  content-media__container\">\n<div class=\"content-media-container glb-skeleton-box\">\n<figure class=\"content-media-figure\"><img class=\"i-amphtml-fill-content i-amphtml-replaced-content\" src=\"https:\/\/s2.glbimg.com\/vxBDk8fw9Scz8i_ZLZ-WYvz9TM4=\/0x0:792x979\/984x0\/smart\/filters:strip_icc()\/i.s3.glbimg.com\/v1\/AUTH_59edd422c0c84a879bd37670ae4f538a\/internal_photos\/bs\/2023\/L\/F\/h9qibzRF6Loncr9D2Kqw\/ir-haddad-certo.jpg\" sizes=\"(max-width: 1707px) 648px, 100vw\" srcset=\"https:\/\/s2.glbimg.com\/XxVYM7tT4SR5lq5Ax55C89MbMCw=\/0x0:792x979\/1000x0\/smart\/filters:strip_icc()\/i.s3.glbimg.com\/v1\/AUTH_59edd422c0c84a879bd37670ae4f538a\/internal_photos\/bs\/2023\/L\/F\/h9qibzRF6Loncr9D2Kqw\/ir-haddad-certo.jpg 1000w, https:\/\/s2.glbimg.com\/vxBDk8fw9Scz8i_ZLZ-WYvz9TM4=\/0x0:792x979\/984x0\/smart\/filters:strip_icc()\/i.s3.glbimg.com\/v1\/AUTH_59edd422c0c84a879bd37670ae4f538a\/internal_photos\/bs\/2023\/L\/F\/h9qibzRF6Loncr9D2Kqw\/ir-haddad-certo.jpg 984w, https:\/\/s2.glbimg.com\/UqKUjT7kmSQ05hCfLfe9moOzJu8=\/0x0:792x979\/640x0\/smart\/filters:strip_icc()\/i.s3.glbimg.com\/v1\/AUTH_59edd422c0c84a879bd37670ae4f538a\/internal_photos\/bs\/2023\/L\/F\/h9qibzRF6Loncr9D2Kqw\/ir-haddad-certo.jpg 640w, https:\/\/s2.glbimg.com\/wfjHzgjgdVGXQLwLWJCRPMAjUf8=\/0x0:792x979\/600x0\/smart\/filters:strip_icc()\/i.s3.glbimg.com\/v1\/AUTH_59edd422c0c84a879bd37670ae4f538a\/internal_photos\/bs\/2023\/L\/F\/h9qibzRF6Loncr9D2Kqw\/ir-haddad-certo.jpg 600w\" alt=\"Tabela do IR acumula defasagem de 151,49%; simula\u00e7\u00e3o mostra isen\u00e7\u00e3o com base em proposta do governo \u2014 Foto: Arte\/g1\" \/><\/figure>\n<\/div>\n<p class=\"content-media__description  \">Tabela do IR acumula defasagem de 151,49%; simula\u00e7\u00e3o mostra isen\u00e7\u00e3o com base em proposta do governo \u2014 Foto: Arte\/g1<\/p>\n<\/div>\n<\/div>\n<\/div>\n<div class=\"mc-column content-text active-extra-styles\" data-block-type=\"raw\" data-block-weight=\"4\" data-block-id=\"35\">\n<div class=\"content-intertitle\">\n<h2>A defasagem na pr\u00e1tica<\/h2>\n<\/div>\n<\/div>\n<div id=\"chunk-errnj\">\n<div class=\"mc-column content-text active-extra-styles \" data-block-type=\"unstyled\" data-block-weight=\"52\" data-block-id=\"36\">\n<p class=\"content-text__container \" data-track-category=\"Link no Texto\" data-track-links=\"\">A defasagem da tabela leva pessoas com poder de compra cada vez menor para a base de contribui\u00e7\u00e3o \u2013 ou seja, h\u00e1 cada vez mais pessoas obrigadas a pagar imposto, j\u00e1 que os sal\u00e1rios tendem a subir para corrigir a infla\u00e7\u00e3o (ou parte dela), enquanto a tabela do IR segue igual.<\/p>\n<\/div>\n<\/div>\n<div id=\"chunk-1bet9\">\n<div class=\"mc-column content-text active-extra-styles \" data-block-type=\"unstyled\" data-block-weight=\"49\" data-block-id=\"38\">\n<p class=\"content-text__container \" data-track-category=\"Link no Texto\" data-track-links=\"\">Como consequ\u00eancia da falta de corre\u00e7\u00e3o da tabela, contribuintes tamb\u00e9m pagam uma al\u00edquota cada vez maior em rela\u00e7\u00e3o aos anos anteriores, j\u00e1 que reajustes salariais (ainda que, em muitos caso, abaixo da infla\u00e7\u00e3o) podem fazer com que a pessoa entre em outra faixa de renda da tabela do IR.Resultado para os cofres p\u00fablicos<\/p>\n<\/div>\n<\/div>\n<div id=\"chunk-fuk8p\">\n<div class=\"mc-column content-text active-extra-styles \" data-block-type=\"unstyled\" data-block-weight=\"43\" data-block-id=\"40\">\n<p class=\"content-text__container \" data-track-category=\"Link no Texto\" data-track-links=\"\">A arrecada\u00e7\u00e3o federal com imposto de renda para o ano-calend\u00e1rio 2023, Exerc\u00edcio 2024, estava estimada pelos auditores em\u00a0<strong>R$ 408,59 bilh\u00f5es\u00a0<\/strong>antes da altera\u00e7\u00e3o na faixa de isen\u00e7\u00e3o. Vale lembrar que qualquer corre\u00e7\u00e3o da tabela representa uma perda de arrecada\u00e7\u00e3o para o governo.<\/p>\n<\/div>\n<\/div>\n<div id=\"chunk-av7oq\">\n<div class=\"mc-column content-text active-extra-styles \" data-block-type=\"unstyled\" data-block-weight=\"37\" data-block-id=\"41\">\n<p class=\"content-text__container \" data-track-category=\"Link no Texto\" data-track-links=\"\">A Unafisco estima que a altera\u00e7\u00e3o proposta pelo governo federal deve reduzir o montante em cerca de\u00a0<strong>R$ 4 bilh\u00f5es\u00a0<\/strong>\u2013 considerando que a medida passa a valer em maio \u2013, chegando a, aproximadamente,\u00a0<strong>R$ 404 bilh\u00f5es.<\/strong><\/p>\n<\/div>\n<\/div>\n<\/div>\n<\/article>\n<\/div>\n","protected":false},"excerpt":{"rendered":"<p>Imposto de Renda 2023: prazo para declara\u00e7\u00e3o vai de 15 de mar\u00e7o a 31 de maio. \u2014 Foto: Marcos Serra\/ g1 Com a\u00a0Medida Provis\u00f3ria (MP) que amplia da faixa de isen\u00e7\u00e3o do Imposto de Renda,\u00a010,1 milh\u00f5es\u00a0de pessoas devem ficar isentas na declara\u00e7\u00e3o de 2024, segundo a Associa\u00e7\u00e3o Nacional dos Auditores Fiscais da\u00a0Receita Federal\u00a0do Brasil (Unafisco). [&hellip;]<\/p>\n","protected":false},"author":2,"featured_media":0,"comment_status":"open","ping_status":"open","sticky":false,"template":"","format":"standard","meta":{"_links_to":"","_links_to_target":""},"categories":[7,9,8,1],"tags":[],"_links":{"self":[{"href":"https:\/\/www.ilheusnoticias.net.br\/v1\/wp-json\/wp\/v2\/posts\/31733"}],"collection":[{"href":"https:\/\/www.ilheusnoticias.net.br\/v1\/wp-json\/wp\/v2\/posts"}],"about":[{"href":"https:\/\/www.ilheusnoticias.net.br\/v1\/wp-json\/wp\/v2\/types\/post"}],"author":[{"embeddable":true,"href":"https:\/\/www.ilheusnoticias.net.br\/v1\/wp-json\/wp\/v2\/users\/2"}],"replies":[{"embeddable":true,"href":"https:\/\/www.ilheusnoticias.net.br\/v1\/wp-json\/wp\/v2\/comments?post=31733"}],"version-history":[{"count":1,"href":"https:\/\/www.ilheusnoticias.net.br\/v1\/wp-json\/wp\/v2\/posts\/31733\/revisions"}],"predecessor-version":[{"id":31734,"href":"https:\/\/www.ilheusnoticias.net.br\/v1\/wp-json\/wp\/v2\/posts\/31733\/revisions\/31734"}],"wp:attachment":[{"href":"https:\/\/www.ilheusnoticias.net.br\/v1\/wp-json\/wp\/v2\/media?parent=31733"}],"wp:term":[{"taxonomy":"category","embeddable":true,"href":"https:\/\/www.ilheusnoticias.net.br\/v1\/wp-json\/wp\/v2\/categories?post=31733"},{"taxonomy":"post_tag","embeddable":true,"href":"https:\/\/www.ilheusnoticias.net.br\/v1\/wp-json\/wp\/v2\/tags?post=31733"}],"curies":[{"name":"wp","href":"https:\/\/api.w.org\/{rel}","templated":true}]}}