{"id":3173,"date":"2016-12-27T18:20:56","date_gmt":"2016-12-27T21:20:56","guid":{"rendered":"http:\/\/www.ilheusnoticias.net.br\/v1\/?p=3173"},"modified":"2016-12-27T18:21:27","modified_gmt":"2016-12-27T21:21:27","slug":"ceplac-zugaib-assume-superintendencia-como-interino","status":"publish","type":"post","link":"https:\/\/www.ilheusnoticias.net.br\/v1\/2016\/12\/27\/ceplac-zugaib-assume-superintendencia-como-interino\/","title":{"rendered":"Ceplac:  Zugaib assume superintend\u00eancia como interino"},"content":{"rendered":"<p>&nbsp;<\/p>\n<div class=\"PostContent\">\n<div id=\"attachment_175158\" class=\"wp-caption aligncenter\">\n<p><a href=\"http:\/\/www.pimenta.blog.br\/2016\/12\/27\/ceplac-zugaib-assume-superintendencia\/15731307_805396586289581_1059839337_n\/\" rel=\"attachment wp-att-175158\"><img loading=\"lazy\" class=\"size-full wp-image-175158\" src=\"http:\/\/www.pimenta.blog.br\/wp-content\/uploads\/2016\/12\/15731307_805396586289581_1059839337_n.jpg\" sizes=\"(max-width: 470px) 100vw, 470px\" srcset=\"http:\/\/www.pimenta.blog.br\/wp-content\/uploads\/2016\/12\/15731307_805396586289581_1059839337_n-300x200.jpg 300w, http:\/\/www.pimenta.blog.br\/wp-content\/uploads\/2016\/12\/15731307_805396586289581_1059839337_n.jpg 470w\" alt=\"Zugaib \u00e9 o novo superintendente da Ceplac .\" width=\"470\" height=\"313\" \/><\/a><\/p>\n<p class=\"wp-caption-text\">Zugaib \u00e9 o novo superintendente da Ceplac .<\/p>\n<\/div>\n<p>O servidor federal de carreira e agr\u00f4nomo Antonio Zugaib foi nomeado novo superintendente regional da Comiss\u00e3o Executiva do Plano da Lavoura Cacaueira (Ceplac). A nomea\u00e7\u00e3o foi divulgada no Di\u00e1rio Oficial da Uni\u00e3o. Ele assume o cargo de forma interina, at\u00e9 que seja definido o novo titular.Zugaib substituir\u00e1 Adonias Castro no cargo. Adonias era o interino desde a sa\u00edda de Juvenal Maynart, ano passado. Em novembro, Maynart assumiu a dire\u00e7\u00e3o geral da Ceplac. Reda\u00e7\u00e3o com <a href=\"http:\/\/www.blogdeilheus.com.br\/\" target=\"_blank\">Blog de Ilh\u00e9us<\/a>. Atualizado \u00e0s 18h20min<\/p>\n<\/div>\n","protected":false},"excerpt":{"rendered":"<p>&nbsp; Zugaib \u00e9 o novo superintendente da Ceplac . O servidor federal de carreira e agr\u00f4nomo Antonio Zugaib foi nomeado novo superintendente regional da Comiss\u00e3o Executiva do Plano da Lavoura Cacaueira (Ceplac). A nomea\u00e7\u00e3o foi divulgada no Di\u00e1rio Oficial da Uni\u00e3o. Ele assume o cargo de forma interina, at\u00e9 que seja definido o novo titular.Zugaib [&hellip;]<\/p>\n","protected":false},"author":2,"featured_media":0,"comment_status":"open","ping_status":"open","sticky":false,"template":"","format":"standard","meta":{"_links_to":"","_links_to_target":""},"categories":[9],"tags":[],"_links":{"self":[{"href":"https:\/\/www.ilheusnoticias.net.br\/v1\/wp-json\/wp\/v2\/posts\/3173"}],"collection":[{"href":"https:\/\/www.ilheusnoticias.net.br\/v1\/wp-json\/wp\/v2\/posts"}],"about":[{"href":"https:\/\/www.ilheusnoticias.net.br\/v1\/wp-json\/wp\/v2\/types\/post"}],"author":[{"embeddable":true,"href":"https:\/\/www.ilheusnoticias.net.br\/v1\/wp-json\/wp\/v2\/users\/2"}],"replies":[{"embeddable":true,"href":"https:\/\/www.ilheusnoticias.net.br\/v1\/wp-json\/wp\/v2\/comments?post=3173"}],"version-history":[{"count":2,"href":"https:\/\/www.ilheusnoticias.net.br\/v1\/wp-json\/wp\/v2\/posts\/3173\/revisions"}],"predecessor-version":[{"id":3175,"href":"https:\/\/www.ilheusnoticias.net.br\/v1\/wp-json\/wp\/v2\/posts\/3173\/revisions\/3175"}],"wp:attachment":[{"href":"https:\/\/www.ilheusnoticias.net.br\/v1\/wp-json\/wp\/v2\/media?parent=3173"}],"wp:term":[{"taxonomy":"category","embeddable":true,"href":"https:\/\/www.ilheusnoticias.net.br\/v1\/wp-json\/wp\/v2\/categories?post=3173"},{"taxonomy":"post_tag","embeddable":true,"href":"https:\/\/www.ilheusnoticias.net.br\/v1\/wp-json\/wp\/v2\/tags?post=3173"}],"curies":[{"name":"wp","href":"https:\/\/api.w.org\/{rel}","templated":true}]}}