{"id":31727,"date":"2023-05-01T10:58:26","date_gmt":"2023-05-01T13:58:26","guid":{"rendered":"https:\/\/www.ilheusnoticias.net.br\/v1\/?p=31727"},"modified":"2023-05-01T10:58:26","modified_gmt":"2023-05-01T13:58:26","slug":"luiz-marinho-confirma-isencao-do-ir-para-quem-ganha-ate-r-2-640","status":"publish","type":"post","link":"https:\/\/www.ilheusnoticias.net.br\/v1\/2023\/05\/01\/luiz-marinho-confirma-isencao-do-ir-para-quem-ganha-ate-r-2-640\/","title":{"rendered":"Luiz Marinho confirma isen\u00e7\u00e3o do IR para quem ganha at\u00e9 R$ 2.640"},"content":{"rendered":"<div class=\"col-lg-12 mb-3\">\n<div class=\"post-image\"><a href=\"https:\/\/agenciabrasil.ebc.com.br\/economia\/noticia\/2023-04\/luiz-marinho-confirma-isencao-do-ir-para-quem-ganha-ate-r-2640#\"><img loading=\"lazy\" id=\"media-325646\" class=\"rounded-lg shadow-sm w-100\" title=\"Jos\u00e9 Cruz\/Ag\u00eancia Brasil\" src=\"https:\/\/imagens.ebc.com.br\/O7wNI1K3ipFinBmCMIhEqUWwNrY=\/1170x700\/smart\/https:\/\/agenciabrasil.ebc.com.br\/sites\/default\/files\/thumbnails\/image\/ministro-trabalho-e-emprego_mcamgo_abr_270420231818-6.jpg?itok=_bIWlvg0\" alt=\"Bras\u00edlia (DF), 27\/04\/2023 - O Ministro do Trabalho e Emprego, Luiz Marinho, durante a divulga\u00e7\u00e3o dos dados do Novo Cadastro Geral de Empregados e Desempregados (Novo Caged) relativos ao m\u00eas de mar\u00e7o. Foto: Jos\u00e9 Cruz\/Ag\u00eancia Brasil\" width=\"499\" height=\"298\" \/><\/a><\/div>\n<\/div>\n<div class=\"col-lg-12 mb-3\">\n<div class=\"row\">\n<h2 class=\"col-10 offset-1 animated fadeInDown dealy-750 display-6 display-md-4 display-lg-5 font-weight-bold alt-font text-center my-1\">Luiz Marinho confirma isen\u00e7\u00e3o do IR para quem ganha at\u00e9 R$ 2.640<\/h2>\n<h3 class=\"col-10 offset-1 animated fadeInDown dealy-900 display-8 display-md-8 alt-font font-italic my-1 text-center\">Medida passar\u00e1 a valer a partir de 1\u00ba de maio<\/h3>\n<\/div>\n<\/div>\n<div class=\"col-xl-7 offset-xl-1 col-lg-8 offset-lg-0 col-md-10 offset-md-1 mb-3\">\n<div class=\"post-item alt-font\">\n<div class=\"post-item-wrap\">\n<p>A partir de maio, trabalhadores formais que ganham at\u00e9 R$ 2.640 ter\u00e3o isen\u00e7\u00e3o do Imposto de Renda Pessoa F\u00edsica (IRPF),\u00a0confirmou hoje\u00a0(28) o ministro do Trabalho e Emprego, Luiz Marinho. Segundo ele, o governo est\u00e1 cumprindo um compromisso de campanha do presidente Luiz In\u00e1cio Lula da Silva de elevar gradualmente a faixa de isen\u00e7\u00e3o.<\/p>\n<p>\u201cH\u00e1 o compromisso do presidente Lula de isentar do IR sal\u00e1rios de at\u00e9 R$ 5 mil, at\u00e9 o fim do governo. Por enquanto, os sal\u00e1rios de at\u00e9 R$ 2.640, a partir de 1\u00ba de maio, n\u00e3o ter\u00e3o reten\u00e7\u00e3o do IR. Durante o mandato, vamos voltar a falar de isen\u00e7\u00e3o quando a condi\u00e7\u00e3o econ\u00f4mica permitir\u201d, disse o ministro, ap\u00f3s cerim\u00f4nia de assinatura do\u00a0<a href=\"https:\/\/agenciabrasil.ebc.com.br\/politica\/noticia\/2023-04\/governo-concede-reajuste-de-9-servidores-do-executivo-federal\" target=\"_blank\" rel=\"noopener\">reajuste<\/a>\u00a0de 9% para os servidores do Executivo federal.<\/p>\n<p>O aumento da isen\u00e7\u00e3o se dar\u00e1 pela combina\u00e7\u00e3o de duas medidas. A faixa de isen\u00e7\u00e3o na tabela do IRPF passar\u00e1 de R$ 1.903,98, valor em vigor desde 2015, para R$ 2.112. Al\u00e9m disso, haver\u00e1 um desconto de R$ 528 sobre o imposto pago na fonte, retido automaticamente todos os meses.<\/p>\n<p>Ao somar os dois valores, o da nova faixa de isen\u00e7\u00e3o e o do desconto, o valor chega a R$ 2.640. A quantia equivale a dois sal\u00e1rios m\u00ednimos de R$ 1.320, valor que vigorar\u00e1 a partir de maio. At\u00e9 o fim de abril, o sal\u00e1rio m\u00ednimo est\u00e1 em R$ 1.304.<\/p>\n<p>O ministro do Trabalho e Emprego informou que a medida dever\u00e1 ser institu\u00edda por um \u201cato discricion\u00e1rio\u201d da Receita Federal. Segundo o ministro, a formaliza\u00e7\u00e3o do aumento \u201cest\u00e1 tramitando\u201d dentro do \u00f3rg\u00e3o.<\/p>\n<p>Segundo a Receita Federal, 13,7 milh\u00f5es de contribuintes deixar\u00e3o de pagar Imposto de Renda a partir do pr\u00f3ximo m\u00eas com a isen\u00e7\u00e3o para quem recebe at\u00e9 R$ 2.640. Isso equivale a 40% das pessoas f\u00edsicas que pagam o tributo.<\/p>\n<h2>Sal\u00e1rio m\u00ednimo<\/h2>\n<p>Em rela\u00e7\u00e3o ao aumento do sal\u00e1rio m\u00ednimo para R$ 1.320, Marinho disse j\u00e1 ter assinado a medida provis\u00f3ria (MP). \u201cJ\u00e1 assinei a MP do sal\u00e1rio m\u00ednimo, falta a assinatura do presidente\u201d, disse. A eleva\u00e7\u00e3o do m\u00ednimo foi oficialmente decidida nesta quinta-feira (27) em reuni\u00e3o entre o presidente Lula, as centrais sindicais e ministros da \u00e1rea econ\u00f4mica. A medida ser\u00e1 anunciada durante as comemora\u00e7\u00f5es do Dia do Trabalhador em S\u00e3o Paulo, mas ainda n\u00e3o se sabe se a MP s\u00f3 ser\u00e1 publicada em 1\u00ba de maio ou sair\u00e1 antes, em edi\u00e7\u00e3o extraordin\u00e1ria do\u00a0<em>Di\u00e1rio Oficial da Uni\u00e3o.<\/em><\/p>\n<p>O governo tamb\u00e9m pretende enviar em breve ao Congresso o projeto para a pol\u00edtica de valoriza\u00e7\u00e3o permanente do sal\u00e1rio m\u00ednimo, que entraria em vigor a partir de 2024. Segundo Marinho, voltar\u00e1 a f\u00f3rmula que vigorou at\u00e9 2019, que previa a reposi\u00e7\u00e3o da infla\u00e7\u00e3o do ano anterior pelo \u00cdndice Nacional de Pre\u00e7os ao Consumidor (INPC) mais o crescimento do Produto Interno Bruto (PIB) de dois anos antes. Caso o PIB encolha, haveria apenas a reposi\u00e7\u00e3o da infla\u00e7\u00e3o.<\/p>\n<p>O Minist\u00e9rio da Fazenda defende outra f\u00f3rmula, baseada no PIB per capita. Marinho, no entanto, negou diverg\u00eancias com o ministro Fernando Haddad durante a reuni\u00e3o desta quinta-feira no Pal\u00e1cio da Alvorada. \u201cMinha rela\u00e7\u00e3o com Haddad \u00e9 boa e sempre foi boa. N\u00e3o entendi o que<\/p>\n<\/div>\n<\/div>\n<div id=\"ebc-ouvidoria\">\n<div id=\"barraManifestacao\" class=\"eouv-manifestacoes d-print-none\">\n<p>&nbsp;<\/p>\n<\/div>\n<\/div>\n<\/div>\n","protected":false},"excerpt":{"rendered":"<p>Luiz Marinho confirma isen\u00e7\u00e3o do IR para quem ganha at\u00e9 R$ 2.640 Medida passar\u00e1 a valer a partir de 1\u00ba de maio A partir de maio, trabalhadores formais que ganham at\u00e9 R$ 2.640 ter\u00e3o isen\u00e7\u00e3o do Imposto de Renda Pessoa F\u00edsica (IRPF),\u00a0confirmou hoje\u00a0(28) o ministro do Trabalho e Emprego, Luiz Marinho. Segundo ele, o governo [&hellip;]<\/p>\n","protected":false},"author":2,"featured_media":0,"comment_status":"open","ping_status":"open","sticky":false,"template":"","format":"standard","meta":{"_links_to":"","_links_to_target":""},"categories":[7,9,8,1],"tags":[],"_links":{"self":[{"href":"https:\/\/www.ilheusnoticias.net.br\/v1\/wp-json\/wp\/v2\/posts\/31727"}],"collection":[{"href":"https:\/\/www.ilheusnoticias.net.br\/v1\/wp-json\/wp\/v2\/posts"}],"about":[{"href":"https:\/\/www.ilheusnoticias.net.br\/v1\/wp-json\/wp\/v2\/types\/post"}],"author":[{"embeddable":true,"href":"https:\/\/www.ilheusnoticias.net.br\/v1\/wp-json\/wp\/v2\/users\/2"}],"replies":[{"embeddable":true,"href":"https:\/\/www.ilheusnoticias.net.br\/v1\/wp-json\/wp\/v2\/comments?post=31727"}],"version-history":[{"count":1,"href":"https:\/\/www.ilheusnoticias.net.br\/v1\/wp-json\/wp\/v2\/posts\/31727\/revisions"}],"predecessor-version":[{"id":31728,"href":"https:\/\/www.ilheusnoticias.net.br\/v1\/wp-json\/wp\/v2\/posts\/31727\/revisions\/31728"}],"wp:attachment":[{"href":"https:\/\/www.ilheusnoticias.net.br\/v1\/wp-json\/wp\/v2\/media?parent=31727"}],"wp:term":[{"taxonomy":"category","embeddable":true,"href":"https:\/\/www.ilheusnoticias.net.br\/v1\/wp-json\/wp\/v2\/categories?post=31727"},{"taxonomy":"post_tag","embeddable":true,"href":"https:\/\/www.ilheusnoticias.net.br\/v1\/wp-json\/wp\/v2\/tags?post=31727"}],"curies":[{"name":"wp","href":"https:\/\/api.w.org\/{rel}","templated":true}]}}