{"id":31723,"date":"2023-05-01T10:50:05","date_gmt":"2023-05-01T13:50:05","guid":{"rendered":"https:\/\/www.ilheusnoticias.net.br\/v1\/?p=31723"},"modified":"2023-05-01T10:50:05","modified_gmt":"2023-05-01T13:50:05","slug":"valor-de-gas-de-cozinha-tem-terceiro-aumento-do-ano-na-bahia-diz-sindicato","status":"publish","type":"post","link":"https:\/\/www.ilheusnoticias.net.br\/v1\/2023\/05\/01\/valor-de-gas-de-cozinha-tem-terceiro-aumento-do-ano-na-bahia-diz-sindicato\/","title":{"rendered":"Valor de g\u00e1s de cozinha tem terceiro aumento do ano na Bahia, diz sindicato"},"content":{"rendered":"<div class=\"row content-head non-featured \">\n<div class=\"title\" data-block-type=\"title\" data-block-id=\"0\"><\/div>\n<div class=\"medium-centered subtitle\">\n<h2 class=\"content-head__subtitle\">Pre\u00e7o do g\u00e1s de cozinha tem aumento na Bahia<\/h2>\n<\/div>\n<\/div>\n<div class=\"mc-article-body\">\n<article>\n<div id=\"chunk-ahkcs\">\n<div class=\"mc-column content-text active-extra-styles \" data-block-type=\"unstyled\" data-block-weight=\"40\" data-block-id=\"3\">\n<p class=\"content-text__container \" data-track-category=\"Link no Texto\" data-track-links=\"\">O g\u00e1s de cozinha teve o terceiro aumento do ano, na Bahia. O pre\u00e7o do botij\u00e3o fica em m\u00e9dia R$ 5 mais caro, a partir desta segunda-feira (1\u00b0), segundo o Sindicato dos Revendedores de G\u00e1s do Estado da Bahia (Sindrevgas).<\/p>\n<\/div>\n<\/div>\n<div class=\"wall protected-content\">\n<div id=\"chunk-696qm\">\n<div class=\"mc-column content-text active-extra-styles \" data-block-type=\"unstyled\" data-block-weight=\"33\" data-block-id=\"4\">\n<p class=\"content-text__container \" data-track-category=\"Link no Texto\" data-track-links=\"\">De acordo com o Sindrevgas, em\u00a0<a class=\"\" href=\"https:\/\/g1.globo.com\/ba\/bahia\/cidade\/salvador\/\">Salvador<\/a>\u00a0e regi\u00e3o metropolitana, o pre\u00e7o m\u00e9dio do g\u00e1s praticado at\u00e9 domingo (29), era de R$ 115. Agora, passa a ter um valor de aproximadamente R$ 125.<\/p>\n<\/div>\n<\/div>\n<div id=\"chunk-fic51\">\n<div class=\"mc-column content-text active-extra-styles \" data-block-type=\"unstyled\" data-block-weight=\"38\" data-block-id=\"5\">\n<p class=\"content-text__container \" data-track-category=\"Link no Texto\" data-track-links=\"\">No in\u00edcio de abril, a Acelen, empresa que administra a Refinaria Mataripe, anunciou uma<a class=\"\" href=\"https:\/\/g1.globo.com\/ba\/bahia\/noticia\/2023\/03\/31\/acelen-anuncia-reducao-de-8percent-no-valor-do-gas-de-cozinha-na-bahia.ghtml\">\u00a0redu\u00e7\u00e3o de 8% no valor do g\u00e1s de cozinha<\/a>, na Bahia. Na oportunidade, o pre\u00e7o caiu de R$ 4,02 para R$ 3,69 o quilo.<\/p>\n<\/div>\n<\/div>\n<div id=\"chunk-h10i\">\n<div class=\"row medium-uncollapsed content-media content-photo\" data-block-type=\"backstage-photo\" data-block-id=\"7\">\n<div class=\" mc-column  content-media__container\">\n<div class=\"content-media-container glb-skeleton-box\">\n<figure class=\"content-media-figure\"><img class=\"i-amphtml-fill-content i-amphtml-replaced-content\" src=\"https:\/\/s2.glbimg.com\/Zx65i1iB27jgXf6BnT1Kctpj5mw=\/0x0:1040x571\/984x0\/smart\/filters:strip_icc()\/i.s3.glbimg.com\/v1\/AUTH_59edd422c0c84a879bd37670ae4f538a\/internal_photos\/bs\/2023\/r\/L\/PSfqOAR8Kb51M91S1mSQ\/whatsapp-image-2023-05-01-at-09.00.11.jpeg\" sizes=\"(max-width: 1707px) 648px, 100vw\" srcset=\"https:\/\/s2.glbimg.com\/oYMl__4PdEJIGYceq-oBe5yx4g0=\/0x0:1040x571\/1000x0\/smart\/filters:strip_icc()\/i.s3.glbimg.com\/v1\/AUTH_59edd422c0c84a879bd37670ae4f538a\/internal_photos\/bs\/2023\/r\/L\/PSfqOAR8Kb51M91S1mSQ\/whatsapp-image-2023-05-01-at-09.00.11.jpeg 1000w, https:\/\/s2.glbimg.com\/Zx65i1iB27jgXf6BnT1Kctpj5mw=\/0x0:1040x571\/984x0\/smart\/filters:strip_icc()\/i.s3.glbimg.com\/v1\/AUTH_59edd422c0c84a879bd37670ae4f538a\/internal_photos\/bs\/2023\/r\/L\/PSfqOAR8Kb51M91S1mSQ\/whatsapp-image-2023-05-01-at-09.00.11.jpeg 984w, https:\/\/s2.glbimg.com\/IZyE0l_9S-KBZVMArx4TxfsBsaQ=\/0x0:1040x571\/640x0\/smart\/filters:strip_icc()\/i.s3.glbimg.com\/v1\/AUTH_59edd422c0c84a879bd37670ae4f538a\/internal_photos\/bs\/2023\/r\/L\/PSfqOAR8Kb51M91S1mSQ\/whatsapp-image-2023-05-01-at-09.00.11.jpeg 640w, https:\/\/s2.glbimg.com\/_DyaS9A8heDTlCtV0xUJpywfVxw=\/0x0:1040x571\/600x0\/smart\/filters:strip_icc()\/i.s3.glbimg.com\/v1\/AUTH_59edd422c0c84a879bd37670ae4f538a\/internal_photos\/bs\/2023\/r\/L\/PSfqOAR8Kb51M91S1mSQ\/whatsapp-image-2023-05-01-at-09.00.11.jpeg 600w\" alt=\"Valor de g\u00e1s de cozinha tem terceiro aumento do ano na Bahia \u2014 Foto: Reprodu\u00e7\u00e3o\/TV Bahia \" \/><\/figure>\n<\/div>\n<p class=\"content-media__description  \">Valor de g\u00e1s de cozinha tem terceiro aumento do ano na Bahia \u2014 Foto: Reprodu\u00e7\u00e3o\/TV Bahia<\/p>\n<\/div>\n<\/div>\n<\/div>\n<div id=\"chunk-dr4o1\">\n<div class=\"mc-column content-text active-extra-styles \" data-block-type=\"unstyled\" data-block-weight=\"42\" data-block-id=\"8\">\n<p class=\"content-text__container \" data-track-category=\"Link no Texto\" data-track-links=\"\">A empresa informou que os pre\u00e7os dos produtos produzidos na Refinaria de Mataripe seguem crit\u00e9rios de mercado que levam em considera\u00e7\u00e3o vari\u00e1veis como custo do petr\u00f3leo, que \u00e9 adquirido a pre\u00e7os internacionais, d\u00f3lar e frete, podendo variar para cima ou para baixo.<\/p>\n<\/div>\n<\/div>\n<div id=\"chunk-7gieh\">\n<div class=\"mc-column content-text active-extra-styles \" data-block-type=\"unstyled\" data-block-weight=\"23\" data-block-id=\"9\">\n<p class=\"content-text__container \" data-track-category=\"Link no Texto\" data-track-links=\"\">Segundo a Acelen, a empresa conta uma pol\u00edtica de pre\u00e7os transparente, amparada por crit\u00e9rios t\u00e9cnicos, em conson\u00e2ncia com as pr\u00e1ticas internacionais de mercado.<\/p>\n<\/div>\n<\/div>\n<div id=\"chunk-cq8te\">\n<div class=\"mc-column content-text active-extra-styles \" data-block-type=\"unstyled\" data-block-weight=\"39\" data-block-id=\"10\">\n<p class=\"content-text__container \" data-track-category=\"Link no Texto\" data-track-links=\"\">No in\u00edcio de mar\u00e7o, o\u00a0<a class=\"\" href=\"https:\/\/g1.globo.com\/ba\/bahia\/noticia\/2023\/03\/01\/valor-de-gas-de-cozinha-tem-segundo-aumento-do-ano-na-bahia-diz-sindicato.ghtml\">g\u00e1s de cozinha teve o segundo aumento do ano<\/a>, na Bahia. O pre\u00e7o do botij\u00e3o ficou em m\u00e9dia R$ 3 mais caro, segundo o Sindicato dos Revendedores de G\u00e1s do Estado da Bahia (Sindrevgas).<\/p>\n<\/div>\n<\/div>\n<div id=\"chunk-8g6h5\">\n<div class=\"content-ads content-ads--reveal\" data-block-type=\"ads\" data-block-id=\"11\">\n<div id=\"banner_materia__62cda4c7-150d-4bec-b5e3-b6d64f4d8d62\" class=\"tag-manager-publicidade-container mc-has-reveal mc-has-ad-lazyload tag-manager-publicidade-banner_materia__62cda4c7-150d-4bec-b5e3-b6d64f4d8d62 tag-manager-publicidade-container--carregado tag-manager-publicidade-container--visivel\" data-id=\"banner_materia__62cda4c7-150d-4bec-b5e3-b6d64f4d8d62\" data-google-query-id=\"CLDNlZah1P4CFZoJuQYdlqgIMA\">\n<div id=\"google_ads_iframe_\/95377733\/tvg_G1\/Sua_Regiao&gt;Nordeste&gt;Bahia_4__container__\" style=\"box-sizing: inherit; margin: auto; padding: 0px; border: 0pt none; font: inherit; vertical-align: initial; max-width: 100%; text-align: center; width: 970px; height: 250px;\"><iframe id=\"google_ads_iframe_\/95377733\/tvg_G1\/Sua_Regiao&gt;Nordeste&gt;Bahia_4\" style=\"box-sizing: inherit; margin: 0px; padding: 0px; border: 0px; font: inherit; vertical-align: bottom;\" tabindex=\"0\" title=\"3rd party ad content\" role=\"region\" name=\"google_ads_iframe_\/95377733\/tvg_G1\/Sua_Regiao&gt;Nordeste&gt;Bahia_4\" width=\"970\" height=\"250\" frameborder=\"0\" marginwidth=\"0\" marginheight=\"0\" scrolling=\"no\" aria-label=\"Advertisement\" data-load-complete=\"true\" data-google-container-id=\"6\" data-mce-fragment=\"1\"><\/iframe><\/div>\n<\/div>\n<\/div>\n<\/div>\n<div id=\"chunk-rtq\">\n<div class=\"mc-column content-text active-extra-styles \" data-block-type=\"unstyled\" data-block-weight=\"18\" data-block-id=\"12\">\n<p class=\"content-text__container \" data-track-category=\"Link no Texto\" data-track-links=\"\">No m\u00eas de fevereiro houve um reajuste de 8,2%, ficando entre R$ 5 e R$ 7 mais caro.<\/p>\n<\/div>\n<\/div>\n<div id=\"chunk-c6km5\">\n<div class=\"mc-column content-text active-extra-styles \" data-block-type=\"unstyled\" data-block-weight=\"27\" data-block-id=\"13\">\n<p class=\"content-text__container \" data-track-category=\"Link no Texto\" data-track-links=\"\">Na Bahia, a forma como o pre\u00e7o \u00e9 definido \u00e9 diferente do restante do pa\u00eds, j\u00e1 que a precifica\u00e7\u00e3o \u00e9 feita pela Acelen e n\u00e3o pela Petrobras.<\/p>\n<\/div>\n<\/div>\n<\/div>\n<\/article>\n<\/div>\n","protected":false},"excerpt":{"rendered":"<p>Pre\u00e7o do g\u00e1s de cozinha tem aumento na Bahia O g\u00e1s de cozinha teve o terceiro aumento do ano, na Bahia. O pre\u00e7o do botij\u00e3o fica em m\u00e9dia R$ 5 mais caro, a partir desta segunda-feira (1\u00b0), segundo o Sindicato dos Revendedores de G\u00e1s do Estado da Bahia (Sindrevgas). De acordo com o Sindrevgas, em\u00a0Salvador\u00a0e [&hellip;]<\/p>\n","protected":false},"author":2,"featured_media":0,"comment_status":"open","ping_status":"open","sticky":false,"template":"","format":"standard","meta":{"_links_to":"","_links_to_target":""},"categories":[7,9,8,1],"tags":[],"_links":{"self":[{"href":"https:\/\/www.ilheusnoticias.net.br\/v1\/wp-json\/wp\/v2\/posts\/31723"}],"collection":[{"href":"https:\/\/www.ilheusnoticias.net.br\/v1\/wp-json\/wp\/v2\/posts"}],"about":[{"href":"https:\/\/www.ilheusnoticias.net.br\/v1\/wp-json\/wp\/v2\/types\/post"}],"author":[{"embeddable":true,"href":"https:\/\/www.ilheusnoticias.net.br\/v1\/wp-json\/wp\/v2\/users\/2"}],"replies":[{"embeddable":true,"href":"https:\/\/www.ilheusnoticias.net.br\/v1\/wp-json\/wp\/v2\/comments?post=31723"}],"version-history":[{"count":1,"href":"https:\/\/www.ilheusnoticias.net.br\/v1\/wp-json\/wp\/v2\/posts\/31723\/revisions"}],"predecessor-version":[{"id":31724,"href":"https:\/\/www.ilheusnoticias.net.br\/v1\/wp-json\/wp\/v2\/posts\/31723\/revisions\/31724"}],"wp:attachment":[{"href":"https:\/\/www.ilheusnoticias.net.br\/v1\/wp-json\/wp\/v2\/media?parent=31723"}],"wp:term":[{"taxonomy":"category","embeddable":true,"href":"https:\/\/www.ilheusnoticias.net.br\/v1\/wp-json\/wp\/v2\/categories?post=31723"},{"taxonomy":"post_tag","embeddable":true,"href":"https:\/\/www.ilheusnoticias.net.br\/v1\/wp-json\/wp\/v2\/tags?post=31723"}],"curies":[{"name":"wp","href":"https:\/\/api.w.org\/{rel}","templated":true}]}}