{"id":31721,"date":"2023-05-01T10:46:46","date_gmt":"2023-05-01T13:46:46","guid":{"rendered":"https:\/\/www.ilheusnoticias.net.br\/v1\/?p=31721"},"modified":"2023-05-01T10:46:46","modified_gmt":"2023-05-01T13:46:46","slug":"reajuste-do-salario-minimo-impacta-um-quarto-da-populacao-brasileira-aponta-dieese","status":"publish","type":"post","link":"https:\/\/www.ilheusnoticias.net.br\/v1\/2023\/05\/01\/reajuste-do-salario-minimo-impacta-um-quarto-da-populacao-brasileira-aponta-dieese\/","title":{"rendered":"Reajuste do sal\u00e1rio m\u00ednimo impacta um quarto da popula\u00e7\u00e3o brasileira, aponta Dieese"},"content":{"rendered":"<div class=\"row content-head non-featured \">\n<div class=\"title\" data-block-type=\"title\" data-block-id=\"0\"><\/div>\n<div class=\"medium-centered subtitle\"><\/div>\n<\/div>\n<div class=\"mc-article-body\">\n<article>\n<div id=\"chunk-9kn64\">\n<div class=\"row medium-uncollapsed content-media content-photo\" data-block-type=\"backstage-photo\" data-block-id=\"1\">\n<div class=\" mc-column  content-media__container\">\n<div class=\"content-media-container glb-skeleton-box\">\n<figure class=\"content-media-figure\"><img class=\"i-amphtml-fill-content i-amphtml-replaced-content\" src=\"https:\/\/s2.glbimg.com\/b9FjZSNNQVNQO5iO3nQcmWQ705A=\/0x0:1440x1080\/984x0\/smart\/filters:strip_icc()\/i.s3.glbimg.com\/v1\/AUTH_59edd422c0c84a879bd37670ae4f538a\/internal_photos\/bs\/2023\/u\/s\/MfjShmQ8iXva2wxCl25w\/dinheiro.jpg\" sizes=\"(max-width: 1707px) 648px, 100vw\" srcset=\"https:\/\/s2.glbimg.com\/Wqqs7R3kr_5Yl-XYBMy34BX5WsI=\/0x0:1440x1080\/1000x0\/smart\/filters:strip_icc()\/i.s3.glbimg.com\/v1\/AUTH_59edd422c0c84a879bd37670ae4f538a\/internal_photos\/bs\/2023\/u\/s\/MfjShmQ8iXva2wxCl25w\/dinheiro.jpg 1000w, https:\/\/s2.glbimg.com\/b9FjZSNNQVNQO5iO3nQcmWQ705A=\/0x0:1440x1080\/984x0\/smart\/filters:strip_icc()\/i.s3.glbimg.com\/v1\/AUTH_59edd422c0c84a879bd37670ae4f538a\/internal_photos\/bs\/2023\/u\/s\/MfjShmQ8iXva2wxCl25w\/dinheiro.jpg 984w, https:\/\/s2.glbimg.com\/MyY2Wow7l2ZDxW3-WasnqrLtWls=\/0x0:1440x1080\/640x0\/smart\/filters:strip_icc()\/i.s3.glbimg.com\/v1\/AUTH_59edd422c0c84a879bd37670ae4f538a\/internal_photos\/bs\/2023\/u\/s\/MfjShmQ8iXva2wxCl25w\/dinheiro.jpg 640w, https:\/\/s2.glbimg.com\/cJ8RvP9mbbrufJGVR0BSwIeBlDE=\/0x0:1440x1080\/600x0\/smart\/filters:strip_icc()\/i.s3.glbimg.com\/v1\/AUTH_59edd422c0c84a879bd37670ae4f538a\/internal_photos\/bs\/2023\/u\/s\/MfjShmQ8iXva2wxCl25w\/dinheiro.jpg 600w\" alt=\"Reajuste sal\u00e1rio m\u00ednimo come\u00e7a a valer em 1\u00b0 de maio \u2014 Foto: Reprodu\u00e7\u00e3o\" \/><\/figure>\n<\/div>\n<p class=\"content-media__description  \">Reajuste sal\u00e1rio m\u00ednimo come\u00e7a a valer em 1\u00b0 de maio \u2014 Foto: Reprodu\u00e7\u00e3o<\/p>\n<\/div>\n<\/div>\n<\/div>\n<div id=\"chunk-430vh\">\n<div class=\"mc-column mc-side-item__container\" data-block-type=\"ads\" data-block-id=\"2\">\n<div class=\"mc-side-item mc-side-item--right content-ads content-ads--side-ad\">\n<div id=\"banner_materia1\" class=\"tag-manager-publicidade-container tag-manager-publicidade-banner_materia1 tag-manager-publicidade-container--carregado tag-manager-publicidade-container--visivel\" data-google-query-id=\"CIDp4r2g1P4CFe5NuAQdtKwJMg\">\n<div id=\"google_ads_iframe_\/95377733\/tvg_G1\/Economia_0__container__\"><\/div>\n<\/div>\n<\/div>\n<\/div>\n<\/div>\n<div id=\"chunk-2mcfc\">\n<div class=\"mc-column content-text active-extra-styles \" data-block-type=\"unstyled\" data-block-weight=\"41\" data-block-id=\"3\">\n<p class=\"content-text__container \" data-track-category=\"Link no Texto\" data-track-links=\"\">Estudo do Dieese divulgado no fim de abril indica o total da popula\u00e7\u00e3o impactada pelo reajuste do sal\u00e1rio m\u00ednimo, que\u00a0<a class=\"\" href=\"https:\/\/g1.globo.com\/politica\/noticia\/2023\/02\/16\/lula-confirma-salario-minimo-de-r-1320-a-partir-de-maio-e-aumento-da-isencao-de-ir-para-r-2640.ghtml\">sobe para R$ 1.320 a partir desta segunda-feira<\/a>\u00a0(1\u00b0). Segundo o Diesee, s\u00e3o 22,7 milh\u00f5es de pessoas diretamente atingidas pelo aumento.<\/p>\n<\/div>\n<\/div>\n<div class=\"wall protected-content\">\n<div id=\"chunk-eqg0f\">\n<div class=\"mc-column content-text active-extra-styles \" data-block-type=\"unstyled\" data-block-weight=\"29\" data-block-id=\"4\">\n<p class=\"content-text__container \" data-track-category=\"Link no Texto\" data-track-links=\"\">Os dados foram levantados a partir dos n\u00fameros da Pesquisa Nacional por Amostra de Domic\u00edlios Cont\u00ednua Anual de 2021 (PnadC), realizada pelo Instituto Brasileiro de Geografia e Estat\u00edstica (IBGE).<\/p>\n<\/div>\n<\/div>\n<div id=\"chunk-6b9au\">\n<div class=\"mc-column content-text active-extra-styles \" data-block-type=\"unstyled\" data-block-weight=\"29\" data-block-id=\"5\">\n<p class=\"content-text__container \" data-track-category=\"Link no Texto\" data-track-links=\"\">No Brasil, o reajuste do sal\u00e1rio m\u00ednimo \u00e9 de grande impacto na economia porque h\u00e1 uma expressiva parcela da popula\u00e7\u00e3o que recebe remunera\u00e7\u00f5es com valores muito pr\u00f3ximos ao m\u00ednimo.<\/p>\n<\/div>\n<\/div>\n<div id=\"chunk-ikn9\">\n<div class=\"mc-column content-text active-extra-styles \" data-block-type=\"unstyled\" data-block-weight=\"57\" data-block-id=\"6\">\n<p class=\"content-text__container \" data-track-category=\"Link no Texto\" data-track-links=\"\">O levantamento do Dieese aponta que, al\u00e9m dos 22,7 milh\u00f5es de pessoas diretamente impactadas pelo aumento do m\u00ednimo, outras 31,3 milh\u00f5es s\u00e3o afetadas de forma indireta &#8211; o total \u00e9 de 54 milh\u00f5es de pessoas impactadas de forma direta ou indireta. \u201cEm termos percentuais, esse contingente representou 25,4% da popula\u00e7\u00e3o brasileira, em 2021\u201d, diz o estudo.<\/p>\n<\/div>\n<\/div>\n<div id=\"chunk-bkq4t\">\n<div class=\"mc-column content-text active-extra-styles \" data-block-type=\"unstyled\" data-block-weight=\"16\" data-block-id=\"8\">\n<p class=\"content-text__container \" data-track-category=\"Link no Texto\" data-track-links=\"\">Ainda segundo o estudo, h\u00e1 158,5 milh\u00f5es de pessoas para quem o m\u00ednimo n\u00e3o far\u00e1 impacto<\/p>\n<\/div>\n<\/div>\n<div id=\"chunk-de6lk\">\n<div class=\"bs-video-block mc-column  content-media content-video\" data-block-type=\"backstage-video\" data-block-id=\"9\">\n<div class=\"content-media__container\">\n<p class=\"content-media__description\">Lula anuncia aumento no sal\u00e1rio m\u00ednimo e na faixa de isen\u00e7\u00e3o no Imposto de Renda<\/p>\n<\/div>\n<\/div>\n<\/div>\n<div class=\"mc-column content-text active-extra-styles\" data-block-type=\"raw\" data-block-weight=\"2\" data-block-id=\"10\">\n<div class=\"content-intertitle\">\n<h2>Setores impactados<\/h2>\n<\/div>\n<\/div>\n<div id=\"chunk-e1vqa\">\n<div class=\"mc-column content-text active-extra-styles \" data-block-type=\"unstyled\" data-block-weight=\"48\" data-block-id=\"11\">\n<p class=\"content-text__container \" data-track-category=\"Link no Texto\" data-track-links=\"\">O Dieese tamb\u00e9m aponta que \u201cos grupos diretamente impactados pelo sal\u00e1rio m\u00ednimo s\u00e3o os empregados do setor privado e p\u00fablico com carteira assinada (inclusive os trabalhadores dom\u00e9sticos); os servidores p\u00fablicos estatut\u00e1rios; e as pessoas que recebem aposentadoria, pens\u00e3o ou BPC, com valor igual ou inferior ao sal\u00e1rio m\u00ednimo\u201d.<\/p>\n<\/div>\n<\/div>\n<div id=\"chunk-2dkav\">\n<div class=\"mc-column content-text active-extra-styles \" data-block-type=\"unstyled\" data-block-weight=\"43\" data-block-id=\"12\">\n<p class=\"content-text__container \" data-track-category=\"Link no Texto\" data-track-links=\"\">O estudo destaca que o reajuste \u201ctem impacto na vida de milh\u00f5es de trabalhadores, inclusive informais, al\u00e9m dos aposentados e pensionistas do INSS e daqueles que recebem benef\u00edcios assistenciais da Lei Org\u00e2nica da Assist\u00eancia Social (Loas), como o Benef\u00edcio de Presta\u00e7\u00e3o Continuada (BPC)\u201d.<\/p>\n<\/div>\n<\/div>\n<\/div>\n<\/article>\n<\/div>\n","protected":false},"excerpt":{"rendered":"<p>Reajuste sal\u00e1rio m\u00ednimo come\u00e7a a valer em 1\u00b0 de maio \u2014 Foto: Reprodu\u00e7\u00e3o Estudo do Dieese divulgado no fim de abril indica o total da popula\u00e7\u00e3o impactada pelo reajuste do sal\u00e1rio m\u00ednimo, que\u00a0sobe para R$ 1.320 a partir desta segunda-feira\u00a0(1\u00b0). Segundo o Diesee, s\u00e3o 22,7 milh\u00f5es de pessoas diretamente atingidas pelo aumento. Os dados foram [&hellip;]<\/p>\n","protected":false},"author":2,"featured_media":0,"comment_status":"open","ping_status":"open","sticky":false,"template":"","format":"standard","meta":{"_links_to":"","_links_to_target":""},"categories":[7,9,8,1],"tags":[],"_links":{"self":[{"href":"https:\/\/www.ilheusnoticias.net.br\/v1\/wp-json\/wp\/v2\/posts\/31721"}],"collection":[{"href":"https:\/\/www.ilheusnoticias.net.br\/v1\/wp-json\/wp\/v2\/posts"}],"about":[{"href":"https:\/\/www.ilheusnoticias.net.br\/v1\/wp-json\/wp\/v2\/types\/post"}],"author":[{"embeddable":true,"href":"https:\/\/www.ilheusnoticias.net.br\/v1\/wp-json\/wp\/v2\/users\/2"}],"replies":[{"embeddable":true,"href":"https:\/\/www.ilheusnoticias.net.br\/v1\/wp-json\/wp\/v2\/comments?post=31721"}],"version-history":[{"count":1,"href":"https:\/\/www.ilheusnoticias.net.br\/v1\/wp-json\/wp\/v2\/posts\/31721\/revisions"}],"predecessor-version":[{"id":31722,"href":"https:\/\/www.ilheusnoticias.net.br\/v1\/wp-json\/wp\/v2\/posts\/31721\/revisions\/31722"}],"wp:attachment":[{"href":"https:\/\/www.ilheusnoticias.net.br\/v1\/wp-json\/wp\/v2\/media?parent=31721"}],"wp:term":[{"taxonomy":"category","embeddable":true,"href":"https:\/\/www.ilheusnoticias.net.br\/v1\/wp-json\/wp\/v2\/categories?post=31721"},{"taxonomy":"post_tag","embeddable":true,"href":"https:\/\/www.ilheusnoticias.net.br\/v1\/wp-json\/wp\/v2\/tags?post=31721"}],"curies":[{"name":"wp","href":"https:\/\/api.w.org\/{rel}","templated":true}]}}