{"id":31709,"date":"2023-05-01T10:30:47","date_gmt":"2023-05-01T13:30:47","guid":{"rendered":"https:\/\/www.ilheusnoticias.net.br\/v1\/?p=31709"},"modified":"2023-05-01T10:30:47","modified_gmt":"2023-05-01T13:30:47","slug":"aprovado-repasse-de-quase-r-2-milhoes-para-ilheus-prefeitura-segue-atuando-nas-areas-afetadas","status":"publish","type":"post","link":"https:\/\/www.ilheusnoticias.net.br\/v1\/2023\/05\/01\/aprovado-repasse-de-quase-r-2-milhoes-para-ilheus-prefeitura-segue-atuando-nas-areas-afetadas\/","title":{"rendered":"Aprovado repasse de quase R$ 2 milh\u00f5es para Ilh\u00e9us; Prefeitura segue atuando nas \u00e1reas afetadas"},"content":{"rendered":"<div class=\"imagem thumbnail col-xs-12 col-sm-8 col-md-6 col-lg-6 imagem-materia\"><a class=\"fresco\" title=\"\" href=\"https:\/\/portalfacilarquivos.blob.core.windows.net\/uploads\/ILHEUS\/imgOrig\/%7BEEE1ACAB-ABCA-D66C-5C31-1DEDCBAD340D%7D.jpg\" data-fresco-caption=\"\"><img loading=\"lazy\" title=\"\" src=\"https:\/\/portalfacilarquivos.blob.core.windows.net\/uploads\/ILHEUS\/img\/%7BEEE1ACAB-ABCA-D66C-5C31-1DEDCBAD340D%7D\/%7BEEE1ACAB-ABCA-D66C-5C31-1DEDCBAD340D%7D_650X450.jpg\" alt=\"defesa civil; chuvas\" width=\"650\" height=\"450\" \/><\/a><\/p>\n<p class=\"bg-primary\">O munic\u00edpio de Ilh\u00e9us vai receber R$ 1,59 milh\u00e3o para assist\u00eancia humanit\u00e1ria \u00e0s v\u00edtimas das chuvas registradas na semana passada. O repasse foi aprovado pelo Minist\u00e9rio da Integra\u00e7\u00e3o e do Desenvolvimento Regional (MIDR), por meio da Defesa Civil Nacional. Conforme o MIDR, os recursos ser\u00e3o enviados em breve.<\/p>\n<\/div>\n<p>Na \u00faltima segunda-feira (24), o prefeito M\u00e1rio Alexandre recepcionou o ministro Waldez G\u00f3es no Aeroporto Jorge Amado\u00a0<strong><a href=\"https:\/\/www.ilheus.ba.gov.br\/detalhe-da-materia\/info\/mario-alexandre-recepciona-ministro-waldez-goes-e-entrega-relatorio-de-danos-causados-pelas-chuvas\/176177\" target=\"_blank\" rel=\"noopener\">(relembre aqui)<\/a><\/strong>. Na oportunidade, o gestor ilheense entregou ao titular do MIDR um relat\u00f3rio dos danos ocasionados pelo temporal e solicitou interven\u00e7\u00f5es do Governo Federal em car\u00e1ter de urg\u00eancia, visando um trabalho de preven\u00e7\u00e3o nas \u00e1reas de risco da cidade.<\/p>\n<p>\u201cEssa uni\u00e3o de esfor\u00e7os \u00e9 fundamental para que a gente possa reconstruir as \u00e1reas atingidas pelas chuvas. Agrade\u00e7o primeiramente a Deus, por nos dar for\u00e7as para vencer mais uma luta dif\u00edcil. Agrade\u00e7o ao Governo Federal e ao Governo do Estado, que t\u00eam nos auxiliado nesse processo, com envio de ajuda humanit\u00e1ria e de recursos para garantir assist\u00eancia\u00a0\u00e0s pessoas que mais precisam\u201d, disse M\u00e1rio Alexandre.<\/p>\n<p>&nbsp;<\/p>\n<div class=\"imagem thumbnail col-xs-12 col-sm-8 col-md-6 col-lg-6 imagem-materia\"><a class=\"fresco\" title=\"\" href=\"https:\/\/portalfacilarquivos.blob.core.windows.net\/uploads\/ILHEUS\/imgOrig\/%7BE74DAE0D-C3D4-4E6E-04EB-733EDB3CBBC3%7D.jpg\" data-fresco-caption=\"\"><img loading=\"lazy\" title=\"\" src=\"https:\/\/portalfacilarquivos.blob.core.windows.net\/uploads\/ILHEUS\/img\/%7BE74DAE0D-C3D4-4E6E-04EB-733EDB3CBBC3%7D\/%7BE74DAE0D-C3D4-4E6E-04EB-733EDB3CBBC3%7D_650X450.jpg\" alt=\"Chuvas; Banco da Vit\u00f3ria; \" width=\"650\" height=\"450\" \/><\/a><\/p>\n<p class=\"bg-primary\">A pedido do prefeito, o secret\u00e1rio de Infraestrutura e Defesa Civil, \u00c1tila Docio, visitou a comunidade do Banco da Vit\u00f3ria na \u00faltima sexta-feira (28). A a\u00e7\u00e3o teve como objetivo verificar as \u00e1reas afetadas pelas recentes chuvas e os danos causados \u00e0 popula\u00e7\u00e3o local. A visita aconteceu ap\u00f3s entrevista a uma emissora de r\u00e1dio da cidade.<\/p>\n<\/div>\n<p>\u201cReconhecemos a situa\u00e7\u00e3o de emerg\u00eancia e aprovamos o primeiro plano de ajuda humanit\u00e1ria. Os demais planos ser\u00e3o feitos em duas m\u00e3os pelas defesas civis nacional e municipal, para haver uma agilidade no processo de aprova\u00e7\u00e3o e restabelecer a normalidade na vida dos moradores da regi\u00e3o\u201d, assegurou o ministro Waldez G\u00f3es.<\/p>\n<p>De acordo com o \u00faltimo boletim informativo, as chuvas j\u00e1 deixaram 416 pessoas desalojadas e 21 desabrigadas no munic\u00edpio. As equipes seguem realizando o trabalho preventivo nas \u00e1reas de risco, com coloca\u00e7\u00e3o de lona e orienta\u00e7\u00e3o aos moradores, bem como limpeza das vias e atendimento \u00e0s ocorr\u00eancias relacionadas a estragos provocados pelo temporal.<\/p>\n","protected":false},"excerpt":{"rendered":"<p>O munic\u00edpio de Ilh\u00e9us vai receber R$ 1,59 milh\u00e3o para assist\u00eancia humanit\u00e1ria \u00e0s v\u00edtimas das chuvas registradas na semana passada. O repasse foi aprovado pelo Minist\u00e9rio da Integra\u00e7\u00e3o e do Desenvolvimento Regional (MIDR), por meio da Defesa Civil Nacional. Conforme o MIDR, os recursos ser\u00e3o enviados em breve. Na \u00faltima segunda-feira (24), o prefeito M\u00e1rio [&hellip;]<\/p>\n","protected":false},"author":2,"featured_media":0,"comment_status":"open","ping_status":"open","sticky":false,"template":"","format":"standard","meta":{"_links_to":"","_links_to_target":""},"categories":[7,9,8,1],"tags":[],"_links":{"self":[{"href":"https:\/\/www.ilheusnoticias.net.br\/v1\/wp-json\/wp\/v2\/posts\/31709"}],"collection":[{"href":"https:\/\/www.ilheusnoticias.net.br\/v1\/wp-json\/wp\/v2\/posts"}],"about":[{"href":"https:\/\/www.ilheusnoticias.net.br\/v1\/wp-json\/wp\/v2\/types\/post"}],"author":[{"embeddable":true,"href":"https:\/\/www.ilheusnoticias.net.br\/v1\/wp-json\/wp\/v2\/users\/2"}],"replies":[{"embeddable":true,"href":"https:\/\/www.ilheusnoticias.net.br\/v1\/wp-json\/wp\/v2\/comments?post=31709"}],"version-history":[{"count":1,"href":"https:\/\/www.ilheusnoticias.net.br\/v1\/wp-json\/wp\/v2\/posts\/31709\/revisions"}],"predecessor-version":[{"id":31710,"href":"https:\/\/www.ilheusnoticias.net.br\/v1\/wp-json\/wp\/v2\/posts\/31709\/revisions\/31710"}],"wp:attachment":[{"href":"https:\/\/www.ilheusnoticias.net.br\/v1\/wp-json\/wp\/v2\/media?parent=31709"}],"wp:term":[{"taxonomy":"category","embeddable":true,"href":"https:\/\/www.ilheusnoticias.net.br\/v1\/wp-json\/wp\/v2\/categories?post=31709"},{"taxonomy":"post_tag","embeddable":true,"href":"https:\/\/www.ilheusnoticias.net.br\/v1\/wp-json\/wp\/v2\/tags?post=31709"}],"curies":[{"name":"wp","href":"https:\/\/api.w.org\/{rel}","templated":true}]}}