{"id":31707,"date":"2023-05-01T10:29:29","date_gmt":"2023-05-01T13:29:29","guid":{"rendered":"https:\/\/www.ilheusnoticias.net.br\/v1\/?p=31707"},"modified":"2023-05-01T10:29:29","modified_gmt":"2023-05-01T13:29:29","slug":"guarda-municipal-de-ilheus-forma-4a-turma-no-curso-de-rondas-ostensivas","status":"publish","type":"post","link":"https:\/\/www.ilheusnoticias.net.br\/v1\/2023\/05\/01\/guarda-municipal-de-ilheus-forma-4a-turma-no-curso-de-rondas-ostensivas\/","title":{"rendered":"Guarda Municipal de Ilh\u00e9us forma 4\u00aa turma no curso de Rondas Ostensivas"},"content":{"rendered":"<div class=\"imagem thumbnail col-xs-12 col-sm-8 col-md-6 col-lg-6 imagem-materia\"><a class=\"fresco\" title=\"\" href=\"https:\/\/portalfacilarquivos.blob.core.windows.net\/uploads\/ILHEUS\/imgOrig\/%7BEEA4DA7E-A83B-BC53-4EDB-57ADDADD2B36%7D.jpg\" data-fresco-caption=\"\"><img loading=\"lazy\" title=\"\" src=\"https:\/\/portalfacilarquivos.blob.core.windows.net\/uploads\/ILHEUS\/img\/%7BEEA4DA7E-A83B-BC53-4EDB-57ADDADD2B36%7D\/%7BEEA4DA7E-A83B-BC53-4EDB-57ADDADD2B36%7D_650X450.jpg\" alt=\"romu; formatura; seop; gcm\" width=\"650\" height=\"450\" \/><\/a><\/p>\n<p class=\"bg-primary\">A Prefeitura de Ilh\u00e9us, por meio da Secretaria de Ordem P\u00fablica (Seop), realizou na \u00faltima sexta-feira (28) a formatura no curso de Rondas Ostensivas Municipais (ROMU) dos servidores que atuam na Guarda Civil Municipal (GCM). A solenidade aconteceu no audit\u00f3rio do Centro Administrativo da Conquista.<\/p>\n<\/div>\n<p>A capacita\u00e7\u00e3o proporcionou aos agentes o desenvolvimento pessoal, social e f\u00edsico, al\u00e9m de ter contribu\u00eddo para o fortalecimento da identidade profissional da corpora\u00e7\u00e3o, melhoramento das a\u00e7\u00f5es de sua compet\u00eancia e atualiza\u00e7\u00e3o t\u00e9cnica. Com a forma\u00e7\u00e3o da 4\u00aa turma, cerca de 80 guardas estar\u00e3o preparados e treinados para situa\u00e7\u00f5es de complexidade t\u00e9cnica e f\u00edsica.<\/p>\n<p>O curso contou com aulas te\u00f3ricas e pr\u00e1ticas, distribu\u00eddas em t\u00e9cnicas de abordagem, patrulha rural, embarque e desembarque de viaturas, gerenciamento de crise, patrulhamento em per\u00edmetro urbano, treinamento de aptid\u00e3o f\u00edsica, opera\u00e7\u00e3o de alto risco, combate ao ambiente confinado, e acima de tudo prepara\u00e7\u00e3o mental e f\u00edsica.<\/p>\n<p>&nbsp;<\/p>\n<div class=\"imagem thumbnail col-xs-12 col-sm-8 col-md-6 col-lg-6 imagem-materia\"><a class=\"fresco\" title=\"\" href=\"https:\/\/portalfacilarquivos.blob.core.windows.net\/uploads\/ILHEUS\/imgOrig\/%7B6D2ACC1E-AA16-1E28-0EDE-BB1DAC772C1B%7D.jpg\" data-fresco-caption=\"\"><img loading=\"lazy\" title=\"\" src=\"https:\/\/portalfacilarquivos.blob.core.windows.net\/uploads\/ILHEUS\/img\/%7B6D2ACC1E-AA16-1E28-0EDE-BB1DAC772C1B%7D\/%7B6D2ACC1E-AA16-1E28-0EDE-BB1DAC772C1B%7D_650X450.jpg\" alt=\"romu; formatura; seop; gcm\" width=\"650\" height=\"450\" \/><\/a><\/p>\n<p class=\"bg-primary\">O titular da Seop, Marcelo Barreto, agradeceu aos guardas a participa\u00e7\u00e3o e desempenho durante o curso e parabenizou o prefeito M\u00e1rio Alexandre pela preocupa\u00e7\u00e3o com a capacita\u00e7\u00e3o dos profissionais de todas as \u00e1reas do servi\u00e7o p\u00fablico.<\/p>\n<\/div>\n<p>\u201cN\u00f3s mantemos a pol\u00edtica de valoriza\u00e7\u00e3o do servidor, uma preocupa\u00e7\u00e3o do prefeito desde o in\u00edcio de sua gest\u00e3o. A capacita\u00e7\u00e3o vai proporcionar \u00e0 popula\u00e7\u00e3o de Ilh\u00e9us profissionais qualificados na \u00e1rea da seguran\u00e7a, oferecendo mais qualidade no servi\u00e7o prestado\u201d, destacou Barreto.<\/p>\n<p>As aulas te\u00f3ricas aconteceram na Biblioteca Municipal e no Est\u00e1dio M\u00e1rio Pessoa. J\u00e1 as aulas pr\u00e1ticas foram realizadas em pra\u00e7as, praias e demais espa\u00e7os p\u00fablicos da cidade. A GCM atua, diuturnamente, para zelar o patrim\u00f4nio p\u00fablico, no patrulhamento de ruas, avenidas e espa\u00e7os p\u00fablicos e no aux\u00edlio \u00e0s demais for\u00e7as de seguran\u00e7a em busca de combater a criminalidade e viol\u00eancia no munic\u00edpio.<\/p>\n<p>&nbsp;<\/p>\n","protected":false},"excerpt":{"rendered":"<p>A Prefeitura de Ilh\u00e9us, por meio da Secretaria de Ordem P\u00fablica (Seop), realizou na \u00faltima sexta-feira (28) a formatura no curso de Rondas Ostensivas Municipais (ROMU) dos servidores que atuam na Guarda Civil Municipal (GCM). A solenidade aconteceu no audit\u00f3rio do Centro Administrativo da Conquista. A capacita\u00e7\u00e3o proporcionou aos agentes o desenvolvimento pessoal, social e [&hellip;]<\/p>\n","protected":false},"author":2,"featured_media":0,"comment_status":"open","ping_status":"open","sticky":false,"template":"","format":"standard","meta":{"_links_to":"","_links_to_target":""},"categories":[7,9,8,1],"tags":[],"_links":{"self":[{"href":"https:\/\/www.ilheusnoticias.net.br\/v1\/wp-json\/wp\/v2\/posts\/31707"}],"collection":[{"href":"https:\/\/www.ilheusnoticias.net.br\/v1\/wp-json\/wp\/v2\/posts"}],"about":[{"href":"https:\/\/www.ilheusnoticias.net.br\/v1\/wp-json\/wp\/v2\/types\/post"}],"author":[{"embeddable":true,"href":"https:\/\/www.ilheusnoticias.net.br\/v1\/wp-json\/wp\/v2\/users\/2"}],"replies":[{"embeddable":true,"href":"https:\/\/www.ilheusnoticias.net.br\/v1\/wp-json\/wp\/v2\/comments?post=31707"}],"version-history":[{"count":1,"href":"https:\/\/www.ilheusnoticias.net.br\/v1\/wp-json\/wp\/v2\/posts\/31707\/revisions"}],"predecessor-version":[{"id":31708,"href":"https:\/\/www.ilheusnoticias.net.br\/v1\/wp-json\/wp\/v2\/posts\/31707\/revisions\/31708"}],"wp:attachment":[{"href":"https:\/\/www.ilheusnoticias.net.br\/v1\/wp-json\/wp\/v2\/media?parent=31707"}],"wp:term":[{"taxonomy":"category","embeddable":true,"href":"https:\/\/www.ilheusnoticias.net.br\/v1\/wp-json\/wp\/v2\/categories?post=31707"},{"taxonomy":"post_tag","embeddable":true,"href":"https:\/\/www.ilheusnoticias.net.br\/v1\/wp-json\/wp\/v2\/tags?post=31707"}],"curies":[{"name":"wp","href":"https:\/\/api.w.org\/{rel}","templated":true}]}}