{"id":31700,"date":"2023-04-28T13:27:24","date_gmt":"2023-04-28T16:27:24","guid":{"rendered":"https:\/\/www.ilheusnoticias.net.br\/v1\/?p=31700"},"modified":"2023-04-28T13:27:24","modified_gmt":"2023-04-28T16:27:24","slug":"governo-da-bahia-publica-editais-para-contratacao-de-bandas-e-artistas-para-festa-de-sao-joao-em-salvador","status":"publish","type":"post","link":"https:\/\/www.ilheusnoticias.net.br\/v1\/2023\/04\/28\/governo-da-bahia-publica-editais-para-contratacao-de-bandas-e-artistas-para-festa-de-sao-joao-em-salvador\/","title":{"rendered":"Governo da Bahia publica editais para contrata\u00e7\u00e3o de bandas e artistas para festa de S\u00e3o Jo\u00e3o em Salvador"},"content":{"rendered":"<div class=\"row content-head non-featured \">\n<div class=\"title\" data-block-type=\"title\" data-block-id=\"0\">\n<h1 class=\"content-head__title\"><span style=\"font-size: 16px;\">Edital de decora\u00e7\u00e3o do Centro Hist\u00f3rico da capital baiana tamb\u00e9m foi lan\u00e7ado.<\/span><img class=\"i-amphtml-fill-content i-amphtml-replaced-content\" style=\"font-size: 16px;\" src=\"https:\/\/s2.glbimg.com\/iLPezFgyggrgZHfVCctreSCXsTY=\/0x0:1600x1066\/984x0\/smart\/filters:strip_icc()\/i.s3.glbimg.com\/v1\/AUTH_59edd422c0c84a879bd37670ae4f538a\/internal_photos\/bs\/2023\/B\/b\/XAna5GTUqYeAFA4t8EPQ\/whatsapp-image-2023-04-27-at-17.08.53.jpeg\" sizes=\"(max-width: 1707px) 648px, 100vw\" srcset=\"https:\/\/s2.glbimg.com\/vaJU8QslIcuSO_w3pGVysEaH6oE=\/0x0:1600x1066\/1000x0\/smart\/filters:strip_icc()\/i.s3.glbimg.com\/v1\/AUTH_59edd422c0c84a879bd37670ae4f538a\/internal_photos\/bs\/2023\/B\/b\/XAna5GTUqYeAFA4t8EPQ\/whatsapp-image-2023-04-27-at-17.08.53.jpeg 1000w, https:\/\/s2.glbimg.com\/iLPezFgyggrgZHfVCctreSCXsTY=\/0x0:1600x1066\/984x0\/smart\/filters:strip_icc()\/i.s3.glbimg.com\/v1\/AUTH_59edd422c0c84a879bd37670ae4f538a\/internal_photos\/bs\/2023\/B\/b\/XAna5GTUqYeAFA4t8EPQ\/whatsapp-image-2023-04-27-at-17.08.53.jpeg 984w, https:\/\/s2.glbimg.com\/J-v9NrsgXrg7uCuiXUubub_EkMw=\/0x0:1600x1066\/640x0\/smart\/filters:strip_icc()\/i.s3.glbimg.com\/v1\/AUTH_59edd422c0c84a879bd37670ae4f538a\/internal_photos\/bs\/2023\/B\/b\/XAna5GTUqYeAFA4t8EPQ\/whatsapp-image-2023-04-27-at-17.08.53.jpeg 640w, https:\/\/s2.glbimg.com\/ElIPjWBcGKZtBUOWuvPCC-DyDmw=\/0x0:1600x1066\/600x0\/smart\/filters:strip_icc()\/i.s3.glbimg.com\/v1\/AUTH_59edd422c0c84a879bd37670ae4f538a\/internal_photos\/bs\/2023\/B\/b\/XAna5GTUqYeAFA4t8EPQ\/whatsapp-image-2023-04-27-at-17.08.53.jpeg 600w\" alt=\"Governo da Bahia publica editais para contrata\u00e7\u00e3o de bandas e artistas para festa de S\u00e3o Jo\u00e3o em Salvador \u2014 Foto: Mateus Pereira\/GOVBA\" \/><\/h1>\n<\/div>\n<\/div>\n<div class=\"mc-article-body\">\n<article>\n<div id=\"chunk-a94fp\">\n<div class=\"row medium-uncollapsed content-media content-photo\" data-block-type=\"backstage-photo\" data-block-id=\"1\">\n<div class=\" mc-column  content-media__container\">\n<p class=\"content-media__description  \">Governo da Bahia publica editais para contrata\u00e7\u00e3o de bandas e artistas para festa de S\u00e3o Jo\u00e3o em Salvador \u2014 Foto: Mateus Pereira\/GOVBA<\/p>\n<\/div>\n<\/div>\n<\/div>\n<div id=\"chunk-ao8gq\">\n<div class=\"mc-column content-text active-extra-styles \" data-block-type=\"unstyled\" data-block-weight=\"35\" data-block-id=\"3\">\n<p class=\"content-text__container \" data-track-category=\"Link no Texto\" data-track-links=\"\">O Governo da Bahia publicou, na edi\u00e7\u00e3o do Di\u00e1rio Oficial desta quinta-feira (27), quatro editais referentes ao S\u00e3o Jo\u00e3o e demais festejos juninos, que se realizar\u00e3o nos meses de junho e julho em\u00a0<a class=\"\" href=\"https:\/\/g1.globo.com\/ba\/bahia\/cidade\/salvador\/\">Salvador<\/a>.<\/p>\n<\/div>\n<\/div>\n<div class=\"wall protected-content\">\n<div class=\"mc-column content-text active-extra-styles\" data-block-type=\"raw\" data-block-weight=\"9\" data-block-id=\"4\">\n<p>S\u00e3o editais para a sele\u00e7\u00e3o e contrata\u00e7\u00e3o de bandas e artistas, grupos de samba junino, trios\/quartetos nordestinos, al\u00e9m do edital de decora\u00e7\u00e3o do Centro Hist\u00f3rico da capital baiana.<\/p>\n<\/div>\n<div id=\"chunk-erco7\">\n<div class=\"mc-column content-text active-extra-styles \" data-block-type=\"unstyled\" data-block-weight=\"48\" data-block-id=\"6\">\n<p class=\"content-text__container \" data-track-category=\"Link no Texto\" data-track-links=\"\">O projeto S\u00e3o Jo\u00e3o da Bahia 2023 \u00e9 promovido pelo Governo do Estado, por meio da Superintend\u00eancia de Fomento ao Turismo do Estado da Bahia (Sufotur). Cada edital tem suas particularidades. No entanto, todos t\u00eam inscri\u00e7\u00f5es abertas em 28 de abril at\u00e9 o dia 12 de junho.<\/p>\n<\/div>\n<\/div>\n<div id=\"chunk-6avn7\">\n<div class=\"content-ads content-ads--reveal\" data-block-type=\"ads\" data-block-id=\"7\">\n<div id=\"banner_materia2\" class=\"tag-manager-publicidade-container mc-has-reveal mc-has-ad-lazyload tag-manager-publicidade-banner_materia2 tag-manager-publicidade-container--carregado tag-manager-publicidade-container--visivel\" data-id=\"banner_materia2\" data-google-query-id=\"CLub29b-zP4CFcFQuAQdBqMHqA\">\n<div id=\"google_ads_iframe_\/95377733\/tvg_G1\/Sua_Regiao&gt;Nordeste&gt;Bahia_3__container__\" style=\"box-sizing: inherit; margin: auto; padding: 0px; border: 0pt none; font: inherit; vertical-align: initial; max-width: 100%; text-align: center; width: 970px; height: 250px;\"><img class=\"i-amphtml-fill-content i-amphtml-replaced-content\" src=\"https:\/\/s2.glbimg.com\/-7ws_ZVXVRZnrcQu_LLAwVfZLUg=\/0x0:1600x1066\/984x0\/smart\/filters:strip_icc()\/i.s3.glbimg.com\/v1\/AUTH_59edd422c0c84a879bd37670ae4f538a\/internal_photos\/bs\/2023\/E\/a\/hQ1isIQV6rCvWnlFHFug\/whatsapp-image-2023-04-27-at-17.08.46.jpeg\" sizes=\"(max-width: 1707px) 648px, 100vw\" srcset=\"https:\/\/s2.glbimg.com\/rLK3cvL7k8CgwC_sixeRxCKhaXg=\/0x0:1600x1066\/1000x0\/smart\/filters:strip_icc()\/i.s3.glbimg.com\/v1\/AUTH_59edd422c0c84a879bd37670ae4f538a\/internal_photos\/bs\/2023\/E\/a\/hQ1isIQV6rCvWnlFHFug\/whatsapp-image-2023-04-27-at-17.08.46.jpeg 1000w, https:\/\/s2.glbimg.com\/-7ws_ZVXVRZnrcQu_LLAwVfZLUg=\/0x0:1600x1066\/984x0\/smart\/filters:strip_icc()\/i.s3.glbimg.com\/v1\/AUTH_59edd422c0c84a879bd37670ae4f538a\/internal_photos\/bs\/2023\/E\/a\/hQ1isIQV6rCvWnlFHFug\/whatsapp-image-2023-04-27-at-17.08.46.jpeg 984w, https:\/\/s2.glbimg.com\/SuWctnaCbh5tGxypI3MP9U46WcI=\/0x0:1600x1066\/640x0\/smart\/filters:strip_icc()\/i.s3.glbimg.com\/v1\/AUTH_59edd422c0c84a879bd37670ae4f538a\/internal_photos\/bs\/2023\/E\/a\/hQ1isIQV6rCvWnlFHFug\/whatsapp-image-2023-04-27-at-17.08.46.jpeg 640w, https:\/\/s2.glbimg.com\/4TkpmMstgSKZyo7WEHzwVwhej4Q=\/0x0:1600x1066\/600x0\/smart\/filters:strip_icc()\/i.s3.glbimg.com\/v1\/AUTH_59edd422c0c84a879bd37670ae4f538a\/internal_photos\/bs\/2023\/E\/a\/hQ1isIQV6rCvWnlFHFug\/whatsapp-image-2023-04-27-at-17.08.46.jpeg 600w\" alt=\"Governo da Bahia publica editais para contrata\u00e7\u00e3o de bandas e artistas para festa de S\u00e3o Jo\u00e3o em Salvador \u2014 Foto: Fernando Vivas\/GOVBA \" \/><\/div>\n<\/div>\n<\/div>\n<\/div>\n<div id=\"chunk-4b65k\">\n<div class=\"row medium-uncollapsed content-media content-photo\" data-block-type=\"backstage-photo\" data-block-id=\"8\">\n<div class=\" mc-column  content-media__container\">\n<p>&nbsp;<\/p>\n<p>&nbsp;<\/p>\n<p>&nbsp;<\/p>\n<p class=\"content-media__description  \">Governo da Bahia publica editais para contrata\u00e7\u00e3o de bandas e artistas para festa de S\u00e3o Jo\u00e3o em Salvador \u2014 Foto: Fernando Vivas\/GOVBA<\/p>\n<\/div>\n<\/div>\n<\/div>\n<div id=\"chunk-f655\">\n<div class=\"mc-column content-text active-extra-styles \" data-block-type=\"unstyled\" data-block-weight=\"19\" data-block-id=\"9\">\n<p class=\"content-text__container \" data-track-category=\"Link no Texto\" data-track-links=\"\">O governador Jer\u00f4nimo Rodrigues usou as redes sociais para falar sobre a publica\u00e7\u00e3o do edital, nesta quinta (27).<\/p>\n<\/div>\n<\/div>\n<div id=\"chunk-fngm7\">\n<div class=\"mc-column content-text active-extra-styles \" data-block-type=\"unstyled\" data-block-weight=\"47\" data-block-id=\"10\">\n<p class=\"content-text__container \" data-track-category=\"Link no Texto\" data-track-links=\"\">\u201cTurma do S\u00e3o Jo\u00e3o, que curte e pratica a cultura, estou aqui para anunciar a publica\u00e7\u00e3o de edital para os festejos juninos. Investiremos quase R$ 1,5 milh\u00e3o em quatro editais. Vamos valorizar nossos artistas no maior S\u00e3o Jo\u00e3o de todos os tempos, em homenagem a Zelito Miranda\u201d.<\/p>\n<\/div>\n<\/div>\n<div id=\"chunk-bdull\">\n<div class=\"mc-column content-text active-extra-styles \" data-block-type=\"unstyled\" data-block-weight=\"31\" data-block-id=\"11\">\n<p class=\"content-text__container \" data-track-category=\"Link no Texto\" data-track-links=\"\">Nos editais podem participar pessoas jur\u00eddicas e f\u00edsicas que atendam \u00e0s exig\u00eancias contidas no texto publicado. Somente ser\u00e3o aceitas inscri\u00e7\u00f5es feitas presencialmente e mediante apresenta\u00e7\u00e3o de todos os documentos requisitados.<\/p>\n<\/div>\n<\/div>\n<div id=\"chunk-hh21\">\n<div class=\"mc-column content-text active-extra-styles \" data-block-type=\"unstyled\" data-block-weight=\"44\" data-block-id=\"12\">\n<p class=\"content-text__container \" data-track-category=\"Link no Texto\" data-track-links=\"\">Podem ser feitas com preenchimento de<a class=\"\" href=\"http:\/\/www.sufotur.ba.gov.br\/\" target=\"_blank\" rel=\"noopener\">\u00a0formul\u00e1rio<\/a>, acompanhado da documenta\u00e7\u00e3o de regularidade jur\u00eddico-fiscal e do material art\u00edstico, e entregues no protocolo-geral da Sufotur (3\u00aa Avenida, n\u00ba 390, T\u00e9rreo, CAB), das 8h30 \u00e0s 18h. A divulga\u00e7\u00e3o dos selecionados acontece no dia 14 de junho.<\/p>\n<\/div>\n<\/div>\n<div id=\"chunk-a5l25\">\n<div class=\"mc-column content-text active-extra-styles \" data-block-type=\"unstyled\" data-block-weight=\"34\" data-block-id=\"14\">\n<p class=\"content-text__container \" data-track-category=\"Link no Texto\" data-track-links=\"\">A sele\u00e7\u00e3o tem o objetivo de compor a grade da programa\u00e7\u00e3o art\u00edstica dos eventos realizados e patrocinados pelo estado da Bahia entre os dias 22 de junho e 2 de julho em Salvador.<\/p>\n<\/div>\n<\/div>\n<div id=\"chunk-bsgqb\">\n<div class=\"mc-column content-text active-extra-styles \" data-block-type=\"unstyled\" data-block-weight=\"2\" data-block-id=\"15\">\n<p class=\"content-text__container \" data-track-category=\"Link no Texto\" data-track-links=\"\"><strong>Dos artistas<\/strong><\/p>\n<\/div>\n<\/div>\n<div class=\"mc-column content-text active-extra-styles\" data-block-type=\"raw\" data-block-weight=\"245\" data-block-id=\"16\">\n<ul class=\"content-unordered-list\">\n<li>Pela primeira vez, o Governo da Bahia abre concurso para sele\u00e7\u00e3o e contrata\u00e7\u00e3o de trios ou quartetos nordestinos;<\/li>\n<li>O concurso \u00e9 valido para grupos formados por tr\u00eas ou quatro artistas, executando m\u00fasicas com instrumentos t\u00edpicos (tri\u00e2ngulo, zabumba e sanfona ou viol\u00e3o);<\/li>\n<li>Identificadas popularmente como trios nordestinos, as atra\u00e7\u00f5es fazem parte dos tradicionais festejos juninos, com repert\u00f3rio composto com as matrizes tradicionais\/cancioneiro nordestino, a exemplo do bai\u00e3o, xote, arrasta-p\u00e9, xaxado, coco, forr\u00f3 e toada;<\/li>\n<li>Neste edital, referente a Salvador, ser\u00e3o investidos R$ 255 mil divididos entre 30 atra\u00e7\u00f5es, que recebem R$ 8,5 mil;<\/li>\n<li>Para os grupos de samba junino, o governo investe R$ 250 mil, que ser\u00e3o divididos entre 34 atra\u00e7\u00f5es art\u00edsticas, distribu\u00eddas entre quatro categorias que premiam de R$ 5 mil at\u00e9 R$ 15 mil;<\/li>\n<li>Ser\u00e3o analisados crit\u00e9rios como portf\u00f3lio (release, curr\u00edculo, clipagem, meios de comunica\u00e7\u00e3o diversos); audi\u00e7\u00e3o do material disponibilizado em \u00e1udio (CD) ou v\u00eddeo (DVD) e an\u00e1lise da concep\u00e7\u00e3o art\u00edstica do candidato, envolvendo performance no palco, figurino, empatia com o p\u00fablico e produ\u00e7\u00e3o geral;<\/li>\n<li>Para bandas e artistas, no material para inscri\u00e7\u00e3o, \u00e9 necess\u00e1rio conter release, material fonogr\u00e1fico, por meio de pen-drive, CD, DVD ou links de plataformas digitais, fotos durante apresenta\u00e7\u00f5es anteriormente realizadas e, quando poss\u00edvel, registro audiovisual e recortes de jornais, revistas, clipagem de sites e outros meios que possam comprovar a atua\u00e7\u00e3o do artista;<\/li>\n<li>Ao todo, neste edital, ser\u00e3o investidos R$ 400 mil, divididos entre 34 atra\u00e7\u00f5es, em quatro categorias que recebem de R$ 5 mil a R$ 15 mil.<\/li>\n<\/ul>\n<\/div>\n<div id=\"chunk-ei6ec\">\n<div class=\"content-ads content-ads--reveal\" data-block-type=\"ads\" data-block-id=\"17\"><\/div>\n<\/div>\n<div class=\"mc-column content-text active-extra-styles\" data-block-type=\"raw\" data-block-weight=\"2\" data-block-id=\"18\">\n<div class=\"content-intertitle\">\n<h2>Da decora\u00e7\u00e3o<\/h2>\n<\/div>\n<\/div>\n<div data-track-category=\"multicontent\" data-track-action=\"ultimo chunk conteudo\" data-track-noninteraction=\"false\" data-track-scroll=\"view\">\n<div class=\"mc-column content-text active-extra-styles\" data-block-type=\"raw\" data-block-weight=\"115\" data-block-id=\"19\">\n<ul class=\"content-unordered-list\">\n<li>Para o concurso de decora\u00e7\u00e3o do Centro Hist\u00f3rico de Salvador, o Governo do Estado disponibiliza R$ 500 mil;<\/li>\n<li>A proposta deve conter a planta situacional da \u00e1rea decorada, com a distribui\u00e7\u00e3o das pe\u00e7as decorativas; detalhamento das pe\u00e7as decorativas individualmente e perspectiva de cada tipo de pe\u00e7a decorativa no local onde ser\u00e1 fixada;<\/li>\n<li>Ser\u00e3o avaliados crit\u00e9rios como: est\u00e9tica junina (decora\u00e7\u00e3o que estiver reproduzindo a cultura t\u00edpica e clima de S\u00e3o Jo\u00e3o. Ex.: bandeirolas, bal\u00f5es, fogueira, milho e bonecos caipiras), originalidade, criatividade e inova\u00e7\u00e3o (capacidade inventiva e de ineditismo da proposta, a originalidade e a utiliza\u00e7\u00e3o de materiais inusitados na composi\u00e7\u00e3o da ornamenta\u00e7\u00e3o, bem como a criatividade no emprego de tais materiais em torno do tema junino).<\/li>\n<\/ul>\n<\/div>\n<\/div>\n<\/div>\n<\/article>\n<\/div>\n","protected":false},"excerpt":{"rendered":"<p>Edital de decora\u00e7\u00e3o do Centro Hist\u00f3rico da capital baiana tamb\u00e9m foi lan\u00e7ado. Governo da Bahia publica editais para contrata\u00e7\u00e3o de bandas e artistas para festa de S\u00e3o Jo\u00e3o em Salvador \u2014 Foto: Mateus Pereira\/GOVBA O Governo da Bahia publicou, na edi\u00e7\u00e3o do Di\u00e1rio Oficial desta quinta-feira (27), quatro editais referentes ao S\u00e3o Jo\u00e3o e demais [&hellip;]<\/p>\n","protected":false},"author":2,"featured_media":0,"comment_status":"open","ping_status":"open","sticky":false,"template":"","format":"standard","meta":{"_links_to":"","_links_to_target":""},"categories":[7,9,8,1],"tags":[],"_links":{"self":[{"href":"https:\/\/www.ilheusnoticias.net.br\/v1\/wp-json\/wp\/v2\/posts\/31700"}],"collection":[{"href":"https:\/\/www.ilheusnoticias.net.br\/v1\/wp-json\/wp\/v2\/posts"}],"about":[{"href":"https:\/\/www.ilheusnoticias.net.br\/v1\/wp-json\/wp\/v2\/types\/post"}],"author":[{"embeddable":true,"href":"https:\/\/www.ilheusnoticias.net.br\/v1\/wp-json\/wp\/v2\/users\/2"}],"replies":[{"embeddable":true,"href":"https:\/\/www.ilheusnoticias.net.br\/v1\/wp-json\/wp\/v2\/comments?post=31700"}],"version-history":[{"count":1,"href":"https:\/\/www.ilheusnoticias.net.br\/v1\/wp-json\/wp\/v2\/posts\/31700\/revisions"}],"predecessor-version":[{"id":31701,"href":"https:\/\/www.ilheusnoticias.net.br\/v1\/wp-json\/wp\/v2\/posts\/31700\/revisions\/31701"}],"wp:attachment":[{"href":"https:\/\/www.ilheusnoticias.net.br\/v1\/wp-json\/wp\/v2\/media?parent=31700"}],"wp:term":[{"taxonomy":"category","embeddable":true,"href":"https:\/\/www.ilheusnoticias.net.br\/v1\/wp-json\/wp\/v2\/categories?post=31700"},{"taxonomy":"post_tag","embeddable":true,"href":"https:\/\/www.ilheusnoticias.net.br\/v1\/wp-json\/wp\/v2\/tags?post=31700"}],"curies":[{"name":"wp","href":"https:\/\/api.w.org\/{rel}","templated":true}]}}