{"id":31698,"date":"2023-04-28T13:23:57","date_gmt":"2023-04-28T16:23:57","guid":{"rendered":"https:\/\/www.ilheusnoticias.net.br\/v1\/?p=31698"},"modified":"2023-04-28T13:23:57","modified_gmt":"2023-04-28T16:23:57","slug":"caso-lucas-terra-pastores-sao-condenados-a-21-anos-de-prisao-por-matar-e-queimar-corpo-de-adolescente","status":"publish","type":"post","link":"https:\/\/www.ilheusnoticias.net.br\/v1\/2023\/04\/28\/caso-lucas-terra-pastores-sao-condenados-a-21-anos-de-prisao-por-matar-e-queimar-corpo-de-adolescente\/","title":{"rendered":"Caso Lucas Terra: pastores s\u00e3o condenados a 21 anos de pris\u00e3o por matar e queimar corpo de adolescente"},"content":{"rendered":"<div class=\"row content-head non-featured \">\n<div class=\"title\" data-block-type=\"title\" data-block-id=\"0\">\n<h1 class=\"content-head__title\"><span style=\"font-size: 16px;\">Adolescente foi queimado vivo e teve corpo abandonado em terreno baldio da capital baiana em 2001.<\/span><\/h1>\n<\/div>\n<\/div>\n<div class=\"content__signa-share\">\n<div class=\"content__signature\">\n<div class=\"content-publication-data\">\n<div class=\"content-publication-data__text\">\n<p class=\"content-publication-data__updated\"><img class=\"content-video__placeholder__thumb\" title=\"Caso Lucas Terra: fam\u00edlia comemora resultado do julgamento ap\u00f3s 22 anos de espera\" src=\"https:\/\/s01.video.glbimg.com\/x240\/11572716.jpg\" alt=\"Caso Lucas Terra: fam\u00edlia comemora resultado do julgamento ap\u00f3s 22 anos de espera\" \/><\/p>\n<\/div>\n<\/div>\n<\/div>\n<\/div>\n<div class=\"mc-article-body\">\n<article>\n<div id=\"chunk-201fo\">\n<div class=\"bs-video-block mc-column  content-media content-video\" data-block-type=\"backstage-video\" data-block-id=\"1\">\n<div class=\"content-media__container\">\n<p class=\"content-media__description\">Caso Lucas Terra: fam\u00edlia comemora resultado do julgamento ap\u00f3s 22 anos de espera.<\/p>\n<\/div>\n<\/div>\n<\/div>\n<div id=\"chunk-dnt82\">\n<div class=\"mc-column content-text active-extra-styles \" data-block-type=\"unstyled\" data-block-weight=\"59\" data-block-id=\"3\">\n<p class=\"content-text__container \" data-track-category=\"Link no Texto\" data-track-links=\"\">Os pastores Joel Miranda e Fernando Aparecido da Silva foram condenados a 21 anos de pris\u00e3o em regime fechado, pela morte do adolescente Lucas Terra, que foi queimado vivo e teve o corpo abandonado em um terreno baldio da capital baiana em 2001. A senten\u00e7a, que cabe recurso, foi proferida pela ju\u00edza Andr\u00e9ia Sarmento \u00e0s 21h30, desta quinta-feira (27).<\/p>\n<\/div>\n<\/div>\n<div class=\"wall protected-content\">\n<div id=\"chunk-aibhn\">\n<div class=\"mc-column content-text active-extra-styles \" data-block-type=\"unstyled\" data-block-weight=\"3\" data-block-id=\"4\">\n<p class=\"content-text__container \" data-track-category=\"Link no Texto\" data-track-links=\"\"><strong>Confira as penas:<\/strong><\/p>\n<\/div>\n<\/div>\n<div class=\"mc-column content-text active-extra-styles\" data-block-type=\"raw\" data-block-weight=\"24\" data-block-id=\"5\">\n<ul class=\"content-unordered-list\">\n<li><strong>Fernando Aparecido da Silva:\u00a0<\/strong>18 anos de reclus\u00e3o, agravada para 21 anos de pris\u00e3o;<\/li>\n<li><strong>Joel Miranda:<\/strong>\u00a018 anos de pris\u00e3o, agravada em 21 anos.<\/li>\n<\/ul>\n<\/div>\n<div id=\"chunk-c8vb0\">\n<div class=\"mc-column content-text active-extra-styles \" data-block-type=\"unstyled\" data-block-weight=\"56\" data-block-id=\"6\">\n<p class=\"content-text__container \" data-track-category=\"Link no Texto\" data-track-links=\"\">Lucas Terra foi queimado vivo em 2001 e, 22 anos ap\u00f3s o homic\u00eddio, os pastores\u00a0<strong>Joel Miranda\u00a0<\/strong>e\u00a0<strong>Fernando Aparecido da Silva<\/strong> foram julgados pelos crimes de homic\u00eddio triplamente qualificado e oculta\u00e7\u00e3o de cad\u00e1ver. Os tr\u00eas agravantes para o homic\u00eddio s\u00e3o: o motivo torpe, o emprego do meio cruel e a impossibilidade de defesa da v\u00edtima.<\/p>\n<\/div>\n<\/div>\n<div id=\"chunk-cmbj\">\n<div class=\"mc-column content-text active-extra-styles \" data-block-type=\"unstyled\" data-block-weight=\"41\" data-block-id=\"8\">\n<p class=\"content-text__container \" data-track-category=\"Link no Texto\" data-track-links=\"\">O adolescente tinha 14 anos.\u00a0<span class=\"highlight highlighted\">Ele tamb\u00e9m teria sido estuprado pelos pastores\u00a0<\/span>Joel Miranda e Fernando Aparecido da Silva, ap\u00f3s flagrar uma rela\u00e7\u00e3o sexual entre os dois, dentro de um templo da Igreja Universal do Reino de Deus, na capital baiana.<\/p>\n<\/div>\n<\/div>\n<div id=\"chunk-fi238\">\n<div class=\"row medium-uncollapsed content-media content-photo\" data-block-type=\"backstage-photo\" data-block-id=\"9\">\n<div class=\" mc-column  content-media__container\">\n<div class=\"content-media-container glb-skeleton-box\">\n<figure class=\"content-media-figure\"><img class=\"i-amphtml-fill-content i-amphtml-replaced-content\" src=\"https:\/\/s2.glbimg.com\/o3oTXb5wUKg72ruCoFaRWUJ5XiE=\/0x0:1920x1080\/984x0\/smart\/filters:strip_icc()\/i.s3.glbimg.com\/v1\/AUTH_59edd422c0c84a879bd37670ae4f538a\/internal_photos\/bs\/2023\/y\/f\/QriLUmTwu5AqB9O7r2xw\/g1-lucas-terra-3.jpg\" sizes=\"(max-width: 1707px) 648px, 100vw\" srcset=\"https:\/\/s2.glbimg.com\/PwNdwq_D-Sgq4sV9T0QsCuzY6Hs=\/0x0:1920x1080\/1000x0\/smart\/filters:strip_icc()\/i.s3.glbimg.com\/v1\/AUTH_59edd422c0c84a879bd37670ae4f538a\/internal_photos\/bs\/2023\/y\/f\/QriLUmTwu5AqB9O7r2xw\/g1-lucas-terra-3.jpg 1000w, https:\/\/s2.glbimg.com\/o3oTXb5wUKg72ruCoFaRWUJ5XiE=\/0x0:1920x1080\/984x0\/smart\/filters:strip_icc()\/i.s3.glbimg.com\/v1\/AUTH_59edd422c0c84a879bd37670ae4f538a\/internal_photos\/bs\/2023\/y\/f\/QriLUmTwu5AqB9O7r2xw\/g1-lucas-terra-3.jpg 984w, https:\/\/s2.glbimg.com\/QFbZnALdtINFAXYm9pocmvS7zQw=\/0x0:1920x1080\/640x0\/smart\/filters:strip_icc()\/i.s3.glbimg.com\/v1\/AUTH_59edd422c0c84a879bd37670ae4f538a\/internal_photos\/bs\/2023\/y\/f\/QriLUmTwu5AqB9O7r2xw\/g1-lucas-terra-3.jpg 640w, https:\/\/s2.glbimg.com\/y9V1buzVTnRUgdCy-lggkl1om_g=\/0x0:1920x1080\/600x0\/smart\/filters:strip_icc()\/i.s3.glbimg.com\/v1\/AUTH_59edd422c0c84a879bd37670ae4f538a\/internal_photos\/bs\/2023\/y\/f\/QriLUmTwu5AqB9O7r2xw\/g1-lucas-terra-3.jpg 600w\" alt=\"Lucas Terra \u2014 Foto: Reprodu\u00e7\u00e3o\/TV Bahia\" \/><\/figure>\n<\/div>\n<p class=\"content-media__description  \">Lucas Terra \u2014 Foto: Reprodu\u00e7\u00e3o\/TV Bahia<\/p>\n<\/div>\n<\/div>\n<\/div>\n<div id=\"chunk-an1mh\">\n<div class=\"mc-column content-text active-extra-styles \" data-block-type=\"unstyled\" data-block-weight=\"45\" data-block-id=\"10\">\n<p class=\"content-text__container \" data-track-category=\"Link no Texto\" data-track-links=\"\">Durante a tarde e a noite desta quinta, os promotores de Justi\u00e7a e os advogados de defesa dos pastores Joel Miranda e Fernando Aparecido da Silva, participaram da\u00a0<a class=\"\" href=\"https:\/\/g1.globo.com\/ba\/bahia\/noticia\/2023\/04\/27\/caso-lucas-terra-acusacao-e-defesa-debatem-no-terceiro-dia-de-juri-popular-em-salvador.ghtml\">fase de debate<\/a>. Cada um deles buscou convencer os jurados do Conselho de Senten\u00e7a, por 2h30.<\/p>\n<\/div>\n<\/div>\n<div id=\"chunk-54g9f\">\n<div class=\"mc-column content-text active-extra-styles \" data-block-type=\"unstyled\" data-block-weight=\"25\" data-block-id=\"11\">\n<p class=\"content-text__container \" data-track-category=\"Link no Texto\" data-track-links=\"\">Depois, os representantes do\u00a0<a class=\"\" href=\"https:\/\/g1.globo.com\/ba\/bahia\/noticia\/2023\/04\/27\/ministerio-publico-opta-por-nao-pedir-replica-e-previsao-e-de-que-resultado-do-juri-popular-do-caso-lucas-terra-saia-nas-proximas-horas.ghtml\">Minist\u00e9rio P\u00fablico da Bahia (MP-BA) optaram por n\u00e3o pedir a r\u00e9plica<\/a> e os jurados se reuniram na sala especial para vota\u00e7\u00e3o.<\/p>\n<\/div>\n<\/div>\n<div class=\"mc-column content-text active-extra-styles\" data-block-type=\"raw\" data-block-weight=\"24\" data-block-id=\"13\">\n<p>Pela manh\u00e3, os pastores Joel Miranda e Fernando Aparecido da Silva foram ouvidos por cerca de 5 horas.<\/p>\n<\/div>\n<div id=\"chunk-1b78\">\n<div class=\"mc-column content-text active-extra-styles \" data-block-type=\"unstyled\" data-block-weight=\"40\" data-block-id=\"15\">\n<p class=\"content-text__container \" data-track-category=\"Link no Texto\" data-track-links=\"\">Durante todo o dia, a m\u00e3e do adolescente, Marion Terra, acompanhou o julgamento e se emocionou por diversas vezes. No momento da explana\u00e7\u00e3o da defesa, ela saiu do Sal\u00e3o Principal e ficou sentada com os outros dois filhos e familiares.<\/p>\n<\/div>\n<\/div>\n<div id=\"chunk-cfobu\">\n<div class=\"mc-column content-text active-extra-styles \" data-block-type=\"unstyled\" data-block-weight=\"20\" data-block-id=\"16\">\n<p class=\"content-text__container \" data-track-category=\"Link no Texto\" data-track-links=\"\">O\u00a0<a class=\"\" href=\"https:\/\/g1.globo.com\/ba\/bahia\/\">g1<\/a> entrou em contato com a defesa dos pastores, mas n\u00e3o foi atendido at\u00e9 a \u00faltima atualiza\u00e7\u00e3o desta reportagem.<\/p>\n<\/div>\n<\/div>\n<div class=\"mc-column content-text active-extra-styles\" data-block-type=\"raw\" data-block-weight=\"2\" data-block-id=\"17\">\n<div class=\"content-intertitle\">\n<h2>J\u00fari popular<\/h2>\n<\/div>\n<\/div>\n<div id=\"chunk-f4cdj\">\n<div class=\"mc-column content-text active-extra-styles \" data-block-type=\"unstyled\" data-block-weight=\"48\" data-block-id=\"18\">\n<p class=\"content-text__container \" data-track-category=\"Link no Texto\" data-track-links=\"\">No primeiro dia do j\u00fari, cinco testemunhas de acusa\u00e7\u00e3o e uma de defesa foram ouvidas. Segundo um dos advogados de acusa\u00e7\u00e3o, Jorge Fonseca, a testemunha de defesa apresentou contradi\u00e7\u00e3o na fala. Por isso, os advogados de acusa\u00e7\u00e3o pediram acarea\u00e7\u00e3o, ou seja, que a testemunha prestasse depoimento novamente.<\/p>\n<\/div>\n<\/div>\n<div id=\"chunk-4r3jg\">\n<div class=\"mc-column content-text active-extra-styles \" data-block-type=\"unstyled\" data-block-weight=\"28\" data-block-id=\"19\">\n<p class=\"content-text__container \" data-track-category=\"Link no Texto\" data-track-links=\"\">&#8220;Verificamos inconsist\u00eancias nos depoimentos de algumas testemunhas com o dele, ent\u00e3o a acarea\u00e7\u00e3o serve para p\u00f4r em cheque e esclarecer o depoimento&#8221;, explicou o advogado Jorge Fonseca.<\/p>\n<\/div>\n<\/div>\n<div id=\"chunk-91nlv\">\n<div class=\"mc-column content-text active-extra-styles \" data-block-type=\"unstyled\" data-block-weight=\"54\" data-block-id=\"20\">\n<p class=\"content-text__container \" data-track-category=\"Link no Texto\" data-track-links=\"\">Entre as testemunhas de acusa\u00e7\u00e3o ouvidas no primeiro dia, estava a m\u00e3e da v\u00edtima, Marion Terra, que se emocionou bastante durante o depoimento. Por ter sido testemunha na ter\u00e7a (25), Marion n\u00e3o p\u00f4de participar do segundo dia do j\u00fari. Ela esteve no F\u00f3rum Ruy Barbosa na quarta, mas foi embora antes da sess\u00e3o come\u00e7ar.<\/p>\n<\/div>\n<\/div>\n<div id=\"chunk-278if\">\n<div class=\"mc-column content-text active-extra-styles \" data-block-type=\"unstyled\" data-block-weight=\"47\" data-block-id=\"22\">\n<p class=\"content-text__container \" data-track-category=\"Link no Texto\" data-track-links=\"\">Al\u00e9m de Marion, outras testemunhas deram seus depoimentos. Uma das testemunhas afirmou que viu Lucas na noite em que ele desapareceu, na Igreja Universal do Reino de Deus (IURD), no bairro da Santa Cruz, e recebeu da v\u00edtima a informa\u00e7\u00e3o de que ele estaria com Silvio Galiza.<\/p>\n<\/div>\n<\/div>\n<div id=\"chunk-7pnm1\">\n<div class=\"mc-column content-text active-extra-styles \" data-block-type=\"unstyled\" data-block-weight=\"28\" data-block-id=\"24\">\n<p class=\"content-text__container \" data-track-category=\"Link no Texto\" data-track-links=\"\">Outra testemunha disse que recebeu orienta\u00e7\u00e3o de um pastor da IURD para suspender as buscas por Lucas Terra, que eram feitas por familiares e amigos, de modo independente.<\/p>\n<\/div>\n<\/div>\n<div id=\"chunk-51g0r\">\n<div class=\"mc-column content-text active-extra-styles \" data-block-type=\"unstyled\" data-block-weight=\"42\" data-block-id=\"25\">\n<p class=\"content-text__container \" data-track-category=\"Link no Texto\" data-track-links=\"\">No segundo dia do j\u00fari, que durou cerca de 10 horas, as\u00a0<a class=\"\" href=\"https:\/\/g1.globo.com\/ba\/bahia\/noticia\/2023\/04\/25\/caso-lucas-terra-antes-de-morrer-pai-de-garoto-que-foi-queimado-vivo-escreveu-livro-e-rodou-o-mundo-em-busca-de-justica.ghtml\">e<\/a><a class=\"\" href=\"https:\/\/g1.globo.com\/ba\/bahia\/noticia\/2023\/04\/25\/caso-lucas-terra-antes-de-morrer-pai-de-garoto-que-foi-queimado-vivo-escreveu-livro-e-rodou-o-mundo-em-busca-de-justica.ghtml\">sposas dos dois pastores testemunharam a favor dos r\u00e9us.<\/a>\u00a0A advogada de acusa\u00e7\u00e3o, Tuane Sande,\u00a0<a class=\"\" href=\"https:\/\/g1.globo.com\/ba\/bahia\/noticia\/2023\/04\/27\/caso-lucas-terra-advogada-de-acusacao.ghtml\">disse que foram encontradas contradi\u00e7\u00f5es\u00a0<\/a>no depoimento da companheira do pastor Fernando Aparecido da Silva:<\/p>\n<\/div>\n<\/div>\n<div class=\"mc-column content-text active-extra-styles\" data-block-type=\"raw\" data-block-weight=\"45\" data-block-id=\"26\">\n<ul class=\"content-unordered-list\">\n<li>as contradi\u00e7\u00f5es foram identificadas quando a esposa de Fernando Aparecido da Silva teria dito que havia encontrado com Lucas Terra em Copacabana, no Rio de Janeiro;<\/li>\n<li>entretanto, nos autos do processo, constam que ela n\u00e3o se lembrava se j\u00e1 tinha tido contato com o adolescente.<\/li>\n<\/ul>\n<\/div>\n<div id=\"chunk-6e8sg\">\n<div class=\"row medium-uncollapsed content-media content-photo\" data-block-type=\"backstage-photo\" data-block-id=\"27\">\n<div class=\" mc-column  content-media__container\">\n<div class=\"content-media-container glb-skeleton-box\">\n<figure class=\"content-media-figure\"><img class=\"i-amphtml-fill-content i-amphtml-replaced-content\" src=\"https:\/\/s2.glbimg.com\/hFFtI_Qd0eILLdhOeko1GKYX7A8=\/0x0:1920x1080\/984x0\/smart\/filters:strip_icc()\/i.s3.glbimg.com\/v1\/AUTH_59edd422c0c84a879bd37670ae4f538a\/internal_photos\/bs\/2023\/7\/f\/PWAdA4SB23JCASefFNcw\/g1-lucas-terra.jpg\" sizes=\"(max-width: 1707px) 648px, 100vw\" srcset=\"https:\/\/s2.glbimg.com\/YG1miLib5Edrmuu6UCeYfFXjao8=\/0x0:1920x1080\/1000x0\/smart\/filters:strip_icc()\/i.s3.glbimg.com\/v1\/AUTH_59edd422c0c84a879bd37670ae4f538a\/internal_photos\/bs\/2023\/7\/f\/PWAdA4SB23JCASefFNcw\/g1-lucas-terra.jpg 1000w, https:\/\/s2.glbimg.com\/hFFtI_Qd0eILLdhOeko1GKYX7A8=\/0x0:1920x1080\/984x0\/smart\/filters:strip_icc()\/i.s3.glbimg.com\/v1\/AUTH_59edd422c0c84a879bd37670ae4f538a\/internal_photos\/bs\/2023\/7\/f\/PWAdA4SB23JCASefFNcw\/g1-lucas-terra.jpg 984w, https:\/\/s2.glbimg.com\/gmU3Jiw2OggxAkjxADSLwsbk9mM=\/0x0:1920x1080\/640x0\/smart\/filters:strip_icc()\/i.s3.glbimg.com\/v1\/AUTH_59edd422c0c84a879bd37670ae4f538a\/internal_photos\/bs\/2023\/7\/f\/PWAdA4SB23JCASefFNcw\/g1-lucas-terra.jpg 640w, https:\/\/s2.glbimg.com\/-9XUszwTcnWL8jTvQRtS7KXuqfI=\/0x0:1920x1080\/600x0\/smart\/filters:strip_icc()\/i.s3.glbimg.com\/v1\/AUTH_59edd422c0c84a879bd37670ae4f538a\/internal_photos\/bs\/2023\/7\/f\/PWAdA4SB23JCASefFNcw\/g1-lucas-terra.jpg 600w\" alt=\"Lucas Terra  \u2014 Foto: Reprodu\u00e7\u00e3o\/TV Bahia\" \/><\/figure>\n<\/div>\n<p class=\"content-media__description  \">Lucas Terra \u2014 Foto: Reprodu\u00e7\u00e3o\/TV Bahia<\/p>\n<\/div>\n<\/div>\n<\/div>\n<div id=\"chunk-43vjm\">\n<div class=\"content-ads content-ads--reveal\" data-block-type=\"ads\" data-block-id=\"28\">\n<div id=\"banner_materia__32520fe2-e146-47c1-9a69-c78637c5ab4a\" class=\"tag-manager-publicidade-container mc-has-reveal mc-has-ad-lazyload tag-manager-publicidade-banner_materia__32520fe2-e146-47c1-9a69-c78637c5ab4a tag-manager-publicidade-container--carregado tag-manager-publicidade-container--visivel\" data-id=\"banner_materia__32520fe2-e146-47c1-9a69-c78637c5ab4a\" data-google-query-id=\"CIu0xeP9zP4CFfxNuAQd3HsLWQ\">\n<div id=\"google_ads_iframe_\/95377733\/tvg_G1\/Sua_Regiao&gt;Nordeste&gt;Bahia_6__container__\" style=\"box-sizing: inherit; margin: auto; padding: 0px; border: 0pt none; font: inherit; vertical-align: initial; max-width: 100%; text-align: center; width: 970px; height: 150px;\"><iframe loading=\"lazy\" id=\"google_ads_iframe_\/95377733\/tvg_G1\/Sua_Regiao&gt;Nordeste&gt;Bahia_6\" style=\"box-sizing: inherit; margin: 0px; padding: 0px; border: 0px; font: inherit; vertical-align: bottom;\" tabindex=\"0\" title=\"3rd party ad content\" role=\"region\" src=\"https:\/\/7225669659678562703e92daefec0126.safeframe.googlesyndication.com\/safeframe\/1-0-40\/html\/container.html\" name=\"\" width=\"970\" height=\"150\" frameborder=\"0\" marginwidth=\"0\" marginheight=\"0\" scrolling=\"no\" sandbox=\"allow-forms allow-popups allow-popups-to-escape-sandbox allow-same-origin allow-scripts allow-top-navigation-by-user-activation\" data-is-safeframe=\"true\" aria-label=\"Advertisement\" data-google-container-id=\"8\" data-load-complete=\"true\" data-mce-fragment=\"1\"><\/iframe><\/div>\n<\/div>\n<\/div>\n<\/div>\n<div id=\"chunk-elnoo\">\n<div class=\"mc-column content-text active-extra-styles \" data-block-type=\"unstyled\" data-block-weight=\"18\" data-block-id=\"29\">\n<p class=\"content-text__container \" data-track-category=\"Link no Texto\" data-track-links=\"\">Nove das 10 testemunhas de acusa\u00e7\u00e3o foram ouvidas &#8211; uma delas j\u00e1 havia prestado depoimento na ter\u00e7a.<\/p>\n<\/div>\n<\/div>\n<div id=\"chunk-79hgs\">\n<div class=\"mc-column content-text active-extra-styles \" data-block-type=\"unstyled\" data-block-weight=\"28\" data-block-id=\"30\">\n<p class=\"content-text__container \" data-track-category=\"Link no Texto\" data-track-links=\"\">A defesa dos r\u00e9us focou em demonstrar como era a rotina dos pastores Joel Miranda e Fernando Aparecido na semana que Lucas desapareceu e foi encontrado morto.<\/p>\n<\/div>\n<\/div>\n<div id=\"chunk-bq854\">\n<div class=\"mc-column content-text active-extra-styles \" data-block-type=\"unstyled\" data-block-weight=\"27\" data-block-id=\"31\">\n<p class=\"content-text__container \" data-track-category=\"Link no Texto\" data-track-links=\"\">As esposas dos dois religiosos contaram que estavam com os r\u00e9us no dia em que Lucas teria desaparecido, na noite de 21 de mar\u00e7o de 2001.<\/p>\n<\/div>\n<\/div>\n<div id=\"chunk-6sm3f\">\n<div class=\"mc-column content-text active-extra-styles \" data-block-type=\"unstyled\" data-block-weight=\"37\" data-block-id=\"32\">\n<p class=\"content-text__container \" data-track-category=\"Link no Texto\" data-track-links=\"\">Al\u00e9m disso, um bispo e dois pastores da Igreja Universal foram ouvidos e contaram que Lucas era um jovem dedicado a religi\u00e3o e que os fi\u00e9is da igreja se comprometerem a procurar por ele ap\u00f3s o desaparecimento.<\/p>\n<\/div>\n<\/div>\n<\/div>\n<\/article>\n<\/div>\n","protected":false},"excerpt":{"rendered":"<p>Adolescente foi queimado vivo e teve corpo abandonado em terreno baldio da capital baiana em 2001. Caso Lucas Terra: fam\u00edlia comemora resultado do julgamento ap\u00f3s 22 anos de espera. Os pastores Joel Miranda e Fernando Aparecido da Silva foram condenados a 21 anos de pris\u00e3o em regime fechado, pela morte do adolescente Lucas Terra, que [&hellip;]<\/p>\n","protected":false},"author":2,"featured_media":0,"comment_status":"open","ping_status":"open","sticky":false,"template":"","format":"standard","meta":{"_links_to":"","_links_to_target":""},"categories":[7,9,8,1],"tags":[],"_links":{"self":[{"href":"https:\/\/www.ilheusnoticias.net.br\/v1\/wp-json\/wp\/v2\/posts\/31698"}],"collection":[{"href":"https:\/\/www.ilheusnoticias.net.br\/v1\/wp-json\/wp\/v2\/posts"}],"about":[{"href":"https:\/\/www.ilheusnoticias.net.br\/v1\/wp-json\/wp\/v2\/types\/post"}],"author":[{"embeddable":true,"href":"https:\/\/www.ilheusnoticias.net.br\/v1\/wp-json\/wp\/v2\/users\/2"}],"replies":[{"embeddable":true,"href":"https:\/\/www.ilheusnoticias.net.br\/v1\/wp-json\/wp\/v2\/comments?post=31698"}],"version-history":[{"count":1,"href":"https:\/\/www.ilheusnoticias.net.br\/v1\/wp-json\/wp\/v2\/posts\/31698\/revisions"}],"predecessor-version":[{"id":31699,"href":"https:\/\/www.ilheusnoticias.net.br\/v1\/wp-json\/wp\/v2\/posts\/31698\/revisions\/31699"}],"wp:attachment":[{"href":"https:\/\/www.ilheusnoticias.net.br\/v1\/wp-json\/wp\/v2\/media?parent=31698"}],"wp:term":[{"taxonomy":"category","embeddable":true,"href":"https:\/\/www.ilheusnoticias.net.br\/v1\/wp-json\/wp\/v2\/categories?post=31698"},{"taxonomy":"post_tag","embeddable":true,"href":"https:\/\/www.ilheusnoticias.net.br\/v1\/wp-json\/wp\/v2\/tags?post=31698"}],"curies":[{"name":"wp","href":"https:\/\/api.w.org\/{rel}","templated":true}]}}