{"id":31696,"date":"2023-04-28T13:18:57","date_gmt":"2023-04-28T16:18:57","guid":{"rendered":"https:\/\/www.ilheusnoticias.net.br\/v1\/?p=31696"},"modified":"2023-04-28T13:18:57","modified_gmt":"2023-04-28T16:18:57","slug":"lula-levanta-faixa-contra-marco-temporal-e-diz-que-vai-demarcar-maior-numero-possivel-de-terras-indigenas","status":"publish","type":"post","link":"https:\/\/www.ilheusnoticias.net.br\/v1\/2023\/04\/28\/lula-levanta-faixa-contra-marco-temporal-e-diz-que-vai-demarcar-maior-numero-possivel-de-terras-indigenas\/","title":{"rendered":"Lula levanta faixa contra marco temporal e diz que vai demarcar &#8216;maior n\u00famero poss\u00edvel de terras ind\u00edgenas&#8217;"},"content":{"rendered":"<div class=\"row content-head non-featured \">\n<div class=\"title\" data-block-type=\"title\" data-block-id=\"0\">\n<h1 class=\"content-head__title\"><span style=\"font-size: 16px;\">Presidente assinou decretos de demarca\u00e7\u00e3o de seis \u00e1reas nesta sexta-feira (28), durante encerramento do acampamento Terra Livre. Tamb\u00e9m prometeu melhorar plano de carreira da Funai.<\/span><\/h1>\n<\/div>\n<\/div>\n<div class=\"content__signa-share\">\n<div class=\"content__signature\">\n<div class=\"content-publication-data\">\n<div class=\"content-publication-data__text\">\n<p class=\"content-publication-data__from\" title=\"Guilherme Mazui, Beatriz Borges e Kellen Barreto, g1 e TV Globo\"><img class=\"i-amphtml-fill-content i-amphtml-replaced-content\" src=\"https:\/\/s2.glbimg.com\/SfFthAsRX4wjey_UU9SzGbyCPlY=\/0x0:1920x1080\/984x0\/smart\/filters:strip_icc()\/i.s3.glbimg.com\/v1\/AUTH_59edd422c0c84a879bd37670ae4f538a\/internal_photos\/bs\/2023\/2\/0\/3G3GufQqqvM7dzlEaWag\/h1000-lula-indios-1-28042023-frame-193484.jpeg\" sizes=\"(max-width: 1707px) 648px, 100vw\" srcset=\"https:\/\/s2.glbimg.com\/Gjud2UMmjGc5ejHNH9wnWQ_PnPY=\/0x0:1920x1080\/1000x0\/smart\/filters:strip_icc()\/i.s3.glbimg.com\/v1\/AUTH_59edd422c0c84a879bd37670ae4f538a\/internal_photos\/bs\/2023\/2\/0\/3G3GufQqqvM7dzlEaWag\/h1000-lula-indios-1-28042023-frame-193484.jpeg 1000w, https:\/\/s2.glbimg.com\/SfFthAsRX4wjey_UU9SzGbyCPlY=\/0x0:1920x1080\/984x0\/smart\/filters:strip_icc()\/i.s3.glbimg.com\/v1\/AUTH_59edd422c0c84a879bd37670ae4f538a\/internal_photos\/bs\/2023\/2\/0\/3G3GufQqqvM7dzlEaWag\/h1000-lula-indios-1-28042023-frame-193484.jpeg 984w, https:\/\/s2.glbimg.com\/iL5vRJWVTq2bZD3fcpNZ0a_HjlI=\/0x0:1920x1080\/640x0\/smart\/filters:strip_icc()\/i.s3.glbimg.com\/v1\/AUTH_59edd422c0c84a879bd37670ae4f538a\/internal_photos\/bs\/2023\/2\/0\/3G3GufQqqvM7dzlEaWag\/h1000-lula-indios-1-28042023-frame-193484.jpeg 640w, https:\/\/s2.glbimg.com\/xEgdZhkF77NrKxLysTOsa4lgTWA=\/0x0:1920x1080\/600x0\/smart\/filters:strip_icc()\/i.s3.glbimg.com\/v1\/AUTH_59edd422c0c84a879bd37670ae4f538a\/internal_photos\/bs\/2023\/2\/0\/3G3GufQqqvM7dzlEaWag\/h1000-lula-indios-1-28042023-frame-193484.jpeg 600w\" alt=\"No acampamento Terra Livre, Lula levanta faixa contra marco temporal \u2014 Foto: TV Globo\/Reprodu\u00e7\u00e3o\" \/><\/p>\n<\/div>\n<\/div>\n<\/div>\n<\/div>\n<div class=\"mc-article-body\">\n<article>\n<div id=\"chunk-atqki\">\n<div class=\"row medium-uncollapsed content-media content-photo\" data-block-type=\"backstage-photo\" data-block-id=\"1\">\n<div class=\" mc-column  content-media__container\">\n<p class=\"content-media__description  \">No acampamento Terra Livre, Lula levanta faixa contra marco temporal \u2014 Foto: TV Globo\/Reprodu\u00e7\u00e3o<\/p>\n<\/div>\n<\/div>\n<\/div>\n<div id=\"chunk-1jop0\">\n<div class=\"mc-column content-text active-extra-styles \" data-block-type=\"unstyled\" data-block-weight=\"40\" data-block-id=\"3\">\n<p class=\"content-text__container \" data-track-category=\"Link no Texto\" data-track-links=\"\">O presidente\u00a0<a class=\"\" href=\"https:\/\/g1.globo.com\/tudo-sobre\/luiz-inacio-lula-da-silva\/\">Luiz In\u00e1cio Lula da Silva<\/a>\u00a0disse nesta sexta-feira (28) que o governo vai trabalhar para demarcar o &#8220;maior n\u00famero poss\u00edvel de terras ind\u00edgenas&#8221;. A declara\u00e7\u00e3o foi dada durante evento de encerramento do acampamento ind\u00edgena Terra Livre, em Bras\u00edlia.<\/p>\n<\/div>\n<\/div>\n<div class=\"wall protected-content\">\n<div id=\"chunk-6dakp\">\n<div class=\"mc-column content-text active-extra-styles \" data-block-type=\"unstyled\" data-block-weight=\"41\" data-block-id=\"4\">\n<p class=\"content-text__container \" data-track-category=\"Link no Texto\" data-track-links=\"\">Na cerim\u00f4nia,\u00a0<a class=\"\" href=\"https:\/\/g1.globo.com\/politica\/noticia\/2023\/04\/28\/lula-homologa-da-demarcacao-de-seis-terras-indigenas-informa-planalto.ghtml\">o presidente assinou os decretos de demarca\u00e7\u00e3o de seis terras ind\u00edgenas<\/a>\u00a0(<a class=\"\" href=\"https:\/\/g1.globo.com\/politica\/noticia\/2023\/04\/28\/lula-terras-indigenas-acampamento-terra-livre.ghtml#terras\">veja quais s\u00e3o as terras<\/a>) e tamb\u00e9m levantou uma faixa contra o marco temporal sobre essas \u00e1reas, quest\u00e3o em an\u00e1lise no Supremo Tribunal Federal (<a class=\"\" href=\"https:\/\/g1.globo.com\/tudo-sobre\/supremo-tribunal-federal\/\">STF<\/a>) .<\/p>\n<\/div>\n<\/div>\n<div id=\"chunk-4sm3o\">\n<div class=\"mc-column content-text active-extra-styles \" data-block-type=\"unstyled\" data-block-weight=\"87\" data-block-id=\"5\">\n<p class=\"content-text__container \" data-track-category=\"Link no Texto\" data-track-links=\"\">&#8220;N\u00f3s vamos legalizar as terras ind\u00edgenas, \u00e9 um processo um pouco demorado. A nossa querida ministra sabe do processo. Tem que passar por muitas m\u00e3os e a gente vai ter que trabalhar. A gente vai ter que trabalhar muito para que a gente possa fazer a demarca\u00e7\u00e3o do maior n\u00famero poss\u00edvel de terras ind\u00edgenas. N\u00e3o s\u00f3 porque \u00e9 um direito de voc\u00eas, mas porque se a gente quer chegar em 2030 com desmatamento zero na Amaz\u00f4nia, a gente vai precisar de voc\u00eas como guardi\u00f5es da floresta&#8221;, disse.<\/p>\n<\/div>\n<\/div>\n<div class=\"mc-column content-text active-extra-styles\" data-block-type=\"raw\" data-block-weight=\"36\" data-block-id=\"7\">\n<blockquote class=\"content-blockquote theme-border-color-primary-before\"><p>&#8220;Eu quero n\u00e3o deixar nenhuma terra ind\u00edgena que n\u00e3o seja demarcada nesse meu mandato de quatro anos. Esse \u00e9 um compromisso que eu tenho e que eu fiz com voc\u00eas antes da campanha&#8221;, afirmou o presidente.<\/p><\/blockquote>\n<\/div>\n<div id=\"chunk-12lrm\">\n<div class=\"row medium-uncollapsed content-media content-photo\" data-block-type=\"backstage-photo\" data-block-id=\"10\">\n<div class=\" mc-column  content-media__container\">\n<div class=\"content-media-container glb-skeleton-box\">\n<figure class=\"content-media-figure\"><img class=\"i-amphtml-fill-content i-amphtml-replaced-content\" src=\"https:\/\/s2.glbimg.com\/aoiHKib8nsWp-ZEddq99k0bkKSM=\/0x0:1920x1080\/984x0\/smart\/filters:strip_icc()\/i.s3.glbimg.com\/v1\/AUTH_59edd422c0c84a879bd37670ae4f538a\/internal_photos\/bs\/2023\/0\/p\/sOYTStQTCfcSdWAwzKBg\/h1000-lula-indios-1-28042023-frame-86838.jpeg\" sizes=\"(max-width: 1707px) 648px, 100vw\" srcset=\"https:\/\/s2.glbimg.com\/x1AZhqHBFvUE8jN3t-vneqF40Ng=\/0x0:1920x1080\/1000x0\/smart\/filters:strip_icc()\/i.s3.glbimg.com\/v1\/AUTH_59edd422c0c84a879bd37670ae4f538a\/internal_photos\/bs\/2023\/0\/p\/sOYTStQTCfcSdWAwzKBg\/h1000-lula-indios-1-28042023-frame-86838.jpeg 1000w, https:\/\/s2.glbimg.com\/aoiHKib8nsWp-ZEddq99k0bkKSM=\/0x0:1920x1080\/984x0\/smart\/filters:strip_icc()\/i.s3.glbimg.com\/v1\/AUTH_59edd422c0c84a879bd37670ae4f538a\/internal_photos\/bs\/2023\/0\/p\/sOYTStQTCfcSdWAwzKBg\/h1000-lula-indios-1-28042023-frame-86838.jpeg 984w, https:\/\/s2.glbimg.com\/0X_xsaW78mVnbQsGGPMymaeoNC4=\/0x0:1920x1080\/640x0\/smart\/filters:strip_icc()\/i.s3.glbimg.com\/v1\/AUTH_59edd422c0c84a879bd37670ae4f538a\/internal_photos\/bs\/2023\/0\/p\/sOYTStQTCfcSdWAwzKBg\/h1000-lula-indios-1-28042023-frame-86838.jpeg 640w, https:\/\/s2.glbimg.com\/4jK7aPLnj21uaSsvqALJxYhFRO4=\/0x0:1920x1080\/600x0\/smart\/filters:strip_icc()\/i.s3.glbimg.com\/v1\/AUTH_59edd422c0c84a879bd37670ae4f538a\/internal_photos\/bs\/2023\/0\/p\/sOYTStQTCfcSdWAwzKBg\/h1000-lula-indios-1-28042023-frame-86838.jpeg 600w\" alt=\"Presidente Lula participa do encerramento do Acampamento Terra Livre \u2014 Foto: TV Globo\/Reprodu\u00e7\u00e3o\" \/><\/figure>\n<\/div>\n<p class=\"content-media__description  \">Presidente Lula participa do encerramento do Acampamento Terra Livre \u2014 Foto: TV Globo\/Reprodu\u00e7\u00e3o<\/p>\n<\/div>\n<\/div>\n<\/div>\n<div class=\"mc-column content-text active-extra-styles\" data-block-type=\"raw\" data-block-weight=\"9\" data-block-id=\"11\">\n<div class=\"content-intertitle\">\n<h2>Plano de carreira na\u00a0<a class=\"\" href=\"https:\/\/g1.globo.com\/tudo-sobre\/funai\/\">Funai<\/a> e sa\u00fade de ind\u00edgenas<\/h2>\n<\/div>\n<\/div>\n<div id=\"chunk-31mi0\">\n<div class=\"mc-column content-text active-extra-styles \" data-block-type=\"unstyled\" data-block-weight=\"35\" data-block-id=\"12\">\n<p class=\"content-text__container \" data-track-category=\"Link no Texto\" data-track-links=\"\">Lula ouviu pedidos de servidores da Funai por melhoras no plano de carreira e disse que o governo discutir\u00e1 o tema, porque os servidores do \u00f3rg\u00e3o n\u00e3o podem ser tratados como &#8220;trabalhadores de segunda categoria&#8221;.<\/p>\n<\/div>\n<\/div>\n<div id=\"chunk-9fm4b\">\n<div class=\"mc-column content-text active-extra-styles \" data-block-type=\"unstyled\" data-block-weight=\"34\" data-block-id=\"13\">\n<p class=\"content-text__container \" data-track-category=\"Link no Texto\" data-track-links=\"\">&#8220;N\u00f3s precisamos cuidar do plano de carreira da Funai, que possivelmente \u00e9 um dos piores planos de carreira existente no pa\u00eds. A gente vai ter que cuidar porque tem muita coisa para consertar&#8221;, afirmou.<\/p>\n<\/div>\n<\/div>\n<div id=\"chunk-d2sbo\">\n<div class=\"mc-column content-text active-extra-styles \" data-block-type=\"unstyled\" data-block-weight=\"36\" data-block-id=\"15\">\n<p class=\"content-text__container \" data-track-category=\"Link no Texto\" data-track-links=\"\">O presidente tamb\u00e9m defendeu a ado\u00e7\u00e3o de medidas para garantir a sa\u00fade dos povos ind\u00edgenas e disse que a\u00a0<a class=\"\" href=\"https:\/\/g1.globo.com\/rr\/roraima\/noticia\/2023\/03\/22\/crise-yanomami-dois-meses-depois-presenca-de-garimpeiros-impede-chegada-de-servicos-de-saude-a-comunidades-diz-davi-kopenawa.ghtml\">crise sanit\u00e1ria que atingiu o povo Yanomami<\/a>, que enfrentou casos de mal\u00e1ria e desnutri\u00e7\u00e3o, &#8220;n\u00e3o pode acontecer&#8221;.<\/p>\n<\/div>\n<\/div>\n<div id=\"chunk-81p81\">\n<div class=\"mc-column content-text active-extra-styles \" data-block-type=\"unstyled\" data-block-weight=\"75\" data-block-id=\"16\">\n<p class=\"content-text__container \" data-track-category=\"Link no Texto\" data-track-links=\"\">&#8220;N\u00f3s colocamos o ind\u00edgena para cuidar da quest\u00e3o da sa\u00fade ind\u00edgena. Ou seja, o papel do nosso companheiro respons\u00e1vel pela sa\u00fade \u00e9 cobrar do governo, cobrar do presidente da Rep\u00fablica, cobrar da ministra da Sa\u00fade, cobrar do ministro-chefe da Casa Civil, todas as coisas pertinentes \u00e0 \u00e1rea da sa\u00fade, porque a gente n\u00e3o pode deixar repetir o que aconteceu com os Yanomami l\u00e1 no estado de Roraima. N\u00e3o pode acontecer em nenhum povo ind\u00edgena&#8221;, disse.<\/p>\n<\/div>\n<\/div>\n<div class=\"mc-column content-text active-extra-styles\" data-block-type=\"raw\" data-block-weight=\"2\" data-block-id=\"17\">\n<div class=\"content-intertitle\">\n<h2>Marco temporal<\/h2>\n<\/div>\n<\/div>\n<div id=\"chunk-7vku5\">\n<div class=\"row medium-uncollapsed content-media content-photo\" data-block-type=\"backstage-photo\" data-block-id=\"18\">\n<div class=\" mc-column  content-media__container\">\n<div class=\"content-media-container glb-skeleton-box\">\n<figure class=\"content-media-figure\"><img class=\"i-amphtml-fill-content i-amphtml-replaced-content\" src=\"https:\/\/s2.glbimg.com\/r3cEv3vU8qrAkpO_NVSQJEmcKZo=\/0x0:3000x2000\/984x0\/smart\/filters:strip_icc()\/i.s3.glbimg.com\/v1\/AUTH_59edd422c0c84a879bd37670ae4f538a\/internal_photos\/bs\/2023\/q\/X\/woPoRBRZ2dXFTJ75ABIQ\/fup20230428044.jpg\" sizes=\"(max-width: 1707px) 648px, 100vw\" srcset=\"https:\/\/s2.glbimg.com\/-Ib0X3ynStDNIam3xBZJYFTD4EE=\/0x0:3000x2000\/1000x0\/smart\/filters:strip_icc()\/i.s3.glbimg.com\/v1\/AUTH_59edd422c0c84a879bd37670ae4f538a\/internal_photos\/bs\/2023\/q\/X\/woPoRBRZ2dXFTJ75ABIQ\/fup20230428044.jpg 1000w, https:\/\/s2.glbimg.com\/r3cEv3vU8qrAkpO_NVSQJEmcKZo=\/0x0:3000x2000\/984x0\/smart\/filters:strip_icc()\/i.s3.glbimg.com\/v1\/AUTH_59edd422c0c84a879bd37670ae4f538a\/internal_photos\/bs\/2023\/q\/X\/woPoRBRZ2dXFTJ75ABIQ\/fup20230428044.jpg 984w, https:\/\/s2.glbimg.com\/xnSSiYVd9g90REdH5As4D4QwUOk=\/0x0:3000x2000\/640x0\/smart\/filters:strip_icc()\/i.s3.glbimg.com\/v1\/AUTH_59edd422c0c84a879bd37670ae4f538a\/internal_photos\/bs\/2023\/q\/X\/woPoRBRZ2dXFTJ75ABIQ\/fup20230428044.jpg 640w, https:\/\/s2.glbimg.com\/0GohzAo5-MVAma41uAH-JvvMoi4=\/0x0:3000x2000\/600x0\/smart\/filters:strip_icc()\/i.s3.glbimg.com\/v1\/AUTH_59edd422c0c84a879bd37670ae4f538a\/internal_photos\/bs\/2023\/q\/X\/woPoRBRZ2dXFTJ75ABIQ\/fup20230428044.jpg 600w\" alt=\"O presidente Lula visita o Acampamento Terra Livre em Bras\u00edlia (DF), dedicado aos povos ind\u00edgenas, nesta sexta-feira (28), acompanhado de Janja, do Cacique Raoni, de Joenia Wapichana, da Ministra Marina Silva e outros. \u2014 Foto: F\u00e1TIMA MEIRA\/FUTURA PRESS\/FUTURA PRESS\/ESTAD\u00c3O CONTE\u00daDO\" \/><\/figure>\n<\/div>\n<p class=\"content-media__description  \">O presidente Lula visita o Acampamento Terra Livre em Bras\u00edlia (DF), dedicado aos povos ind\u00edgenas, nesta sexta-feira (28), acompanhado de Janja, do Cacique Raoni, de Joenia Wapichana, da Ministra Marina Silva e outros. \u2014 Foto: F\u00e1TIMA MEIRA\/FUTURA PRESS\/FUTURA PRESS\/ESTAD\u00c3O CONTE\u00daDO<\/p>\n<\/div>\n<\/div>\n<\/div>\n<div id=\"chunk-c0vuo\">\n<div class=\"mc-column content-text active-extra-styles \" data-block-type=\"unstyled\" data-block-weight=\"30\" data-block-id=\"20\">\n<p class=\"content-text__container \" data-track-category=\"Link no Texto\" data-track-links=\"\">A faixa contra o marco temporal levantada pelo presidente foi levada por um participante do acampamento. Lula pediu para que ele entregasse o material e o exibiu no palco.<\/p>\n<\/div>\n<\/div>\n<div id=\"chunk-bc671\">\n<div class=\"mc-column content-text active-extra-styles \" data-block-type=\"unstyled\" data-block-weight=\"38\" data-block-id=\"21\">\n<p class=\"content-text__container \" data-track-category=\"Link no Texto\" data-track-links=\"\">O STF analisa se a demarca\u00e7\u00e3o de terras ind\u00edgenas deve seguir o crit\u00e9rio segundo o qual ind\u00edgenas s\u00f3 podem reivindicar a demarca\u00e7\u00e3o das \u00e1reas ocupadas antes da data de promulga\u00e7\u00e3o da Constitui\u00e7\u00e3o de 1988, o chamado marco temporal.<\/p>\n<\/div>\n<\/div>\n<div id=\"chunk-eeuob\">\n<div class=\"mc-column content-text active-extra-styles \" data-block-type=\"unstyled\" data-block-weight=\"38\" data-block-id=\"24\">\n<p class=\"content-text__container \" data-track-category=\"Link no Texto\" data-track-links=\"\">O julgamento j\u00e1 come\u00e7ou,\u00a0<a class=\"\" href=\"https:\/\/g1.globo.com\/politica\/noticia\/2022\/06\/02\/stf-julgamento-marco-temporal.ghtml\">mas saiu da pauta do STF em junho de 2022<\/a>. Dois ministros votaram: relator do caso, Luiz Edson Fachin se manifestou contra a aplica\u00e7\u00e3o do marco temporal. O ministro Nunes Marques votou a favor.<\/p>\n<\/div>\n<\/div>\n<div id=\"chunk-4u3ka\">\n<div class=\"mc-column content-text active-extra-styles \" data-block-type=\"unstyled\" data-block-weight=\"44\" data-block-id=\"25\">\n<p class=\"content-text__container \" data-track-category=\"Link no Texto\" data-track-links=\"\">A an\u00e1lise do tema, contudo,\u00a0<a class=\"\" href=\"https:\/\/g1.globo.com\/politica\/ao-vivo\/supremo-julgamento-marco-temporal-terras-indigenas.ghtml\">foi interrompida em raz\u00e3o do pedido de vista<\/a>\u00a0(mais tempo para analisar o caso) apresentado pelo ministro Alexandre de Moraes.\u00a0<a class=\"\" href=\"https:\/\/g1.globo.com\/politica\/noticia\/2023\/04\/19\/rosa-weber-anuncia-retomada-de-julgamento-sobre-marco-temporal-de-terras-indigenas-em-7-de-junho.ghtml\">A presidente do STF, Rosa Weber, afirmou que o tema deve voltar a julgamento em 7 de junho.<\/a><\/p>\n<\/div>\n<\/div>\n<div id=\"chunk-2nkhm\">\n<div id=\"terras\" class=\"anchor-position\"><\/div>\n<\/div>\n<div id=\"chunk-4kg72\">\n<div class=\"content-ads content-ads--reveal\" data-block-type=\"ads\" data-block-id=\"26\">\n<div id=\"banner_materia__6f100f25-be64-4534-afca-c083e0fafec2\" class=\"tag-manager-publicidade-container mc-has-reveal mc-has-ad-lazyload tag-manager-publicidade-banner_materia__6f100f25-be64-4534-afca-c083e0fafec2 tag-manager-publicidade-container--carregado tag-manager-publicidade-container--visivel\" data-id=\"banner_materia__6f100f25-be64-4534-afca-c083e0fafec2\" data-google-query-id=\"CPmfmdT8zP4CFVhMuAQdUvEPKg\">\n<div id=\"google_ads_iframe_\/95377733\/tvg_G1\/Politica_6__container__\"><iframe loading=\"lazy\" id=\"google_ads_iframe_\/95377733\/tvg_G1\/Politica_6\" tabindex=\"0\" title=\"3rd party ad content\" role=\"region\" src=\"https:\/\/4d31f362a0eba6bad28740a5f0f2b569.safeframe.googlesyndication.com\/safeframe\/1-0-40\/html\/container.html\" name=\"\" width=\"970\" height=\"150\" frameborder=\"0\" marginwidth=\"0\" marginheight=\"0\" scrolling=\"no\" sandbox=\"allow-forms allow-popups allow-popups-to-escape-sandbox allow-same-origin allow-scripts allow-top-navigation-by-user-activation\" data-is-safeframe=\"true\" aria-label=\"Advertisement\" data-google-container-id=\"8\" data-load-complete=\"true\" data-mce-fragment=\"1\"><\/iframe><\/div>\n<\/div>\n<\/div>\n<\/div>\n<div class=\"mc-column content-text active-extra-styles\" data-block-type=\"raw\" data-block-weight=\"3\" data-block-id=\"27\">\n<p class=\"content-text__container\">\n<div class=\"content-intertitle\">\n<h2>Demarca\u00e7\u00e3o de terras<\/h2>\n<\/div>\n<p>&nbsp;<\/p>\n<\/div>\n<div id=\"chunk-519tc\">\n<div class=\"mc-column content-text active-extra-styles \" data-block-type=\"unstyled\" data-block-weight=\"13\" data-block-id=\"28\">\n<p class=\"content-text__container \" data-track-category=\"Link no Texto\" data-track-links=\"\">As seis terras ind\u00edgenas homologadas por decreto durante a cerim\u00f4nia desta sexta s\u00e3o:<\/p>\n<\/div>\n<\/div>\n<div class=\"mc-column content-text active-extra-styles\" data-block-type=\"raw\" data-block-weight=\"40\" data-block-id=\"29\">\n<p class=\"content-text__container\">\n<ul class=\"content-unordered-list\">\n<li>Arara do Rio Am\u00f4nia (AC), do povo Arara<\/li>\n<li>Kariri-Xoc\u00f3 (AL), do povo Kariri-Xoc\u00f3<\/li>\n<li>Rio dos \u00cdndios (RS), do povo Kaingang<\/li>\n<li>Trememb\u00e9 da Barra do Munda\u00fa (CE), do povo Trememb\u00e9<\/li>\n<li>Av\u00e1-Canoeiro (GO), do povo Av\u00e1-Canoeiro<\/li>\n<li>Uneiuxi (AM), do povo Maku Nad\u00ebb<\/li>\n<\/ul>\n<p>&nbsp;<\/p>\n<\/div>\n<div id=\"chunk-efpke\">\n<div class=\"mc-column content-text active-extra-styles \" data-block-type=\"unstyled\" data-block-weight=\"45\" data-block-id=\"30\">\n<p class=\"content-text__container \" data-track-category=\"Link no Texto\" data-track-links=\"\">S\u00e3o as primeiras homologa\u00e7\u00f5es de terras ind\u00edgenas do terceiro mandato de Lula e, segundo o governo, encerram um per\u00edodo de cinco anos sem demarca\u00e7\u00f5es. A homologa\u00e7\u00e3o, feita por decreto assinado pelo presidente da Rep\u00fablica, \u00e9 o \u00faltimo ato antes do registro formal da terra ind\u00edgena.<\/p>\n<\/div>\n<\/div>\n<\/div>\n<\/article>\n<\/div>\n","protected":false},"excerpt":{"rendered":"<p>Presidente assinou decretos de demarca\u00e7\u00e3o de seis \u00e1reas nesta sexta-feira (28), durante encerramento do acampamento Terra Livre. Tamb\u00e9m prometeu melhorar plano de carreira da Funai. No acampamento Terra Livre, Lula levanta faixa contra marco temporal \u2014 Foto: TV Globo\/Reprodu\u00e7\u00e3o O presidente\u00a0Luiz In\u00e1cio Lula da Silva\u00a0disse nesta sexta-feira (28) que o governo vai trabalhar para demarcar [&hellip;]<\/p>\n","protected":false},"author":2,"featured_media":0,"comment_status":"open","ping_status":"open","sticky":false,"template":"","format":"standard","meta":{"_links_to":"","_links_to_target":""},"categories":[7,9,8,1],"tags":[],"_links":{"self":[{"href":"https:\/\/www.ilheusnoticias.net.br\/v1\/wp-json\/wp\/v2\/posts\/31696"}],"collection":[{"href":"https:\/\/www.ilheusnoticias.net.br\/v1\/wp-json\/wp\/v2\/posts"}],"about":[{"href":"https:\/\/www.ilheusnoticias.net.br\/v1\/wp-json\/wp\/v2\/types\/post"}],"author":[{"embeddable":true,"href":"https:\/\/www.ilheusnoticias.net.br\/v1\/wp-json\/wp\/v2\/users\/2"}],"replies":[{"embeddable":true,"href":"https:\/\/www.ilheusnoticias.net.br\/v1\/wp-json\/wp\/v2\/comments?post=31696"}],"version-history":[{"count":1,"href":"https:\/\/www.ilheusnoticias.net.br\/v1\/wp-json\/wp\/v2\/posts\/31696\/revisions"}],"predecessor-version":[{"id":31697,"href":"https:\/\/www.ilheusnoticias.net.br\/v1\/wp-json\/wp\/v2\/posts\/31696\/revisions\/31697"}],"wp:attachment":[{"href":"https:\/\/www.ilheusnoticias.net.br\/v1\/wp-json\/wp\/v2\/media?parent=31696"}],"wp:term":[{"taxonomy":"category","embeddable":true,"href":"https:\/\/www.ilheusnoticias.net.br\/v1\/wp-json\/wp\/v2\/categories?post=31696"},{"taxonomy":"post_tag","embeddable":true,"href":"https:\/\/www.ilheusnoticias.net.br\/v1\/wp-json\/wp\/v2\/tags?post=31696"}],"curies":[{"name":"wp","href":"https:\/\/api.w.org\/{rel}","templated":true}]}}