{"id":31694,"date":"2023-04-28T13:14:58","date_gmt":"2023-04-28T16:14:58","guid":{"rendered":"https:\/\/www.ilheusnoticias.net.br\/v1\/?p=31694"},"modified":"2023-04-28T13:14:58","modified_gmt":"2023-04-28T16:14:58","slug":"governo-do-estado-publica-editais-do-sao-joao-da-bahia-2023","status":"publish","type":"post","link":"https:\/\/www.ilheusnoticias.net.br\/v1\/2023\/04\/28\/governo-do-estado-publica-editais-do-sao-joao-da-bahia-2023\/","title":{"rendered":"Governo do Estado publica editais do S\u00e3o Jo\u00e3o da Bahia 2023"},"content":{"rendered":"<div class=\"Post\">\n<div class=\"Post-body\">\n<div class=\"Post-inner article\">\n<div class=\"PostFooterIcons metadata-icons\">\n<div align=\"center\"><\/div>\n<\/div>\n<\/div>\n<\/div>\n<\/div>\n<div class=\"Post\">\n<div class=\"Post-body\">\n<div class=\"Post-inner article\">\n<div class=\"PostHeaderIcons metadata-icons\"><img src=\"http:\/\/www.blogdothame.blog.br\/v1\/wp-content\/uploads\/2023\/04\/sao-joao-da-bahia.jpg\" \/><\/div>\n<div class=\"PostContent\">\n<p>&nbsp;<\/p>\n<p>O Governo do Estado da Bahia publicou, na edi\u00e7\u00e3o do Di\u00e1rio Oficial desta quinta-feira (27), quatro editais referentes ao S\u00e3o Jo\u00e3o da Bahia e demais festejos juninos, que se realizar\u00e3o nos meses de junho e julho em Salvador. S\u00e3o editais para a sele\u00e7\u00e3o e contrata\u00e7\u00e3o de bandas e artistas, grupos de samba junino, trios\/quartetos nordestinos, al\u00e9m do edital de decora\u00e7\u00e3o do Centro Hist\u00f3rico da capital baiana.<\/p>\n<p>O projeto S\u00e3o Jo\u00e3o da Bahia 2023 \u00e9 promovido pelo Governo do Estado, por meio da Superintend\u00eancia de Fomento ao Turismo do Estado da Bahia (Sufotur). Cada edital tem suas particularidades. No entanto, todos t\u00eam inscri\u00e7\u00f5es abertas em 28 de abril at\u00e9 o dia 12 de junho. O governador Jer\u00f4nimo Rodrigues usou as redes sociais para falar sobre a publica\u00e7\u00e3o do edital, nesta quinta (27). \u201cTurma do S\u00e3o Jo\u00e3o, que curte e pratica a cultura, estou aqui para anunciar a publica\u00e7\u00e3o de edital para os festejos juninos. Investiremos quase R$ 1,5 milh\u00e3o em quatro editais. Vamos valorizar nossos artistas no maior S\u00e3o Jo\u00e3o de todos os tempos, em homenagem a Zelito Miranda\u201d.<\/p>\n<\/div>\n<\/div>\n<\/div>\n<\/div>\n","protected":false},"excerpt":{"rendered":"<p>&nbsp; O Governo do Estado da Bahia publicou, na edi\u00e7\u00e3o do Di\u00e1rio Oficial desta quinta-feira (27), quatro editais referentes ao S\u00e3o Jo\u00e3o da Bahia e demais festejos juninos, que se realizar\u00e3o nos meses de junho e julho em Salvador. S\u00e3o editais para a sele\u00e7\u00e3o e contrata\u00e7\u00e3o de bandas e artistas, grupos de samba junino, trios\/quartetos [&hellip;]<\/p>\n","protected":false},"author":2,"featured_media":0,"comment_status":"open","ping_status":"open","sticky":false,"template":"","format":"standard","meta":{"_links_to":"","_links_to_target":""},"categories":[7,9,8,1],"tags":[],"_links":{"self":[{"href":"https:\/\/www.ilheusnoticias.net.br\/v1\/wp-json\/wp\/v2\/posts\/31694"}],"collection":[{"href":"https:\/\/www.ilheusnoticias.net.br\/v1\/wp-json\/wp\/v2\/posts"}],"about":[{"href":"https:\/\/www.ilheusnoticias.net.br\/v1\/wp-json\/wp\/v2\/types\/post"}],"author":[{"embeddable":true,"href":"https:\/\/www.ilheusnoticias.net.br\/v1\/wp-json\/wp\/v2\/users\/2"}],"replies":[{"embeddable":true,"href":"https:\/\/www.ilheusnoticias.net.br\/v1\/wp-json\/wp\/v2\/comments?post=31694"}],"version-history":[{"count":1,"href":"https:\/\/www.ilheusnoticias.net.br\/v1\/wp-json\/wp\/v2\/posts\/31694\/revisions"}],"predecessor-version":[{"id":31695,"href":"https:\/\/www.ilheusnoticias.net.br\/v1\/wp-json\/wp\/v2\/posts\/31694\/revisions\/31695"}],"wp:attachment":[{"href":"https:\/\/www.ilheusnoticias.net.br\/v1\/wp-json\/wp\/v2\/media?parent=31694"}],"wp:term":[{"taxonomy":"category","embeddable":true,"href":"https:\/\/www.ilheusnoticias.net.br\/v1\/wp-json\/wp\/v2\/categories?post=31694"},{"taxonomy":"post_tag","embeddable":true,"href":"https:\/\/www.ilheusnoticias.net.br\/v1\/wp-json\/wp\/v2\/tags?post=31694"}],"curies":[{"name":"wp","href":"https:\/\/api.w.org\/{rel}","templated":true}]}}